{"id":250219,"date":"2023-08-31T16:05:58","date_gmt":"2023-08-31T20:05:58","guid":{"rendered":"https:\/\/www.ocorreionews.com.br\/acervo-correio\/?p=250219"},"modified":"2023-08-31T16:13:55","modified_gmt":"2023-08-31T20:13:55","slug":"vereador-que-sobreviveu-a-acidente-caiu-de-andaime-a-tres-metros-de-altura-dias-antes","status":"publish","type":"post","link":"https:\/\/www.ocorreionews.com.br\/acervo-correio\/?p=250219","title":{"rendered":"Vereador que sobreviveu a acidente caiu de andaime a tr\u00eas metros de altura dias antes"},"content":{"rendered":"<p>Escapar da morte uma vez j\u00e1 \u00e9 muita sorte, mas duas vezes \u00e9 um verdadeiro milagre. \u00c9 assim que o vereador Vasconcelos Gomes da Silva (PSD), da cidade de Lagoa Santa, em Goi\u00e1s, define suas \u00faltimas experi\u00eancias. Ele, que sobreviveu a um acidente &#8211; que deixou o ve\u00edculo no qual ele viajava com a esposa, totalmente destru\u00eddo -, tamb\u00e9m ficou ileso depois de cair de um andaime a tr\u00eas metros de altura.<\/p>\n<p>Os dois acidentes aconteceram em agosto. A queda foi no dia 2, quando o vereador, que tamb\u00e9m atua na \u00e1rea de constru\u00e7\u00e3o civil, estava trabalhando. J\u00e1 <a href=\"https:\/\/www.ocorreionews.com.br\/acervo-correio\/vereador-de-lagoa-santa-go-sofre-grave-acidente-em-pare-e-siga-da-br158-em-paranaiba\/\">a colis\u00e3o com um caminh\u00e3o aconteceu na ter\u00e7a-feira (29)<\/a>. Mas o que por um lado pode parecer uma mar\u00e9 de azar, para o vereador, \u00e9 muito mais que sorte.<\/p>\n<p>&#8220;\u00c9 milagre, ca\u00ed do andaime e fiquei bem e, dias depois, o acidente. Quem v\u00ea as fotos do ve\u00edculo, pensa que ningu\u00e9m sobreviveu, mas, gra\u00e7as a Deus, eu e minha esposa n\u00e3o sofremos nada, al\u00e9m de um grande susto&#8221;, relata.<\/p>\n<div><img decoding=\"async\" src=\"https:\/\/www.ocorreionews.com.br\/acervo-correio\/wp-content\/uploads\/2023\/08\/acidente-vasconcelos-2.jpg\" \/><\/div>\n<div><\/div>\n<p>O acidente aconteceu na BR-158, em um trecho da rodovia onde ocorria o sistema \u2018pare e siga\u2019 por conta de obras realizadas na pista. O vereador conta que seguia com a mulher para Parana\u00edba -MS, onde passaria por consultas m\u00e9dicas, ainda por conta da queda do andaime.<\/p>\n<p>O casal teve que parar por conta das obras na rodovia, no entanto, o motorista do caminh\u00e3o, que estava logo atr\u00e1s, n\u00e3o percebeu o bloqueio e colidiu na traseira do ve\u00edculo. Com o impacto, o carro foi jogado para o acostamento da pista.<\/p>\n<p>&#8220;Quando batemos, logo os trabalhadores que estavam na rodovia vieram nos ajudar a sair do carro. O motorista do caminh\u00e3o ficou dentro do ve\u00edculo, ele contou que estava assustado e com medo porque quando viu o carro, achou que tinha v\u00edtima, mas gra\u00e7as a Deus s\u00f3 danos materiais&#8221;, explica.<\/p>\n<p>O caminh\u00e3o pertence a uma empresa de Cassil\u00e2ndia. A suspeita \u00e9 de que o ve\u00edculo tenha apresentado problemas no sistema de freio. Segundo o vereador, o carro dele teve perda total. O ve\u00edculo \u00e9 avaliado em R$ 31.000,00, no entanto, a transportadora conta com seguro e vai arcar com as despesas.<\/p>\n<p>Para o vereador, resta s\u00f3 um sentimento, o de agradecimento. &#8220;Estamos vivos e bem. S\u00f3 ganhei um galo na cabe\u00e7a. Foi um livramento&#8221;, diz agradecido.<\/p>\n<p><img loading=\"lazy\" decoding=\"async\" class=\"alignnone size-full wp-image-250033\" src=\"https:\/\/www.ocorreionews.com.br\/acervo-correio\/wp-content\/uploads\/2023\/08\/acidente-vasconcelos-2.jpg\" sizes=\"auto, (max-width: 768px) 100vw, 768px\" srcset=\"https:\/\/www.ocorreionews.com.br\/acervo-correio\/wp-content\/uploads\/2023\/08\/acidente-vasconcelos-2.jpg 768w, https:\/\/www.ocorreionews.com.br\/acervo-correio\/wp-content\/uploads\/2023\/08\/acidente-vasconcelos-2-300x198.jpg 300w\" alt=\"\" width=\"768\" height=\"506\" \/>\u00a0<img loading=\"lazy\" decoding=\"async\" class=\"alignnone size-full wp-image-250034\" src=\"https:\/\/www.ocorreionews.com.br\/acervo-correio\/wp-content\/uploads\/2023\/08\/acidente-vasconcelos-3.jpg\" sizes=\"auto, (max-width: 765px) 100vw, 765px\" srcset=\"https:\/\/www.ocorreionews.com.br\/acervo-correio\/wp-content\/uploads\/2023\/08\/acidente-vasconcelos-3.jpg 765w, https:\/\/www.ocorreionews.com.br\/acervo-correio\/wp-content\/uploads\/2023\/08\/acidente-vasconcelos-3-300x221.jpg 300w, https:\/\/www.ocorreionews.com.br\/acervo-correio\/wp-content\/uploads\/2023\/08\/acidente-vasconcelos-3-86x64.jpg 86w\" alt=\"\" width=\"765\" height=\"564\" \/>\u00a0<img loading=\"lazy\" decoding=\"async\" class=\"alignnone size-full wp-image-250035\" src=\"https:\/\/www.ocorreionews.com.br\/acervo-correio\/wp-content\/uploads\/2023\/08\/acidente-vasconcelos-4.jpg\" sizes=\"auto, (max-width: 768px) 100vw, 768px\" srcset=\"https:\/\/www.ocorreionews.com.br\/acervo-correio\/wp-content\/uploads\/2023\/08\/acidente-vasconcelos-4.jpg 768w, https:\/\/www.ocorreionews.com.br\/acervo-correio\/wp-content\/uploads\/2023\/08\/acidente-vasconcelos-4-300x269.jpg 300w\" alt=\"\" width=\"768\" height=\"688\" \/>\u00a0<img loading=\"lazy\" decoding=\"async\" class=\"alignnone size-full wp-image-250036\" src=\"https:\/\/www.ocorreionews.com.br\/acervo-correio\/wp-content\/uploads\/2023\/08\/acidente-vasconcelos.jpg\" sizes=\"auto, (max-width: 1019px) 100vw, 1019px\" srcset=\"https:\/\/www.ocorreionews.com.br\/acervo-correio\/wp-content\/uploads\/2023\/08\/acidente-vasconcelos.jpg 1019w, https:\/\/www.ocorreionews.com.br\/acervo-correio\/wp-content\/uploads\/2023\/08\/acidente-vasconcelos-300x209.jpg 300w, https:\/\/www.ocorreionews.com.br\/acervo-correio\/wp-content\/uploads\/2023\/08\/acidente-vasconcelos-768x536.jpg 768w\" alt=\"\" width=\"1019\" height=\"711\" \/><\/p>\n<p>&nbsp;<\/p>\n<p>&nbsp;<\/p>\n<p>*Por: Aline Machado &#8211; Midiamax<\/p>\n","protected":false},"excerpt":{"rendered":"<p>Escapar da morte uma vez j\u00e1 \u00e9 muita sorte, mas duas vezes \u00e9 um verdadeiro milagre. \u00c9 assim que o vereador Vasconcelos Gomes da Silva (PSD), da cidade de Lagoa Santa, em Goi\u00e1s, define suas \u00faltimas experi\u00eancias. Ele, que sobreviveu a um acidente &#8211; que deixou o ve\u00edculo no qual ele viajava com a esposa, [&hellip;]<\/p>\n","protected":false},"author":5,"featured_media":250036,"comment_status":"closed","ping_status":"closed","sticky":false,"template":"","format":"standard","meta":{"footnotes":""},"categories":[143],"tags":[],"class_list":["post-250219","post","type-post","status-publish","format-standard","has-post-thumbnail","hentry","category-regional"],"_links":{"self":[{"href":"https:\/\/www.ocorreionews.com.br\/acervo-correio\/index.php?rest_route=\/wp\/v2\/posts\/250219","targetHints":{"allow":["GET"]}}],"collection":[{"href":"https:\/\/www.ocorreionews.com.br\/acervo-correio\/index.php?rest_route=\/wp\/v2\/posts"}],"about":[{"href":"https:\/\/www.ocorreionews.com.br\/acervo-correio\/index.php?rest_route=\/wp\/v2\/types\/post"}],"author":[{"embeddable":true,"href":"https:\/\/www.ocorreionews.com.br\/acervo-correio\/index.php?rest_route=\/wp\/v2\/users\/5"}],"replies":[{"embeddable":true,"href":"https:\/\/www.ocorreionews.com.br\/acervo-correio\/index.php?rest_route=%2Fwp%2Fv2%2Fcomments&post=250219"}],"version-history":[{"count":2,"href":"https:\/\/www.ocorreionews.com.br\/acervo-correio\/index.php?rest_route=\/wp\/v2\/posts\/250219\/revisions"}],"predecessor-version":[{"id":250223,"href":"https:\/\/www.ocorreionews.com.br\/acervo-correio\/index.php?rest_route=\/wp\/v2\/posts\/250219\/revisions\/250223"}],"wp:featuredmedia":[{"embeddable":true,"href":"https:\/\/www.ocorreionews.com.br\/acervo-correio\/index.php?rest_route=\/wp\/v2\/media\/250036"}],"wp:attachment":[{"href":"https:\/\/www.ocorreionews.com.br\/acervo-correio\/index.php?rest_route=%2Fwp%2Fv2%2Fmedia&parent=250219"}],"wp:term":[{"taxonomy":"category","embeddable":true,"href":"https:\/\/www.ocorreionews.com.br\/acervo-correio\/index.php?rest_route=%2Fwp%2Fv2%2Fcategories&post=250219"},{"taxonomy":"post_tag","embeddable":true,"href":"https:\/\/www.ocorreionews.com.br\/acervo-correio\/index.php?rest_route=%2Fwp%2Fv2%2Ftags&post=250219"}],"curies":[{"name":"wp","href":"https:\/\/api.w.org\/{rel}","templated":true}]}}