{"id":25093,"date":"2016-04-11T09:59:32","date_gmt":"2016-04-11T13:59:32","guid":{"rendered":"https:\/\/ocorreionews.com.br\/?p=25093"},"modified":"2016-04-11T09:59:32","modified_gmt":"2016-04-11T13:59:32","slug":"em-dois-dias-tres-estabelecimentos-sao-assaltados-em-costa-rica","status":"publish","type":"post","link":"https:\/\/www.ocorreionews.com.br\/acervo-correio\/?p=25093","title":{"rendered":"Em dois dias, tr\u00eas estabelecimentos s\u00e3o assaltados em Costa Rica"},"content":{"rendered":"<p>Em apenas dois dias foram registrados tr\u00eas assaltos \u00e0 estabelecimentos comerciais em Costa Rica, os roubos ocorreram no fim de semana. A crescente onda de viol\u00eancia e assaltos no munic\u00edpio t\u00eam assustado os moradores e deixado os empres\u00e1rios em alerta.<\/p>\n<p>O primeiro caso ocorreu na sexta-feira (8), por volta das 20h, em uma padaria situada \u00e0 Rua Vereador Kendi Nakai, no bairro S\u00e3o Francisco. Segundo informa\u00e7\u00f5es contidas no Boletim de Ocorr\u00eancia, os policiais receberam a den\u00fancia e ao chegarem no local foram informados pela v\u00edtima de que um indiv\u00edduo havia passado no estabelecimento e perguntado pelo hor\u00e1rio. Ap\u00f3s cerca de 20 minutos, o homem retornou ao local e, vendo que a v\u00edtima se encontrava sozinha, anunciou o assalto, solicitando toda a quantia que estava no caixa, um valor aproximado de R$900,00. Segundo a v\u00edtima, o assaltante estava armado. A v\u00edtima j\u00e1 solicitou as imagens do sistema de seguran\u00e7a para tentar identificar o ladr\u00e3o. A pol\u00edcia efetuou rondas pelas imedia\u00e7\u00f5es e n\u00e3o encontrou o suspeito.<\/p>\n<p>Ainda na noite de sexta-feira, \u00e0s 22h50, uma lanchonete localizada na Av. Jos\u00e9 Ferreira da Costa, em frente \u00e0 Funda\u00e7\u00e3o Hospitalar, tamb\u00e9m foi alvo dos bandidos. Segundo B.O, a v\u00edtima alega que um indiv\u00edduo chegou ao caixa do local e anunciou o assalto, levando a quantia de aproximadamente R$ 200,00, todo o dinheiro da noite. Aparentemente o assaltante estava armado. A pol\u00edcia esteve no local e realizou buscas pelo suspeito, por\u00e9m, n\u00e3o obteve \u00eaxito.<\/p>\n<p>No s\u00e1bado (9), um mercado na Av. Jos\u00e9 Ferreira da Costa tamb\u00e9m sofreu a a\u00e7\u00e3o dos ladr\u00f5es. Segundo Boletim de Ocorr\u00eancia, por volta das 17h30, a v\u00edtima estava no caixa do supermercado quando um elemento adentrou o local e, amea\u00e7ando sacar uma arma da cintura, levou a quantia pr\u00f3xima de R$ 1500,00. Ainda de acordo com as informa\u00e7\u00f5es da v\u00edtima registradas em B.O, havia um segundo elemento aguardando do lado de fora do local e ambos fugiram a p\u00e9. Os assaltantes n\u00e3o foram encontrados pela pol\u00edcia.<br \/>\nA pol\u00edcia segue investigando as tr\u00eas ocorr\u00eancias.<\/p>\n<p>&nbsp;<\/p>\n<div class=\"clear\"><\/div>\n<div class=\"fonte\">Fonte: MS TODO DIA<\/div>\n","protected":false},"excerpt":{"rendered":"<p>Em apenas dois dias foram registrados tr\u00eas assaltos \u00e0 estabelecimentos comerciais em Costa Rica, os roubos ocorreram no fim de semana. A crescente onda de viol\u00eancia e assaltos no munic\u00edpio t\u00eam assustado os moradores e deixado os empres\u00e1rios em alerta. O primeiro caso ocorreu na sexta-feira (8), por volta das 20h, em uma padaria situada [&hellip;]<\/p>\n","protected":false},"author":4,"featured_media":25101,"comment_status":"closed","ping_status":"closed","sticky":false,"template":"","format":"standard","meta":{"footnotes":""},"categories":[25,38],"tags":[],"class_list":["post-25093","post","type-post","status-publish","format-standard","has-post-thumbnail","hentry","category-costa-rica","category-policia"],"_links":{"self":[{"href":"https:\/\/www.ocorreionews.com.br\/acervo-correio\/index.php?rest_route=\/wp\/v2\/posts\/25093","targetHints":{"allow":["GET"]}}],"collection":[{"href":"https:\/\/www.ocorreionews.com.br\/acervo-correio\/index.php?rest_route=\/wp\/v2\/posts"}],"about":[{"href":"https:\/\/www.ocorreionews.com.br\/acervo-correio\/index.php?rest_route=\/wp\/v2\/types\/post"}],"author":[{"embeddable":true,"href":"https:\/\/www.ocorreionews.com.br\/acervo-correio\/index.php?rest_route=\/wp\/v2\/users\/4"}],"replies":[{"embeddable":true,"href":"https:\/\/www.ocorreionews.com.br\/acervo-correio\/index.php?rest_route=%2Fwp%2Fv2%2Fcomments&post=25093"}],"version-history":[{"count":0,"href":"https:\/\/www.ocorreionews.com.br\/acervo-correio\/index.php?rest_route=\/wp\/v2\/posts\/25093\/revisions"}],"wp:featuredmedia":[{"embeddable":true,"href":"https:\/\/www.ocorreionews.com.br\/acervo-correio\/index.php?rest_route=\/wp\/v2\/media\/25101"}],"wp:attachment":[{"href":"https:\/\/www.ocorreionews.com.br\/acervo-correio\/index.php?rest_route=%2Fwp%2Fv2%2Fmedia&parent=25093"}],"wp:term":[{"taxonomy":"category","embeddable":true,"href":"https:\/\/www.ocorreionews.com.br\/acervo-correio\/index.php?rest_route=%2Fwp%2Fv2%2Fcategories&post=25093"},{"taxonomy":"post_tag","embeddable":true,"href":"https:\/\/www.ocorreionews.com.br\/acervo-correio\/index.php?rest_route=%2Fwp%2Fv2%2Ftags&post=25093"}],"curies":[{"name":"wp","href":"https:\/\/api.w.org\/{rel}","templated":true}]}}