{"id":25100,"date":"2016-04-11T10:00:21","date_gmt":"2016-04-11T14:00:21","guid":{"rendered":"https:\/\/ocorreionews.com.br\/?p=25100"},"modified":"2016-04-11T10:00:21","modified_gmt":"2016-04-11T14:00:21","slug":"procon-determina-prazo-e-operadora-tim-tem-ate-o-dia-30-de-abril-para-instalar-cobertura-3g-em-costa-rica","status":"publish","type":"post","link":"https:\/\/www.ocorreionews.com.br\/acervo-correio\/?p=25100","title":{"rendered":"PROCON determina prazo e operadora TIM tem at\u00e9 o dia 30 de abril para instalar cobertura 3G em Costa Rica"},"content":{"rendered":"<p style=\"text-align: justify;\">Conforme informa\u00e7\u00f5es do coordenador do PROCON de Costa Rica \u2013 MS, Walder de Freitas \u2018Wald\u00e3o\u2019, a operadora TIM tem at\u00e9 o dia 30 de abril para instalar a cobertura 3G na cidade.<\/p>\n<p style=\"text-align: justify;\">A not\u00edcia \u00e9 uma resposta \u00e0 solicita\u00e7\u00e3o do coordenador que h\u00e1 dois anos participa de reuni\u00f5es e trocas de of\u00edcios com a operadora. \u201cA operadora TI firmou um compromisso de que at\u00e9 a data de 30 de abril de 2016 ser\u00e1 instalada a cobertura 3G para conex\u00e3o r\u00e1pida com a internet atrav\u00e9s de celulares e tablets que possuem essa tecnologia em Costa Rica\u201d, contou o gestor.<\/p>\n<p style=\"text-align: justify;\">Segundo Walder Freitas, a empresa afirmou que pretende efetuar a expans\u00e3o da cobertura m\u00f3vel do 2G para o 3G com o objetivo de conquistar novos clientes e ampliar o mercado na cidade. Al\u00e9m de implantar novos equipamentos. Ele explica ainda que a negocia\u00e7\u00e3o come\u00e7ou com a operadora OI, depois com a Vivo e ap\u00f3s uma decis\u00e3o da Anatel &#8211; Ag\u00eancia Nacional de Telecomunica\u00e7\u00f5es &#8211; a responsabilidade ficou por conta da TIM.<\/p>\n<p style=\"text-align: justify;\">\u201cEstou ainda tendo reuni\u00e3o com a TIM para que esse prazo diminua ainda mais, por\u00e9m o gasto para a operadora \u00e9 alto e o lucro \u00e9 baixo. No dia 11 deste m\u00eas tenho reuni\u00e3o com a Anatel e no dia 12 a reuni\u00e3o \u00e9 com a Tim e a Vivo\u201d, declara Wald\u00e3o ao afirmar que na cidade de Costa Rica 85% das linhas ativas s\u00e3o da operadora Vivo, 10% s\u00e3o da TIM e 5% s\u00e3o linhas Oi e Claro. \u201cEstou em contato com a Vivo, tentando conscientizar a import\u00e2ncia dela em nossa cidade\u201d, ressalta.<\/p>\n<p style=\"text-align: justify;\">De acordo com as regras, para que uma cidade tenha 3G, \u00e9 necess\u00e1ria uma regulamenta\u00e7\u00e3o da Anatel. Para as cidades com mais de 100 mil habitantes \u00e9 obrigat\u00f3ria a presen\u00e7a do sinal 3G. Para cidades entre 30 e 100 mil habitantes, o prazo para que tenham o sinal 3G \u00e9 dezembro de 2017. J\u00e1 para as cidades com menos de 30 mil habitantes, o prazo para que tenham o sinal 3G instalado \u00e9 at\u00e9 31 de dezembro de 2019.<\/p>\n","protected":false},"excerpt":{"rendered":"<p>Conforme informa\u00e7\u00f5es do coordenador do PROCON de Costa Rica \u2013 MS, Walder de Freitas \u2018Wald\u00e3o\u2019, a operadora TIM tem at\u00e9 o dia 30 de abril para instalar a cobertura 3G na cidade. A not\u00edcia \u00e9 uma resposta \u00e0 solicita\u00e7\u00e3o do coordenador que h\u00e1 dois anos participa de reuni\u00f5es e trocas de of\u00edcios com a operadora. [&hellip;]<\/p>\n","protected":false},"author":4,"featured_media":25103,"comment_status":"closed","ping_status":"closed","sticky":false,"template":"","format":"standard","meta":{"footnotes":""},"categories":[25],"tags":[],"class_list":["post-25100","post","type-post","status-publish","format-standard","has-post-thumbnail","hentry","category-costa-rica"],"_links":{"self":[{"href":"https:\/\/www.ocorreionews.com.br\/acervo-correio\/index.php?rest_route=\/wp\/v2\/posts\/25100","targetHints":{"allow":["GET"]}}],"collection":[{"href":"https:\/\/www.ocorreionews.com.br\/acervo-correio\/index.php?rest_route=\/wp\/v2\/posts"}],"about":[{"href":"https:\/\/www.ocorreionews.com.br\/acervo-correio\/index.php?rest_route=\/wp\/v2\/types\/post"}],"author":[{"embeddable":true,"href":"https:\/\/www.ocorreionews.com.br\/acervo-correio\/index.php?rest_route=\/wp\/v2\/users\/4"}],"replies":[{"embeddable":true,"href":"https:\/\/www.ocorreionews.com.br\/acervo-correio\/index.php?rest_route=%2Fwp%2Fv2%2Fcomments&post=25100"}],"version-history":[{"count":0,"href":"https:\/\/www.ocorreionews.com.br\/acervo-correio\/index.php?rest_route=\/wp\/v2\/posts\/25100\/revisions"}],"wp:featuredmedia":[{"embeddable":true,"href":"https:\/\/www.ocorreionews.com.br\/acervo-correio\/index.php?rest_route=\/wp\/v2\/media\/25103"}],"wp:attachment":[{"href":"https:\/\/www.ocorreionews.com.br\/acervo-correio\/index.php?rest_route=%2Fwp%2Fv2%2Fmedia&parent=25100"}],"wp:term":[{"taxonomy":"category","embeddable":true,"href":"https:\/\/www.ocorreionews.com.br\/acervo-correio\/index.php?rest_route=%2Fwp%2Fv2%2Fcategories&post=25100"},{"taxonomy":"post_tag","embeddable":true,"href":"https:\/\/www.ocorreionews.com.br\/acervo-correio\/index.php?rest_route=%2Fwp%2Fv2%2Ftags&post=25100"}],"curies":[{"name":"wp","href":"https:\/\/api.w.org\/{rel}","templated":true}]}}