{"id":251057,"date":"2023-09-09T14:33:15","date_gmt":"2023-09-09T18:33:15","guid":{"rendered":"https:\/\/www.ocorreionews.com.br\/acervo-correio\/?p=251057"},"modified":"2023-09-09T14:33:15","modified_gmt":"2023-09-09T18:33:15","slug":"pistoleiros-disparam-mais-de-50-tiros-contra-casa-de-juizas-na-fronteira-com-mato-grosso-do-sul","status":"publish","type":"post","link":"https:\/\/www.ocorreionews.com.br\/acervo-correio\/?p=251057","title":{"rendered":"Pistoleiros disparam mais de 50 tiros contra casa de ju\u00edzas na fronteira com Mato Grosso do Sul"},"content":{"rendered":"<div class=\"elementor-element elementor-element-33095f69 elementor-widget elementor-widget-theme-post-content\" data-id=\"33095f69\" data-element_type=\"widget\" data-widget_type=\"theme-post-content.default\">\n<div class=\"elementor-widget-container\">\n<p>Agentes da 13\u00aa Delegacia do bairro Guarani investigam ataques de pistoleiros contra resid\u00eancias de duas magistradas da\u00a0<a class=\"st_tag internal_tag \" title=\"Not\u00edcias sobre Justi\u00e7a\" href=\"https:\/\/midiamax.uol.com.br\/tag\/justica\/\" rel=\"tag\">Justi\u00e7a<\/a>\u00a0do Paraguai. Os disparos aconteceram na madrugada desse s\u00e1bado (09) em Pedro Juan Caballero, na fronteira com\u00a0<a class=\"st_tag internal_tag \" title=\"\u00daltimas Not\u00edcias de Ponta Por\u00e3\" href=\"https:\/\/midiamax.uol.com.br\/municipios\/ponta-pora\/\" rel=\"tag\">Ponta Por\u00e3<\/a>, no Mato Grosso do Sul.<\/p>\n<p>Segundo informa\u00e7\u00f5es da Pol\u00edcia Nacional, v\u00e1rios\u00a0<a class=\"st_tag internal_tag \" title=\"Not\u00edcias sobre tiros\" href=\"https:\/\/midiamax.uol.com.br\/tag\/tiros\/\" rel=\"tag\">tiros<\/a>\u00a0de pistola foram disparados contra a resid\u00eancia da ju\u00edza criminal da cidade fronteiri\u00e7a, Mirna Carolina Ocampo Ram\u00edrez. Ela mora com a irm\u00e3 Vivian Qui\u00f1ones, que tamb\u00e9m \u00e9 magistrada em Capit\u00e1n Bado.<\/p>\n<p>Os ataques ocorreram na Rua Cerro Leon, entre Iturbe e Avenida Carlos Domingues. Segundo testemunhas, dois pistoleiros estavam em uma\u00a0<a class=\"st_tag internal_tag \" title=\"Not\u00edcias sobre motocicleta\" href=\"https:\/\/midiamax.uol.com.br\/tag\/motocicleta\/\" rel=\"tag\">motocicleta<\/a>\u00a0e abriram fogo contra a resid\u00eancia das irm\u00e3s.<\/p>\n<div><\/div>\n<div><\/div>\n<figure class=\"wp-block-image size-full\"><img loading=\"lazy\" decoding=\"async\" class=\"wp-image-1587088 entered lazyloaded\" src=\"https:\/\/midiamaxproducao.s3.amazonaws.com\/wp-content\/uploads\/2023\/09\/09080631\/Ataques-juiza.jpg\" sizes=\"auto, (max-width: 1300px) 100vw, 1300px\" srcset=\"https:\/\/midiamaxproducao.s3.amazonaws.com\/wp-content\/uploads\/2023\/09\/09080631\/Ataques-juiza.jpg 1300w, https:\/\/midiamaxproducao.s3.amazonaws.com\/wp-content\/uploads\/2023\/09\/09080631\/Ataques-juiza-300x135.jpg 300w, https:\/\/midiamaxproducao.s3.amazonaws.com\/wp-content\/uploads\/2023\/09\/09080631\/Ataques-juiza-150x68.jpg 150w\" alt=\"\" width=\"1300\" height=\"585\" data-lazy-srcset=\"https:\/\/midiamaxproducao.s3.amazonaws.com\/wp-content\/uploads\/2023\/09\/09080631\/Ataques-juiza.jpg 1300w, https:\/\/midiamaxproducao.s3.amazonaws.com\/wp-content\/uploads\/2023\/09\/09080631\/Ataques-juiza-300x135.jpg 300w, https:\/\/midiamaxproducao.s3.amazonaws.com\/wp-content\/uploads\/2023\/09\/09080631\/Ataques-juiza-150x68.jpg 150w\" data-lazy-sizes=\"(max-width: 1300px) 100vw, 1300px\" data-lazy-src=\"https:\/\/midiamaxproducao.s3.amazonaws.com\/wp-content\/uploads\/2023\/09\/09080631\/Ataques-juiza.jpg\" data-ll-status=\"loaded\" \/><figcaption class=\"wp-element-caption\">Magistrados paraguaios pedem apura\u00e7\u00e3o rigorosa (Foto Divulga\u00e7\u00e3o)<\/figcaption><\/figure>\n<p>No local, os agentes da Pol\u00edcia Nacional recolheram 56 cartuchos de balas 9 mil\u00edmetros. As imagens do circuito de c\u00e2meras est\u00e3o sendo analisadas pelos investigadores. Magistrados paraguaios pedem apura\u00e7\u00e3o rigorosa sobre o caso.<\/p>\n<\/div>\n<\/div>\n<div class=\"elementor-element elementor-element-8a25d07 elementor-widget elementor-widget-html\" data-id=\"8a25d07\" data-element_type=\"widget\" data-widget_type=\"html.default\">\n<div class=\"elementor-widget-container\">\n<div class=\"elementor-element elementor-element-1944f35 post-author elementor-widget__width-auto elementor-widget elementor-widget-shortcode\" data-id=\"1944f35\" data-element_type=\"widget\" data-widget_type=\"shortcode.default\">\n<div class=\"elementor-widget-container\">\n<div class=\"elementor-shortcode\">Marcos Morandi<\/div>\n<\/div>\n<\/div>\n<div class=\"elementor-element elementor-element-ec9eab2 elementor-widget__width-auto elementor-widget elementor-widget-text-editor\" data-id=\"ec9eab2\" data-element_type=\"widget\" data-widget_type=\"text-editor.default\">midiamax<\/div>\n<\/div>\n<\/div>\n","protected":false},"excerpt":{"rendered":"<p>Agentes da 13\u00aa Delegacia do bairro Guarani investigam ataques de pistoleiros contra resid\u00eancias de duas magistradas da\u00a0Justi\u00e7a\u00a0do Paraguai. Os disparos aconteceram na madrugada desse s\u00e1bado (09) em Pedro Juan Caballero, na fronteira com\u00a0Ponta Por\u00e3, no Mato Grosso do Sul. Segundo informa\u00e7\u00f5es da Pol\u00edcia Nacional, v\u00e1rios\u00a0tiros\u00a0de pistola foram disparados contra a resid\u00eancia da ju\u00edza criminal da [&hellip;]<\/p>\n","protected":false},"author":4,"featured_media":251058,"comment_status":"closed","ping_status":"closed","sticky":false,"template":"","format":"standard","meta":{"footnotes":""},"categories":[33,38],"tags":[],"class_list":["post-251057","post","type-post","status-publish","format-standard","has-post-thumbnail","hentry","category-mundo","category-policia"],"_links":{"self":[{"href":"https:\/\/www.ocorreionews.com.br\/acervo-correio\/index.php?rest_route=\/wp\/v2\/posts\/251057","targetHints":{"allow":["GET"]}}],"collection":[{"href":"https:\/\/www.ocorreionews.com.br\/acervo-correio\/index.php?rest_route=\/wp\/v2\/posts"}],"about":[{"href":"https:\/\/www.ocorreionews.com.br\/acervo-correio\/index.php?rest_route=\/wp\/v2\/types\/post"}],"author":[{"embeddable":true,"href":"https:\/\/www.ocorreionews.com.br\/acervo-correio\/index.php?rest_route=\/wp\/v2\/users\/4"}],"replies":[{"embeddable":true,"href":"https:\/\/www.ocorreionews.com.br\/acervo-correio\/index.php?rest_route=%2Fwp%2Fv2%2Fcomments&post=251057"}],"version-history":[{"count":2,"href":"https:\/\/www.ocorreionews.com.br\/acervo-correio\/index.php?rest_route=\/wp\/v2\/posts\/251057\/revisions"}],"predecessor-version":[{"id":251060,"href":"https:\/\/www.ocorreionews.com.br\/acervo-correio\/index.php?rest_route=\/wp\/v2\/posts\/251057\/revisions\/251060"}],"wp:featuredmedia":[{"embeddable":true,"href":"https:\/\/www.ocorreionews.com.br\/acervo-correio\/index.php?rest_route=\/wp\/v2\/media\/251058"}],"wp:attachment":[{"href":"https:\/\/www.ocorreionews.com.br\/acervo-correio\/index.php?rest_route=%2Fwp%2Fv2%2Fmedia&parent=251057"}],"wp:term":[{"taxonomy":"category","embeddable":true,"href":"https:\/\/www.ocorreionews.com.br\/acervo-correio\/index.php?rest_route=%2Fwp%2Fv2%2Fcategories&post=251057"},{"taxonomy":"post_tag","embeddable":true,"href":"https:\/\/www.ocorreionews.com.br\/acervo-correio\/index.php?rest_route=%2Fwp%2Fv2%2Ftags&post=251057"}],"curies":[{"name":"wp","href":"https:\/\/api.w.org\/{rel}","templated":true}]}}