{"id":251061,"date":"2023-09-09T15:39:04","date_gmt":"2023-09-09T19:39:04","guid":{"rendered":"https:\/\/www.ocorreionews.com.br\/acervo-correio\/?p=251061"},"modified":"2023-09-09T15:39:04","modified_gmt":"2023-09-09T19:39:04","slug":"familia-pede-ajuda-para-encontrar-homem-desaparecido-ha-9-dias-em-costa-rica","status":"publish","type":"post","link":"https:\/\/www.ocorreionews.com.br\/acervo-correio\/?p=251061","title":{"rendered":"Fam\u00edlia pede ajuda para encontrar homem desaparecido h\u00e1 9 dias em Costa Rica"},"content":{"rendered":"<blockquote>\n<h6 class=\"articleSubTitle\">Wesley foi visto pela \u00faltima vez no dia 30 de agosto e os m\u00f3veis da casa estavam todos destru\u00eddos<\/h6>\n<\/blockquote>\n<p>Geslane Rezende Garcia, 44 anos, pede ajuda da popula\u00e7\u00e3o de Costa Rica para encontrar o irm\u00e3o Wesley Rezende Garcia, 39 anos, desaparecido desde o dia 30 de agosto.<\/p>\n<p>Ela disse ao site MS Todo Dia, que a ch\u00e1cara onde o irm\u00e3o morava tinha objetos quebrados.<\/p>\n<p>\u201cEle tem epilepsia, problema com \u00e1lcool. Ele foi visto h\u00e1 9 dias. Entramos na casa dele, tinham m\u00f3veis quebrados.<\/p>\n<p>Ele estava morando com uma mulher, que se identificou como Lucilene h\u00e1 4 meses. Ela chegou na casa da minha m\u00e3e procurando meu irm\u00e3o e depois desapareceu. Eu vi que tinha um motorista de aplicativo esperando ela no dia.<\/p>\n<p>N\u00e3o sabemos o que aconteceu\u201d, diz Geslane.<\/p>\n<p>A aut\u00f4noma afirma que o documento da ch\u00e1cara onde Wesley morava desapareceu.<\/p>\n<p>\u201cO documento est\u00e1 no nome da minha m\u00e3e. J\u00e1 entramos na mata para procurar ele, estamos muito preocupados. Minha m\u00e3e est\u00e1 desesperada. Desconfiamos que algu\u00e9m pode ter feito mal para ele\u201d, diz a irm\u00e3.<\/p>\n<p>O desaparecimento foi registrado na Delegacia de Pol\u00edcia Civil e a pol\u00edcia deve realizar uma varredura na regi\u00e3o neste s\u00e1bado (9).<br \/>\nSe voc\u00ea tem alguma informa\u00e7\u00e3o sobre Wesley ligue (67) 99909-2011.<\/p>\n<p>mstododia<\/p>\n","protected":false},"excerpt":{"rendered":"<p>Wesley foi visto pela \u00faltima vez no dia 30 de agosto e os m\u00f3veis da casa estavam todos destru\u00eddos Geslane Rezende Garcia, 44 anos, pede ajuda da popula\u00e7\u00e3o de Costa Rica para encontrar o irm\u00e3o Wesley Rezende Garcia, 39 anos, desaparecido desde o dia 30 de agosto. Ela disse ao site MS Todo Dia, que [&hellip;]<\/p>\n","protected":false},"author":4,"featured_media":251062,"comment_status":"closed","ping_status":"closed","sticky":false,"template":"","format":"standard","meta":{"footnotes":""},"categories":[25,41,38],"tags":[],"class_list":["post-251061","post","type-post","status-publish","format-standard","has-post-thumbnail","hentry","category-costa-rica","category-destaque","category-policia"],"_links":{"self":[{"href":"https:\/\/www.ocorreionews.com.br\/acervo-correio\/index.php?rest_route=\/wp\/v2\/posts\/251061","targetHints":{"allow":["GET"]}}],"collection":[{"href":"https:\/\/www.ocorreionews.com.br\/acervo-correio\/index.php?rest_route=\/wp\/v2\/posts"}],"about":[{"href":"https:\/\/www.ocorreionews.com.br\/acervo-correio\/index.php?rest_route=\/wp\/v2\/types\/post"}],"author":[{"embeddable":true,"href":"https:\/\/www.ocorreionews.com.br\/acervo-correio\/index.php?rest_route=\/wp\/v2\/users\/4"}],"replies":[{"embeddable":true,"href":"https:\/\/www.ocorreionews.com.br\/acervo-correio\/index.php?rest_route=%2Fwp%2Fv2%2Fcomments&post=251061"}],"version-history":[{"count":1,"href":"https:\/\/www.ocorreionews.com.br\/acervo-correio\/index.php?rest_route=\/wp\/v2\/posts\/251061\/revisions"}],"predecessor-version":[{"id":251063,"href":"https:\/\/www.ocorreionews.com.br\/acervo-correio\/index.php?rest_route=\/wp\/v2\/posts\/251061\/revisions\/251063"}],"wp:featuredmedia":[{"embeddable":true,"href":"https:\/\/www.ocorreionews.com.br\/acervo-correio\/index.php?rest_route=\/wp\/v2\/media\/251062"}],"wp:attachment":[{"href":"https:\/\/www.ocorreionews.com.br\/acervo-correio\/index.php?rest_route=%2Fwp%2Fv2%2Fmedia&parent=251061"}],"wp:term":[{"taxonomy":"category","embeddable":true,"href":"https:\/\/www.ocorreionews.com.br\/acervo-correio\/index.php?rest_route=%2Fwp%2Fv2%2Fcategories&post=251061"},{"taxonomy":"post_tag","embeddable":true,"href":"https:\/\/www.ocorreionews.com.br\/acervo-correio\/index.php?rest_route=%2Fwp%2Fv2%2Ftags&post=251061"}],"curies":[{"name":"wp","href":"https:\/\/api.w.org\/{rel}","templated":true}]}}