{"id":251070,"date":"2023-09-10T08:38:35","date_gmt":"2023-09-10T12:38:35","guid":{"rendered":"https:\/\/www.ocorreionews.com.br\/acervo-correio\/?p=251070"},"modified":"2023-09-10T08:38:35","modified_gmt":"2023-09-10T12:38:35","slug":"alcinopolis-vai-realizar-o-1o-encontro-de-arqueologia-e-iii-workshop-da-trilha-rupestre","status":"publish","type":"post","link":"https:\/\/www.ocorreionews.com.br\/acervo-correio\/?p=251070","title":{"rendered":"Alcin\u00f3polis vai realizar o 1\u00ba Encontro de Arqueologia e III Workshop da Trilha Rupestre"},"content":{"rendered":"<p>Alcin\u00f3polis \u201cA Capital Estadual da arte Rupestre\u201d, estar\u00e1 realizando o 1\u00ba Encontro de Arqueologia e III Workshop da Trilha Rupestre, no dia 02 a 06 de outubro de 2023, na C\u00e2mara Municipal de Alcin\u00f3polis no Plen\u00e1rio Adolfo Alves Carneiro, avenida Averaldo Fernandes Barbosa, 1.241.<\/p>\n<p><strong>PROGRAMA\u00c7\u00c3O;<\/strong><\/p>\n<p><strong>DIA &#8211; 02\/10<\/strong>, segunda-feira. Abertura da Semana da Arte Rupestre.<\/p>\n<p><strong>8h &#8211;<\/strong> Lan\u00e7amento do Livro \u201cAlcin\u00f3polis: uma galeria natural de arte rupestre\u201d.<\/p>\n<p>&nbsp;<\/p>\n<p><strong>10h &#8211;<\/strong> Palestra: Educa\u00e7\u00e3o Ambiental e sua contribui\u00e7\u00e3o para a preserva\u00e7\u00e3o de S\u00edtios Arqueol\u00f3gicos.<\/p>\n<p><strong>Prof.(a) Me. Luana Moura Pinto.<\/strong><\/p>\n<p>Gradua\u00e7\u00e3o em Arquivologia Bacharelado pela UNIRIO 2005-2010. Gradua\u00e7\u00e3o em Geografia Bacharelado pela UFMS em 2015- 2019, Mestranda em Ensino de Ci\u00eancias, \u00e1rea Educa\u00e7\u00e3o Ambiental.<\/p>\n<p><strong>13h \u2013<\/strong> Palestra: A import\u00e2ncia da Arqueologia de Mato Grosso do Sul no cen\u00e1rio nacional.Arque\u00f3logo Prof. Dr. Gilson Rodolfo Martins\u00a0Bacharel em Hist\u00f3ria pela Universidade de S\u00e3o Paulo (1976) e doutor em Arqueologia pela Universidade de S\u00e3o Paulo (1996). Foi criador e diretor do Museu de Arqueologia da Universidade Federal de Mato Grosso do Sul (MUARQ-LPA\/UFMS) e professor titular de Arqueologia Pr\u00e9-hist\u00f3rica da Universidade Federal de Mato Grosso do Sul.<\/p>\n<p><strong>15h \u2013<\/strong> Palestra: Os desafios para a preserva\u00e7\u00e3o dos s\u00edtios arqueol\u00f3gicos de arte rupestre em Goi\u00e1s.<\/p>\n<p><strong>Prof.(a) Me. Grazieli Pacelli Proc\u00f3pio (PUC-Goi\u00e1s).<\/strong><\/p>\n<p>Graduada em arqueologia e mestre em hist\u00f3ria pela Pontif\u00edcia Universidade Cat\u00f3lica de Goi\u00e1s. Foi bolsista CNPq e FAPEG entre os anos de 2018 e 2023, onde desenvolveu pesquisas sobre os grafismos rupestres em Palestina de Goi\u00e1s, o que resultou em largos trabalhos de monografia e disserta\u00e7\u00e3o. Desde de 2017, tem atuado em diferentes projetos arqueol\u00f3gicos pelo Brasil, no \u00e2mbito do licenciamento ambiental. Recentemente, participou como pesquisadora convidada, do Programa Arqueol\u00f3gico Intercultural do Noroeste Amaz\u00f4nico (PARIN\u00c3), pelo N\u00facleo de Arqueologia do Museu da Amaz\u00f4nia (MUSA) em Manaus, em parceria com diferentes institui\u00e7\u00f5es e universidades nacionais e internacionais. \u00c9 autora do livro do livro: Os grafismos Rupestres no Abrigo do \u00cdndio em Palestina de Goi\u00e1s: espacialidade e visibilidade. E atualmente est\u00e1 trabalhando para a publica\u00e7\u00e3o de sua segunda obra.<\/p>\n<p><strong>DIA &#8211; 03\/10,<\/strong> ter\u00e7a-feira. III Workshop da Trilha Rupestre.<\/p>\n<p><strong>8h \u2013<\/strong> Abertura do Workshop.<\/p>\n<p><strong>Palestra:<\/strong> A trilha Rupestre \u2013 rumos e metas.<\/p>\n<p><strong>Arque\u00f3loga e Diretora da Populariza\u00e7\u00e3o da Ci\u00eancia Dr. (a) Lia Raquel Toledo Brambilla Gasques (UFMS).\u00a0<\/strong><\/p>\n<p>Graduada em Letras &#8211; Portugu\u00eas e Espanhol pela Universidade Federal de Mato Grosso do Sul (2003), graduada em Hist\u00f3ria pelo IBRA Instituto Educacional (2021), mestrado em Arqueologia Pr\u00e9-hist\u00f3rica pela Universitat Aut\u00f4noma de Barcelona &#8211; UAB (2010) e doutorado em ARQUEOLOGIA PR\u00c9-HIST\u00d3RICA pela Universitat Aut\u00f2noma de Barcelona &#8211; UAB (2021). P\u00f3s-doutorado pelo programa de p\u00f3s-gradua\u00e7\u00e3o em Biologia vegetal &#8211; INBIO UFMS.<\/p>\n<p><strong>Palestra: <\/strong>A trilha Rupestre \u2013 rumos e metas.<\/p>\n<p><strong>Prof. Dr. Ivo Leite Filho (UFMS).<\/strong><\/p>\n<p>Licenciado em Qu\u00edmica pela Universidade Federal de Mato Grosso do Sul (1988), com Mestrado em Educa\u00e7\u00e3o no Grupo de Ensino de Ci\u00eancias e Matem\u00e1tica pela Universidade Federal de Mato Grosso do Sul (1997) e Doutorado em Educa\u00e7\u00e3o pela Universidade de S\u00e3o Paulo (2003).<\/p>\n<p><strong>9h &#8211;<\/strong> Oficina de Bioeconomia &#8211; Eixos Alimentos e Cosm\u00e9ticos.<\/p>\n<p><strong>Prof. (a) Dr.(a) Raquel Pires Campos (UFMS).<\/strong><\/p>\n<p>Possui gradua\u00e7\u00e3o em Agronomia pela Universidade Estadual Paulista J\u00falio de Mesquita Filho (1991), mestrado em Engenharia Agr\u00edcola pela Universidade Estadual de Campinas (1995), especializa\u00e7\u00e3o em Seguran\u00e7a e Qualidade de Alimentos (2003), doutorado em Produ\u00e7\u00e3o Vegetal pela Universidade Estadual de Maring\u00e1 (2008) e p\u00f3s-doutorado em Economia Agr\u00edcola pela Escola Superior de Agricultura Lu\u00eds de Queiroz ESALQ\/USP.<\/p>\n<p><strong>Prof.(a) Dr.(a) N\u00eddia Cristiane Yoshida (UFMS).<\/strong><\/p>\n<p>Formada em farm\u00e1cia pela UFMS, doutora em qu\u00edmica pela USP, professora e pesquisadora do Instituto de Qu\u00edmica da UFMS, especialista na \u00e1rea de Qu\u00edmica dos produtos naturais.<\/p>\n<p><strong>13h \u2013<\/strong> Palestra: Biodiversidade de plantas em unidades de conserva\u00e7\u00e3o.<\/p>\n<p><strong>Pfr.(a) Dr(a). Suzana Neves Moreira (UEMS)<\/strong><\/p>\n<p>Graduada em Ci\u00eancias Biol\u00f3gicas pela Universidade Cat\u00f3lica Dom Bosco (UCDB) em Campo Grande\/MS de 2005 a 2008. Mestrado em Biologia Vegetal pela Universidade Federal de Mato Grosso do Sul (UFMS) de Campo Grande\/MS no ano de 2009 a 2011, e doutorado no ano de 2011 a 2015 na Universidade Federal de Minas Gerais (UFMG) em Belo Horizonte. Atualmente \u00e9 professora da Universidade Estadual de Mato Grosso do Sul (UEMS), atuando em Campo Grande no curso de Ci\u00eancias Biol\u00f3gicas e coordenadora dos cursos de Ci\u00eancias Biol\u00f3gicas e Gest\u00e3o Ambiental na unidade da UEMS de Coxim\/MS.<\/p>\n<p><strong>15h \u2013<\/strong> Reuni\u00e3o de consulta p\u00fablica \u00e0 popula\u00e7\u00e3o de Alcin\u00f3polis \u2013 MS \u2013 Equipe Trilha Rupestre.<\/p>\n<p><strong>DIA &#8211; 04\/10,<\/strong> quarta-feira.<\/p>\n<p>&#8211; Encerramento do III Workshop da Trilha Rupestre.<\/p>\n<p><strong>8h \u2013<\/strong> Palestra: A import\u00e2ncia da Educa\u00e7\u00e3o patrimonial.<\/p>\n<p><strong>Antrop\u00f3loga Ms. Laura Roseli Pael Duarte (UFMS) (confirmado).<\/strong><\/p>\n<p>Possui gradua\u00e7\u00e3o em Hist\u00f3ria (Licenciatura) pela Universidade Federal de Mato Grosso do Sul, especialista em Educa\u00e7\u00e3o Ambiental em Espa\u00e7os Educadores Sustent\u00e1veis pela Universidade Federal de Mato Grosso do Sul (UFMS) e mestre em Antropologia da Universidade Federal da Grande Dourados (UFGD), doutoranda em Ensino de Ci\u00eancias &#8211; INFI\/UFMS.<\/p>\n<p><strong>9h \u2013<\/strong> Palestra: \u00a0Geoparques: estrat\u00e9gia para o desenvolvimento regional sustent\u00e1vel<\/p>\n<p><strong>Prof.(a) Dr.(a) Jaciele Carine Vidor Sell, (UFSM).<\/strong><\/p>\n<p>Doutora em Geografia pela Universidade Federal de Santa Maria &#8211; UFSM, Pr\u00f3-Reitora Adjunta de Extens\u00e3o da UFSM e Diretora do Quarta Col\u00f4nia Geoparque Mundial da UNESCO.<\/p>\n<p><strong>Cl\u00f3vis Alberto Montagner (Prefeito de Faxinal do Saturno).<\/strong><\/p>\n<p>Bacharel em Ci\u00eancias Cont\u00e1beis (UFSM)<\/p>\n<p><strong>10h \u2013<\/strong> Palestra: As caracter\u00edsticas Geopaleontol\u00f3gicas da regi\u00e3o de Alcin\u00f3polis.<\/p>\n<p><strong>Prof.(a) Dr.(a) Sandra Garcia Gabas (UFMS).<\/strong><\/p>\n<p>Possui gradua\u00e7\u00e3o em Geologia pelo Instituto de Geoci\u00eancias &#8211; USP (1990), mestrado em Engenharia de Minas pela Escola Polit\u00e9cnica &#8211; USP (1999) e doutorado em Engenharia Civil pela Escola Polit\u00e9cnica &#8211; USP (2005).<\/p>\n<p><strong>13h \u2013<\/strong> Escava\u00e7\u00e3o Workshop na Gruta da Mesa<\/p>\n<p><strong>DIA &#8211; 05\/10,<\/strong> quinta-feira. I Semin\u00e1rio de Arqueologia.<\/p>\n<p><strong>08h \u2013<\/strong> Palestra: Um breve hist\u00f3rico das primeiras pesquisas arqueol\u00f3gicas na regi\u00e3o.<\/p>\n<p><strong>Prof.(a) Dr.(a) Silvia Moehlecke Cop\u00e9 (UNISINOS).<\/strong><\/p>\n<p>Possui gradua\u00e7\u00e3o em Hist\u00f3ria pela Universidade do Vale do Rio dos Sinos (1975), mestrado em Antropologia Social \u00c1rea de Concentra\u00e7\u00e3o Arqueologia pela Universidade de S\u00e3o Paulo (1984) e doutorado em Prehistoire, Ethnologie, Anthropologie pela Universidade de Paris I Panth\u00e9on-Sorbonne (2006).<\/p>\n<p><strong>09h \u2013<\/strong> Palestra: A import\u00e2ncia do patrim\u00f4nio arqueol\u00f3gico para o desenvolvimento de uma regi\u00e3o<\/p>\n<p><strong>Prof. Dr. Luiz Miguel Oosterbeek (UNESCO).<\/strong><\/p>\n<p>Luiz Oosterbeek \u00e9 licenciado em Hist\u00f3ria (Universidade de Lisboa, 1982), tendo iniciado as suas atividades como arque\u00f3logo em 1982. Trabalhou sobretudo sobre os mecanismos de expans\u00e3o da economia agropastoril na Pen\u00ednsula Ib\u00e9rica, t\u00f3pico do seu doutoramento em arqueologia (Universidade de Londres, 1994; Universidade do Porto, 1995).<\/p>\n<p><strong>10h \u2013<\/strong> Palestra: FORMAS QUE FALAM: O Desenho da Pintura Rupestre no Piau\u00ed e a Educa\u00e7\u00e3o Patrimonial.<\/p>\n<p>Ms. Elaine Ign\u00e1cio (UFPI).<\/p>\n<p>Arque\u00f3loga &#8211; Arquiteta &#8211; Designer &#8211; Educadora social. Professora do Curso de Arqueologia na Universidade Federal do Piau\u00ed &#8211; UFPI \u2013 Brasil. Coordenadora da Extens\u00e3o do Curso de Arqueologia- UFPI.<\/p>\n<p>Coordenadora do Grupo de Extens\u00e3o GEPAR (Grupo de Educa\u00e7\u00e3o Patrimonial e Arqueologia) &#8211; UFPI.<\/p>\n<p>Pesquisadora Associada &#8211; Instituto Terra e Mem\u00f3ria. Grupo &#8220;Quatern\u00e1rio e Pr\u00e9-Hist\u00f3ria&#8221; do Centro de Geoci\u00eancias (uID73 &#8211; Funda\u00e7\u00e3o para a Ci\u00eancias e Tecnologia) &#8211; Portugal<\/p>\n<p><strong>13h \u2013<\/strong> Palestra Migra\u00e7\u00f5es no passado e no Presente .<\/p>\n<p><strong>Prof. Dr. Andr\u00e9 Lu\u00eds Ramos Soares (UFSM).<\/strong><\/p>\n<p>Gradua\u00e7\u00e3o em Hist\u00f3ria pela UFRGS (1993), Mestrado em Hist\u00f3ria, \u00e1rea de concentra\u00e7\u00e3o em Arqueologia (PUCRS, 1996), doutor em Arqueologia pela Universidade de S\u00e3o Paulo (MAE-USP \/ 2005). Professor Titular do Dep. De Hist\u00f3ria (UFSM), Coordenador da C\u00e1tedra Unesco em Fronteiras e Migra\u00e7\u00f5es.<\/p>\n<p><strong>14h<\/strong> &#8211; palestra: A arte rupestre no Pantanal e suas potencialidades.<\/p>\n<p><strong>Prof.(a). Dr.(a) Luana Cristina da Silva Campos.<\/strong><\/p>\n<p>Graduada em Hist\u00f3ria pela Universidade Federal de Mato Grosso do Sul (UFMS) 2003 a 2007. Mestra pelo programa Erasmus, mundus &#8220;Quatern\u00e1rio e Pr\u00e9-hist\u00f3ria &#8221; atrav\u00e9s do mestrado em Arqueologia Pr\u00e9-hist\u00f3rica e Arte Rupestre da Universidade de Tr\u00e1s-Os-Montes e Alto Douro 2007 a 2009. Doutora pela Universidade de Tr\u00e1s-os-Montes e Alto Douro no programa &#8220;Quatern\u00e1rio, Materiais e Culturas&#8221; com apoio financeiro do programa de doutorado Pleno do Exterior CAPES, reconhecido no Brasil pelo Departamento de Arqueologia da Universidade de Pernambuco \u2013 UFPE 2009 a 2015. P\u00f3s-doutorado pelo Laborat\u00f3rio de Arqueologia &#8220;Paulo Duarte&#8221; \u2013 (UNICAMP) 2021 a 2021. E professora no mestrado profissional em preserva\u00e7\u00e3o do patrim\u00f4nio cultural do Iphan (PEP\/Mestrado). Coordenadora do Laborat\u00f3rio de Arqueologia do Pantanal e sua \u00e1rea de exposi\u00e7\u00e3o. \u00c1reas de atua\u00e7\u00e3o: Arqueologia &#8211; Patrim\u00f4nio Cultural &#8211; Altera\u00e7\u00f5es Clim\u00e1ticas &#8211; Comportamento Humano &#8211; Hist\u00f3ria ind\u00edgena.<\/p>\n<p><strong>15h \u2013<\/strong> Mesa Redonda: Contando a hist\u00f3ria da Arqueologia em Alcin\u00f3polis sob a \u00f3tica da popula\u00e7\u00e3o.<\/p>\n<p>Erciliomar Furquim (SEMDEMA) \u2013 Alcin\u00f3polis).<\/p>\n<p>Edilson Cotonete (Alcin\u00f3polis).<\/p>\n<p>Elisberto Martins Rezende (Bufinha) (Alcin\u00f3polis).<\/p>\n<p>&nbsp;<\/p>\n<p><strong>16h \u2013<\/strong> Palestra: O papel do IPHAN na preserva\u00e7\u00e3o dos s\u00edtios arqueol\u00f3gicos.<\/p>\n<p><strong>Zafenaty Paiva \u2013 colaborador do IPHAN.<\/strong><\/p>\n<p>Possui Bacharelado em Arqueologia e Conserva\u00e7\u00e3o de Arte Rupestre pela Universidade Federal do Piau\u00ed. Mestre em Arqueologia pelo Programa de P\u00f3s-Gradua\u00e7\u00e3o em Arqueologia da Universidade Federal do Piau\u00ed. Atua nas linhas de pesquisa em Arqueologia Hist\u00f3rica, Arqueologia da Di\u00e1spora Africana e Arqueologia Urbana. \u00c9 arque\u00f3logo na Superintend\u00eancia do Iphan em Mato Grosso do Sul, atualmente coordenador no IPHAN- Bras\u00edlia.<\/p>\n<p><strong>DIA &#8211; 06\/10,<\/strong> sexta-feira. Encerramento da Semana da Arte Rupestre.<\/p>\n<p><strong>Visita Geral Projeto Conhecendo para Preservar.<\/strong><\/p>\n<p><strong>7h \u2013<\/strong> Gruta do Pitoco.<\/p>\n<p><strong>13h \u2013<\/strong> Templo dos Pilares.<\/p>\n<p><strong>15h30min<\/strong> \u2013 Gruta Bonita.<\/p>\n<p><strong>17h \u2013<\/strong> Trilha do P\u00f4r do Sol.<\/p>\n<p><em><strong>Aten\u00e7\u00e3o: Programa\u00e7\u00e3o sujeita altera\u00e7\u00e3o!!<\/strong><\/em><\/p>\n","protected":false},"excerpt":{"rendered":"<p>Alcin\u00f3polis \u201cA Capital Estadual da arte Rupestre\u201d, estar\u00e1 realizando o 1\u00ba Encontro de Arqueologia e III Workshop da Trilha Rupestre, no dia 02 a 06 de outubro de 2023, na C\u00e2mara Municipal de Alcin\u00f3polis no Plen\u00e1rio Adolfo Alves Carneiro, avenida Averaldo Fernandes Barbosa, 1.241. PROGRAMA\u00c7\u00c3O; DIA &#8211; 02\/10, segunda-feira. Abertura da Semana da Arte Rupestre. [&hellip;]<\/p>\n","protected":false},"author":4,"featured_media":251071,"comment_status":"closed","ping_status":"closed","sticky":false,"template":"","format":"standard","meta":{"footnotes":""},"categories":[18,41],"tags":[],"class_list":["post-251070","post","type-post","status-publish","format-standard","has-post-thumbnail","hentry","category-alcinopolis","category-destaque"],"_links":{"self":[{"href":"https:\/\/www.ocorreionews.com.br\/acervo-correio\/index.php?rest_route=\/wp\/v2\/posts\/251070","targetHints":{"allow":["GET"]}}],"collection":[{"href":"https:\/\/www.ocorreionews.com.br\/acervo-correio\/index.php?rest_route=\/wp\/v2\/posts"}],"about":[{"href":"https:\/\/www.ocorreionews.com.br\/acervo-correio\/index.php?rest_route=\/wp\/v2\/types\/post"}],"author":[{"embeddable":true,"href":"https:\/\/www.ocorreionews.com.br\/acervo-correio\/index.php?rest_route=\/wp\/v2\/users\/4"}],"replies":[{"embeddable":true,"href":"https:\/\/www.ocorreionews.com.br\/acervo-correio\/index.php?rest_route=%2Fwp%2Fv2%2Fcomments&post=251070"}],"version-history":[{"count":1,"href":"https:\/\/www.ocorreionews.com.br\/acervo-correio\/index.php?rest_route=\/wp\/v2\/posts\/251070\/revisions"}],"predecessor-version":[{"id":251072,"href":"https:\/\/www.ocorreionews.com.br\/acervo-correio\/index.php?rest_route=\/wp\/v2\/posts\/251070\/revisions\/251072"}],"wp:featuredmedia":[{"embeddable":true,"href":"https:\/\/www.ocorreionews.com.br\/acervo-correio\/index.php?rest_route=\/wp\/v2\/media\/251071"}],"wp:attachment":[{"href":"https:\/\/www.ocorreionews.com.br\/acervo-correio\/index.php?rest_route=%2Fwp%2Fv2%2Fmedia&parent=251070"}],"wp:term":[{"taxonomy":"category","embeddable":true,"href":"https:\/\/www.ocorreionews.com.br\/acervo-correio\/index.php?rest_route=%2Fwp%2Fv2%2Fcategories&post=251070"},{"taxonomy":"post_tag","embeddable":true,"href":"https:\/\/www.ocorreionews.com.br\/acervo-correio\/index.php?rest_route=%2Fwp%2Fv2%2Ftags&post=251070"}],"curies":[{"name":"wp","href":"https:\/\/api.w.org\/{rel}","templated":true}]}}