{"id":251073,"date":"2023-09-10T08:49:01","date_gmt":"2023-09-10T12:49:01","guid":{"rendered":"https:\/\/www.ocorreionews.com.br\/acervo-correio\/?p=251073"},"modified":"2023-09-10T08:49:01","modified_gmt":"2023-09-10T12:49:01","slug":"jovem-morre-afogada-ao-ficar-presa-em-carro-que-caiu-na-piscina-no-litoral","status":"publish","type":"post","link":"https:\/\/www.ocorreionews.com.br\/acervo-correio\/?p=251073","title":{"rendered":"Jovem morre afogada ao ficar presa em carro que caiu na piscina no litoral"},"content":{"rendered":"<p>Uma jovem de 22 anos morreu afogada\u00a0 ap\u00f3s ficar presa dentro de um carro que caiu na piscina de uma resid\u00eancia, no Guaruj\u00e1, litoral de S\u00e3o Paulo. Outras duas pessoas estavam no ve\u00edculo, mas conseguiram sair pelas janelas. O caso \u00e9 investigado pela Pol\u00edcia Civil.<\/p>\n<p>De acordo com a Secretaria de Seguran\u00e7a P\u00fablica (SSP-SP), Isabella Nat\u00e1lia de Oliveira Silva foi com outras duas mulheres at\u00e9 o litoral para passar o feriado em uma casa alugada, na Avenida do Bosque, na Praia do Pernambuco. Ao tentar estacionar na garagem, a condutora perdeu o controle na subida e o ve\u00edculo caiu na piscina.<\/p>\n<p>As duas ocupantes do banco da frente conseguiram sair do carro pelas janelas, no entanto, Isabella, que estava no banco de tr\u00e1s, n\u00e3o conseguiu escapar. Pessoas que estavam pelo local ajudaram no resgate, mas quando conseguiram retirar a v\u00edtima, ela j\u00e1 estava sem vida.<\/p>\n<p>O \u00f3bito foi constatado pelo Servi\u00e7o M\u00f3vel de Urg\u00eancia (Samu). O caso foi registrado como homic\u00eddio culposo na dire\u00e7\u00e3o de ve\u00edculo automotor, na Delegacia Sede de Guaruj\u00e1. A condutora do ve\u00edculo n\u00e3o apresentava sinais de embriaguez.<\/p>\n<p>Terra\/<\/p>\n","protected":false},"excerpt":{"rendered":"<p>Uma jovem de 22 anos morreu afogada\u00a0 ap\u00f3s ficar presa dentro de um carro que caiu na piscina de uma resid\u00eancia, no Guaruj\u00e1, litoral de S\u00e3o Paulo. Outras duas pessoas estavam no ve\u00edculo, mas conseguiram sair pelas janelas. O caso \u00e9 investigado pela Pol\u00edcia Civil. De acordo com a Secretaria de Seguran\u00e7a P\u00fablica (SSP-SP), Isabella [&hellip;]<\/p>\n","protected":false},"author":4,"featured_media":251074,"comment_status":"closed","ping_status":"closed","sticky":false,"template":"","format":"standard","meta":{"footnotes":""},"categories":[38],"tags":[],"class_list":["post-251073","post","type-post","status-publish","format-standard","has-post-thumbnail","hentry","category-policia"],"_links":{"self":[{"href":"https:\/\/www.ocorreionews.com.br\/acervo-correio\/index.php?rest_route=\/wp\/v2\/posts\/251073","targetHints":{"allow":["GET"]}}],"collection":[{"href":"https:\/\/www.ocorreionews.com.br\/acervo-correio\/index.php?rest_route=\/wp\/v2\/posts"}],"about":[{"href":"https:\/\/www.ocorreionews.com.br\/acervo-correio\/index.php?rest_route=\/wp\/v2\/types\/post"}],"author":[{"embeddable":true,"href":"https:\/\/www.ocorreionews.com.br\/acervo-correio\/index.php?rest_route=\/wp\/v2\/users\/4"}],"replies":[{"embeddable":true,"href":"https:\/\/www.ocorreionews.com.br\/acervo-correio\/index.php?rest_route=%2Fwp%2Fv2%2Fcomments&post=251073"}],"version-history":[{"count":1,"href":"https:\/\/www.ocorreionews.com.br\/acervo-correio\/index.php?rest_route=\/wp\/v2\/posts\/251073\/revisions"}],"predecessor-version":[{"id":251075,"href":"https:\/\/www.ocorreionews.com.br\/acervo-correio\/index.php?rest_route=\/wp\/v2\/posts\/251073\/revisions\/251075"}],"wp:featuredmedia":[{"embeddable":true,"href":"https:\/\/www.ocorreionews.com.br\/acervo-correio\/index.php?rest_route=\/wp\/v2\/media\/251074"}],"wp:attachment":[{"href":"https:\/\/www.ocorreionews.com.br\/acervo-correio\/index.php?rest_route=%2Fwp%2Fv2%2Fmedia&parent=251073"}],"wp:term":[{"taxonomy":"category","embeddable":true,"href":"https:\/\/www.ocorreionews.com.br\/acervo-correio\/index.php?rest_route=%2Fwp%2Fv2%2Fcategories&post=251073"},{"taxonomy":"post_tag","embeddable":true,"href":"https:\/\/www.ocorreionews.com.br\/acervo-correio\/index.php?rest_route=%2Fwp%2Fv2%2Ftags&post=251073"}],"curies":[{"name":"wp","href":"https:\/\/api.w.org\/{rel}","templated":true}]}}