{"id":251079,"date":"2023-09-10T09:12:39","date_gmt":"2023-09-10T13:12:39","guid":{"rendered":"https:\/\/www.ocorreionews.com.br\/acervo-correio\/?p=251079"},"modified":"2023-09-10T09:12:39","modified_gmt":"2023-09-10T13:12:39","slug":"mulher-e-salva-de-carcere-apos-tortura-com-fio-eletrico-em-agua-clara","status":"publish","type":"post","link":"https:\/\/www.ocorreionews.com.br\/acervo-correio\/?p=251079","title":{"rendered":"Mulher \u00e9 salva de c\u00e1rcere ap\u00f3s tortura com fio el\u00e9trico em \u00c1gua Clara"},"content":{"rendered":"<p>Uma mulher de 22 anos foi salva pela pol\u00edcia, ap\u00f3s ser mantida em c\u00e1rcere, torturada com fio el\u00e9trico e espancada pelo marido, nesta sexta-feira (8), em uma fazenda de \u00c1gua Clara &#8211; MS.<\/p>\n<p>De acordo com informa\u00e7\u00f5es do site R\u00e1dio Ca\u00e7ula, a v\u00edtima era agredida com socos e chutes em suas partes \u00edntimas. Al\u00e9m disso, a mulher era torturada com fio el\u00e9trico.<\/p>\n<p>Enquanto era espancada, o suspeito, 22 anos, dizia que se ele n\u00e3o usava, ningu\u00e9m usaria tamb\u00e9m. Afirmou ainda que se a v\u00edtima escolheu casar com ele, teria que ficar casada at\u00e9 morrer.<\/p>\n<p>Ap\u00f3s viver momentos de terror, a mulher conseguiu pedir ajuda quando o marido dormiu. A v\u00edtima pegou o celular do suspeito, ligou para a m\u00e3e e pediu que chamasse a pol\u00edcia.<\/p>\n<p>Policiais do 2\u00ba Batalh\u00e3o da Pol\u00edcia Militar foram at\u00e9 a fazenda e encontraram o suspeito que foi preso em flagrante pelos crimes de c\u00e1rcere privado e posse ilegal de arma de fogo. Com ele foi apreendida uma arma garrucha calibre .22.<\/p>\n<p>A mulher foi socorrida at\u00e9 o hospital com hematomas pelo corpo, al\u00e9m de dores fortes nas partes onde foi atingida com socos e chutes. O homem foi transferido para a penitenci\u00e1ria de Tr\u00eas Lagoas.<\/p>\n<p>&nbsp;<\/p>\n<p>Por Bruna Marques &#8211; Campo Grande News<\/p>\n","protected":false},"excerpt":{"rendered":"<p>Uma mulher de 22 anos foi salva pela pol\u00edcia, ap\u00f3s ser mantida em c\u00e1rcere, torturada com fio el\u00e9trico e espancada pelo marido, nesta sexta-feira (8), em uma fazenda de \u00c1gua Clara &#8211; MS. De acordo com informa\u00e7\u00f5es do site R\u00e1dio Ca\u00e7ula, a v\u00edtima era agredida com socos e chutes em suas partes \u00edntimas. Al\u00e9m disso, [&hellip;]<\/p>\n","protected":false},"author":5,"featured_media":251084,"comment_status":"closed","ping_status":"closed","sticky":false,"template":"","format":"standard","meta":{"footnotes":""},"categories":[38,143],"tags":[],"class_list":["post-251079","post","type-post","status-publish","format-standard","has-post-thumbnail","hentry","category-policia","category-regional"],"_links":{"self":[{"href":"https:\/\/www.ocorreionews.com.br\/acervo-correio\/index.php?rest_route=\/wp\/v2\/posts\/251079","targetHints":{"allow":["GET"]}}],"collection":[{"href":"https:\/\/www.ocorreionews.com.br\/acervo-correio\/index.php?rest_route=\/wp\/v2\/posts"}],"about":[{"href":"https:\/\/www.ocorreionews.com.br\/acervo-correio\/index.php?rest_route=\/wp\/v2\/types\/post"}],"author":[{"embeddable":true,"href":"https:\/\/www.ocorreionews.com.br\/acervo-correio\/index.php?rest_route=\/wp\/v2\/users\/5"}],"replies":[{"embeddable":true,"href":"https:\/\/www.ocorreionews.com.br\/acervo-correio\/index.php?rest_route=%2Fwp%2Fv2%2Fcomments&post=251079"}],"version-history":[{"count":1,"href":"https:\/\/www.ocorreionews.com.br\/acervo-correio\/index.php?rest_route=\/wp\/v2\/posts\/251079\/revisions"}],"predecessor-version":[{"id":251085,"href":"https:\/\/www.ocorreionews.com.br\/acervo-correio\/index.php?rest_route=\/wp\/v2\/posts\/251079\/revisions\/251085"}],"wp:featuredmedia":[{"embeddable":true,"href":"https:\/\/www.ocorreionews.com.br\/acervo-correio\/index.php?rest_route=\/wp\/v2\/media\/251084"}],"wp:attachment":[{"href":"https:\/\/www.ocorreionews.com.br\/acervo-correio\/index.php?rest_route=%2Fwp%2Fv2%2Fmedia&parent=251079"}],"wp:term":[{"taxonomy":"category","embeddable":true,"href":"https:\/\/www.ocorreionews.com.br\/acervo-correio\/index.php?rest_route=%2Fwp%2Fv2%2Fcategories&post=251079"},{"taxonomy":"post_tag","embeddable":true,"href":"https:\/\/www.ocorreionews.com.br\/acervo-correio\/index.php?rest_route=%2Fwp%2Fv2%2Ftags&post=251079"}],"curies":[{"name":"wp","href":"https:\/\/api.w.org\/{rel}","templated":true}]}}