{"id":251092,"date":"2023-09-10T09:59:06","date_gmt":"2023-09-10T13:59:06","guid":{"rendered":"https:\/\/www.ocorreionews.com.br\/acervo-correio\/?p=251092"},"modified":"2023-09-10T09:59:06","modified_gmt":"2023-09-10T13:59:06","slug":"credito-rotativo-e-fim-do-parcelamento-de-compras-entenda-como-medida-pode-afetar-consumidores","status":"publish","type":"post","link":"https:\/\/www.ocorreionews.com.br\/acervo-correio\/?p=251092","title":{"rendered":"Cr\u00e9dito rotativo e fim do parcelamento de compras: entenda como medida pode afetar consumidores"},"content":{"rendered":"<p>O <a class=\"st_tag internal_tag \" title=\"Not\u00edcias sobre fim\" href=\"https:\/\/midiamax.uol.com.br\/tag\/fim\/\" rel=\"tag\">fim<\/a> do cr\u00e9dito rotativo, anunciado pelo Banco Central no \u00faltimo dia 10 de agosto, causou turbilh\u00e3o no mercado econ\u00f4mico. Contudo, o assunto tem mais a ver com voc\u00ea do que imagina. \u00c9 que, de forma geral, o cr\u00e9dito rotativo \u00e9 uma das engrenagens que permitem consumidores parcelarem compras no cart\u00e3o de cr\u00e9dito. Sem o dispositivo, as compras divididas em 10 parcelas podem ficar amea\u00e7adas.<\/p>\n<p>O argumento do presidente do Banco Central, Roberto Campos Neto, para o fim da modalidade foi que principal problema do endividamento dos brasileiros s\u00e3o as altas taxas de juros, aplicadas principalmente ao cr\u00e9dito rotativo do cart\u00e3o de cr\u00e9dito.<\/p>\n<p>E o que isso teria a ver com os parcelamentos de compras? Para Campo Neto, entende-se que esse cen\u00e1rio decorre do parcelamento sem juros. O problema \u00e9 que essa modalidade de compra \u00e9 um dos mecanismos que permite uma certa manuten\u00e7\u00e3o dos n\u00edveis de consumo, o que despertou nos representantes do setor varejista preju\u00edzo nas finan\u00e7as.<\/p>\n<div><\/div>\n<div><\/div>\n<p>O <strong>Jornal Midiamax<\/strong> vai detalhar, nesta mat\u00e9ria, como o fim do cr\u00e9dito rotativo poder\u00e1 afetar a vida dos consumidores sul-mato-grossenses. Antes disso, \u00e9 preciso entender os argumentos nessa discuss\u00e3o.<\/p>\n<h2 class=\"wp-block-heading\">Juros e parcelamentos longos<\/h2>\n<p>Vamos por partes: imagine que voc\u00ea tem apenas R$ 100 por m\u00eas sobrando do sal\u00e1rio. Por\u00e9m, quer adquirir um televisor que custa R$ 1 mil. No Brasil, a din\u00e2mica do varejo permite a realiza\u00e7\u00e3o dessa compra, j\u00e1 que aquisi\u00e7\u00f5es parceladas s\u00e3o culturalmente comuns no pa\u00eds.<\/p>\n<p>Dessa forma, a TV sai a R$ 100 por m\u00eas, durante um prazo de dez meses. Nesse per\u00edodo, contudo, o consumidor n\u00e3o ter\u00e1 <a class=\"st_tag internal_tag \" title=\"Not\u00edcias sobre dinheiro\" href=\"https:\/\/midiamax.uol.com.br\/tag\/dinheiro\/\" rel=\"tag\">dinheiro<\/a> sobrando, por assim dizer.<\/p>\n<div><\/div>\n<div><\/div>\n<p>H\u00e1, ainda, o risco de inadimpl\u00eancia. Se nesse per\u00edodo o consumidor, por exemplo, tiver um imprevisto &#8211; uma emerg\u00eancia de sa\u00fade, desemprego ou qualquer outra prioridade financeira &#8211; \u00e9 esperado que a continuidade de quita\u00e7\u00e3o da d\u00edvida seja comprometida. O consumidor pode ficar com o nome negativado e o estabelecimento comercial, amargando preju\u00edzo. \u00c9 onde entram os juros do cr\u00e9dito rotativo.<\/p>\n<h2 class=\"wp-block-heading\"><strong>Como funciona o cr\u00e9dito rotativo?<\/strong><\/h2>\n<p>O cr\u00e9dito rotativo consiste em uma modalidade de cr\u00e9dito oferecida por institui\u00e7\u00f5es financeiras, na qual o titular do cart\u00e3o de cr\u00e9dito pode escolher pagar o valor m\u00ednimo da fatura e financiar o saldo restante para o pr\u00f3ximo m\u00eas, sujeito a juros elevados.<\/p>\n<p>Apesar de parecer uma op\u00e7\u00e3o facilitada, o rotativo \u00e9 uma das modalidades de cr\u00e9dito mais caras do mercado, com juros que chegaram a 437,3% ao ano em junho. Al\u00e9m disso, essa pr\u00e1tica pode levar a d\u00edvidas acumuladas e a taxas de juros excessivas.<\/p>\n<div><\/div>\n<div><\/div>\n<h2 class=\"wp-block-heading\">Parte da engrenagem<\/h2>\n<p>Nesse sentido, Campos Neto defendeu que as altas taxas de juros est\u00e3o relacionadas \u00e0 ampla utiliza\u00e7\u00e3o do parcelamento de compras em prazos mais longos. Segundo ele, essa modalidade, embora ajude o com\u00e9rcio, induz o consumidor a gastar mais e aumenta o risco de cr\u00e9dito para as institui\u00e7\u00f5es financeiras. Portanto, uma poss\u00edvel solu\u00e7\u00e3o seria restringir ou eliminar esse tipo de parcelamento.<\/p>\n<figure class=\"wp-block-image size-full\"><img loading=\"lazy\" decoding=\"async\" class=\"wp-image-1585549 entered lazyloaded\" src=\"https:\/\/midiamaxproducao.s3.amazonaws.com\/wp-content\/uploads\/2023\/09\/06125651\/WhatsApp-Image-2023-08-12-at-12.17.09-edited-1.jpeg\" sizes=\"auto, (max-width: 985px) 100vw, 985px\" srcset=\"https:\/\/midiamaxproducao.s3.amazonaws.com\/wp-content\/uploads\/2023\/09\/06125651\/WhatsApp-Image-2023-08-12-at-12.17.09-edited-1.jpeg 985w, https:\/\/midiamaxproducao.s3.amazonaws.com\/wp-content\/uploads\/2023\/09\/06125651\/WhatsApp-Image-2023-08-12-at-12.17.09-edited-1-300x200.jpeg 300w, https:\/\/midiamaxproducao.s3.amazonaws.com\/wp-content\/uploads\/2023\/09\/06125651\/WhatsApp-Image-2023-08-12-at-12.17.09-edited-1-150x100.jpeg 150w\" alt=\"rotativo\" width=\"985\" height=\"656\" data-lazy-srcset=\"https:\/\/midiamaxproducao.s3.amazonaws.com\/wp-content\/uploads\/2023\/09\/06125651\/WhatsApp-Image-2023-08-12-at-12.17.09-edited-1.jpeg 985w, https:\/\/midiamaxproducao.s3.amazonaws.com\/wp-content\/uploads\/2023\/09\/06125651\/WhatsApp-Image-2023-08-12-at-12.17.09-edited-1-300x200.jpeg 300w, https:\/\/midiamaxproducao.s3.amazonaws.com\/wp-content\/uploads\/2023\/09\/06125651\/WhatsApp-Image-2023-08-12-at-12.17.09-edited-1-150x100.jpeg 150w\" data-lazy-sizes=\"(max-width: 985px) 100vw, 985px\" data-lazy-src=\"https:\/\/midiamaxproducao.s3.amazonaws.com\/wp-content\/uploads\/2023\/09\/06125651\/WhatsApp-Image-2023-08-12-at-12.17.09-edited-1.jpeg\" data-ll-status=\"loaded\" \/><figcaption class=\"wp-element-caption\">Centro de Campo Grande, um dos principais pontos de venda varejista em Campo Grande (Foto: Kisi\u00ea Ain\u00f5a, Midiamax)<\/figcaption><\/figure>\n<p>Ap\u00f3s o comunicado, o setor varejista expressou preocupa\u00e7\u00f5es quanto ao poss\u00edvel fim do parcelamento sem juros. Em Campo Grande, presidente da <a href=\"https:\/\/cdlcampogrande.com.br\/\">CDL-CG <\/a>(C\u00e2mara de Dirigentes Lojistas), Adelaido Vila, destaca que o poss\u00edvel fim do parcelado sem juros traria in\u00fameros preju\u00edzos a consumidores e comerciantes.<\/p>\n<p>\u201cEssa medida vai impactar demais o setor varejista, n\u00f3s temos hoje uma grande dificuldade de cr\u00e9dito, os juros est\u00e3o extremamente altos. Quantas pessoas usam o parcelado para viabilizar a compra de um produto?\u201d, argumentou.<\/p>\n<p>Vila ressalta que, no atual cen\u00e1rio econ\u00f4mico do pa\u00eds, o parcelamento de compras \u00e9 utilizado at\u00e9 mesmo para a aquisi\u00e7\u00e3o de alimentos.<\/p>\n<figure class=\"wp-block-image size-full\"><img loading=\"lazy\" decoding=\"async\" class=\"wp-image-1566816 entered lazyloaded\" src=\"https:\/\/midiamaxproducao.s3.amazonaws.com\/wp-content\/uploads\/2023\/08\/12121032\/WhatsApp-Image-2023-08-12-at-12.06.50.jpeg\" sizes=\"auto, (max-width: 1600px) 100vw, 1600px\" srcset=\"https:\/\/midiamaxproducao.s3.amazonaws.com\/wp-content\/uploads\/2023\/08\/12121032\/WhatsApp-Image-2023-08-12-at-12.06.50.jpeg 1600w, https:\/\/midiamaxproducao.s3.amazonaws.com\/wp-content\/uploads\/2023\/08\/12121032\/WhatsApp-Image-2023-08-12-at-12.06.50-300x200.jpeg 300w, https:\/\/midiamaxproducao.s3.amazonaws.com\/wp-content\/uploads\/2023\/08\/12121032\/WhatsApp-Image-2023-08-12-at-12.06.50-150x100.jpeg 150w\" alt=\"Centro Dia dos Pais rotativo\" width=\"1600\" height=\"1066\" data-lazy-srcset=\"https:\/\/midiamaxproducao.s3.amazonaws.com\/wp-content\/uploads\/2023\/08\/12121032\/WhatsApp-Image-2023-08-12-at-12.06.50.jpeg 1600w, https:\/\/midiamaxproducao.s3.amazonaws.com\/wp-content\/uploads\/2023\/08\/12121032\/WhatsApp-Image-2023-08-12-at-12.06.50-300x200.jpeg 300w, https:\/\/midiamaxproducao.s3.amazonaws.com\/wp-content\/uploads\/2023\/08\/12121032\/WhatsApp-Image-2023-08-12-at-12.06.50-150x100.jpeg 150w\" data-lazy-sizes=\"(max-width: 1600px) 100vw, 1600px\" data-lazy-src=\"https:\/\/midiamaxproducao.s3.amazonaws.com\/wp-content\/uploads\/2023\/08\/12121032\/WhatsApp-Image-2023-08-12-at-12.06.50.jpeg\" data-ll-status=\"loaded\" \/><figcaption class=\"wp-element-caption\">(Foto: Kisi\u00ea Ain\u00f5a, Midiamax)<\/figcaption><\/figure>\n<p>\u201cEssa medida n\u00e3o \u00e9 razo\u00e1vel, para tentar diminuir o endividamento voc\u00ea vai l\u00e1 e corta o cr\u00e9dito da pessoa? N\u00e3o faz sentido\u201d, enfatiza. Para ele, a melhor solu\u00e7\u00e3o para livrar os consumidores do endividamento seria os bancos reduzirem as taxas de juros.<\/p>\n<p>\u201cA melhor forma para facilitar a vida dos consumidores \u00e9 baixar os juros. \u00c9 um absurdo esses juros t\u00e3o altos do cart\u00e3o de cr\u00e9dito. Se o governo est\u00e1 realmente preocupado com o consumidor, basta determinar que os bancos reduzam os juros\u201d.<\/p>\n<p>Vale lembrar, contudo, que lei federal sancionada em fevereiro de 2021 concedeu autonomia ao Banco Central (BC) na determina\u00e7\u00e3o dessas taxas. S\u00e3o as reuni\u00f5es do Copom (Comit\u00ea de Pol\u00edtica Monet\u00e1ria), do BC, que definem a redu\u00e7\u00e3o da Selic, considerada a taxa de juros b\u00e1sicos e que influencia nas demais. A manuten\u00e7\u00e3o da Taxa Selic em dois d\u00edgitos &#8211; atualmente, 13,25% &#8211; \u00e9 prevista por economistas ao menos at\u00e9 o fim do ano, apesar de protestos do Governo Federal pela redu\u00e7\u00e3o.<\/p>\n<h2 class=\"wp-block-heading\">Impacto negativo no com\u00e9rcio<\/h2>\n<div class=\"wp-block-image\">\n<figure class=\"alignright size-full is-resized\"><img loading=\"lazy\" decoding=\"async\" class=\"wp-image-713077 entered lazyloaded\" src=\"https:\/\/midiamax.uol.com.br\/wp-content\/uploads\/2021\/12\/compras_online.jpg.webp\" sizes=\"auto, (max-width: 427px) 100vw, 427px\" srcset=\"https:\/\/midiamax.uol.com.br\/wp-content\/uploads\/2021\/12\/compras_online.jpg.webp 800w, https:\/\/midiamax.uol.com.br\/wp-content\/uploads\/2021\/12\/compras_online-300x169.jpg.webp 300w, https:\/\/midiamax.uol.com.br\/wp-content\/uploads\/2021\/12\/compras_online-768x432.jpg.webp 768w\" alt=\"Consumidores devem tomar diversos cuidados ao realizarem compras online\" width=\"427\" height=\"240\" data-lazy-srcset=\"https:\/\/midiamax.uol.com.br\/wp-content\/uploads\/2021\/12\/compras_online.jpg.webp 800w, https:\/\/midiamax.uol.com.br\/wp-content\/uploads\/2021\/12\/compras_online-300x169.jpg.webp 300w, https:\/\/midiamax.uol.com.br\/wp-content\/uploads\/2021\/12\/compras_online-768x432.jpg.webp 768w\" data-lazy-sizes=\"(max-width: 427px) 100vw, 427px\" data-lazy-src=\"https:\/\/midiamax.uol.com.br\/wp-content\/uploads\/2021\/12\/compras_online.jpg.webp\" data-lazy-src-webp=\"https:\/\/midiamax.uol.com.br\/wp-content\/uploads\/2021\/12\/compras_online.jpg.webp\" data-lazy-srcset-webp=\"https:\/\/midiamax.uol.com.br\/wp-content\/uploads\/2021\/12\/compras_online.jpg.webp 800w, https:\/\/midiamax.uol.com.br\/wp-content\/uploads\/2021\/12\/compras_online-300x169.jpg.webp 300w, https:\/\/midiamax.uol.com.br\/wp-content\/uploads\/2021\/12\/compras_online-768x432.jpg.webp 768w\" data-ll-status=\"loaded\" \/><figcaption class=\"wp-element-caption\">Parcelamento \u00e9 uma das principais modalidades de compras para o varejo<em> (Arquivo, Jornal Midiamax)<\/em><\/figcaption><\/figure>\n<\/div>\n<p>A medida tamb\u00e9m tem gerado preocupa\u00e7\u00e3o na ACICG (Associa\u00e7\u00e3o Comercial e Industrial de Campo Grande). Em comunicado, a entidade expressou que n\u00e3o apoia movimentos restritivos que possam prejudicar o setor empresarial.<\/p>\n<p>&#8220;Diante das declara\u00e7\u00f5es do presidente do Banco Central, que mencionou a possibilidade de desincentivar parcelamentos sem juros muito longos, a entidade defende a autonomia das empresas em continuar oferecendo parcelamentos sem juros&#8221;, afirmou.<\/p>\n<p>ACICG tamb\u00e9m destacou que acredita que at\u00e9 mesmo a redu\u00e7\u00e3o no n\u00famero de parcelas pode impactar negativamente no desempenho do com\u00e9rcio, al\u00e9m de afetar o poder de compra dos consumidores, especialmente aqueles com menor capacidade financeira.<\/p>\n<p>&#8220;O cart\u00e3o de cr\u00e9dito \u00e9 o principal meio de pagamento e uma ferramenta que facilita o consumo. A possibilidade de oferecer um maior n\u00famero de parcelamentos sem juros favorece a compra de produtos de maior valor agregado, com condi\u00e7\u00f5es de pagamento mais favor\u00e1veis ao consumidor&#8221;, ressaltou a associa\u00e7\u00e3o.<\/p>\n<p>Em nota, o <a class=\"st_tag internal_tag \" title=\"Not\u00edcias sobre Sebrae-MS\" href=\"https:\/\/midiamax.uol.com.br\/tag\/sebrae-ms\/\" rel=\"tag\">Sebrae-MS<\/a> informou que aguarda a medida ser concretizada para avaliar os poss\u00edveis impactos nos pequenos neg\u00f3cios. Apesar das preocupa\u00e7\u00f5es, a Febraban (Federa\u00e7\u00e3o Brasileira de Bancos) tamb\u00e9m afirmou que n\u00e3o h\u00e1 inten\u00e7\u00e3o de acabar com o pagamento parcelado.<\/p>\n<h2 id=\"h-projeto-segue-em-discussao\" class=\"wp-block-heading\"><strong>Projeto segue em discuss\u00e3o<\/strong><\/h2>\n<p>Segundo o Banco Central, em at\u00e9 90 dias deve ser apresentada uma solu\u00e7\u00e3o para o \u201cgrande problema\u201d que \u00e9 o cart\u00e3o de cr\u00e9dito. A medida prev\u00ea que, se o cr\u00e9dito rotativo fosse eliminado, o cr\u00e9dito migraria diretamente para a modalidade de parcelamento, com uma taxa em torno de 9% ao m\u00eas. Ou seja, as parcelas ficariam mais caras.<\/p>\n<p>Na tarde do dia 1\u00ba de setembro, o ministro da Fazenda, Fernando Haddad, anunciou que o governo est\u00e1 discutindo o fim do cr\u00e9dito rotativo em colabora\u00e7\u00e3o com agentes do setor privado e o Congresso Nacional.<\/p>\n<p>Segundo ele, a resolu\u00e7\u00e3o desse debate deve ocorrer por meio de emendas \u00e0 medida provis\u00f3ria do programa de renegocia\u00e7\u00e3o de d\u00edvidas do governo federal, o &#8220;Desenrola&#8221;.<\/p>\n<p>&#8220;Estamos trabalhando em conjunto com o Congresso&#8221;, disse ele a jornalistas na sede do Minist\u00e9rio, localizada na Capital paulista.<\/p>\n<p>O texto atual da medida provis\u00f3ria sugere a substitui\u00e7\u00e3o do cr\u00e9dito rotativo, que \u00e9 uma linha de cr\u00e9dito destinada a clientes que n\u00e3o pagam a fatura do cart\u00e3o de cr\u00e9dito, pelo parcelamento da fatura com juros. Al\u00e9m disso, outra mudan\u00e7a proposta \u00e9 a limita\u00e7\u00e3o dos juros dessa modalidade a 100% do valor da d\u00edvida, um modelo semelhante ao adotado no Reino Unido.<\/p>\n<p>Em resumo, embora haja debates sobre a elimina\u00e7\u00e3o do cr\u00e9dito rotativo, isso n\u00e3o implica necessariamente o fim das compras parceladas.<\/p>\n<p>&nbsp;<\/p>\n<p>*Fonte: Midiamax- Lethycia Anjos<\/p>\n<div class=\"elementor-element elementor-element-ec9eab2 elementor-widget__width-auto elementor-widget elementor-widget-text-editor\" data-id=\"ec9eab2\" data-element_type=\"widget\" data-widget_type=\"text-editor.default\">\n<div class=\"elementor-widget-container\"><\/div>\n<\/div>\n<p>&nbsp;<\/p>\n","protected":false},"excerpt":{"rendered":"<p>O fim do cr\u00e9dito rotativo, anunciado pelo Banco Central no \u00faltimo dia 10 de agosto, causou turbilh\u00e3o no mercado econ\u00f4mico. Contudo, o assunto tem mais a ver com voc\u00ea do que imagina. \u00c9 que, de forma geral, o cr\u00e9dito rotativo \u00e9 uma das engrenagens que permitem consumidores parcelarem compras no cart\u00e3o de cr\u00e9dito. Sem o [&hellip;]<\/p>\n","protected":false},"author":5,"featured_media":181442,"comment_status":"closed","ping_status":"closed","sticky":false,"template":"","format":"standard","meta":{"footnotes":""},"categories":[26],"tags":[],"class_list":["post-251092","post","type-post","status-publish","format-standard","has-post-thumbnail","hentry","category-economia"],"_links":{"self":[{"href":"https:\/\/www.ocorreionews.com.br\/acervo-correio\/index.php?rest_route=\/wp\/v2\/posts\/251092","targetHints":{"allow":["GET"]}}],"collection":[{"href":"https:\/\/www.ocorreionews.com.br\/acervo-correio\/index.php?rest_route=\/wp\/v2\/posts"}],"about":[{"href":"https:\/\/www.ocorreionews.com.br\/acervo-correio\/index.php?rest_route=\/wp\/v2\/types\/post"}],"author":[{"embeddable":true,"href":"https:\/\/www.ocorreionews.com.br\/acervo-correio\/index.php?rest_route=\/wp\/v2\/users\/5"}],"replies":[{"embeddable":true,"href":"https:\/\/www.ocorreionews.com.br\/acervo-correio\/index.php?rest_route=%2Fwp%2Fv2%2Fcomments&post=251092"}],"version-history":[{"count":1,"href":"https:\/\/www.ocorreionews.com.br\/acervo-correio\/index.php?rest_route=\/wp\/v2\/posts\/251092\/revisions"}],"predecessor-version":[{"id":251093,"href":"https:\/\/www.ocorreionews.com.br\/acervo-correio\/index.php?rest_route=\/wp\/v2\/posts\/251092\/revisions\/251093"}],"wp:featuredmedia":[{"embeddable":true,"href":"https:\/\/www.ocorreionews.com.br\/acervo-correio\/index.php?rest_route=\/wp\/v2\/media\/181442"}],"wp:attachment":[{"href":"https:\/\/www.ocorreionews.com.br\/acervo-correio\/index.php?rest_route=%2Fwp%2Fv2%2Fmedia&parent=251092"}],"wp:term":[{"taxonomy":"category","embeddable":true,"href":"https:\/\/www.ocorreionews.com.br\/acervo-correio\/index.php?rest_route=%2Fwp%2Fv2%2Fcategories&post=251092"},{"taxonomy":"post_tag","embeddable":true,"href":"https:\/\/www.ocorreionews.com.br\/acervo-correio\/index.php?rest_route=%2Fwp%2Fv2%2Ftags&post=251092"}],"curies":[{"name":"wp","href":"https:\/\/api.w.org\/{rel}","templated":true}]}}