{"id":251094,"date":"2023-09-10T10:25:24","date_gmt":"2023-09-10T14:25:24","guid":{"rendered":"https:\/\/www.ocorreionews.com.br\/acervo-correio\/?p=251094"},"modified":"2023-09-10T10:25:24","modified_gmt":"2023-09-10T14:25:24","slug":"servente-de-pedreiro-e-suspeito-de-matar-a-companheira-e-o-filho-dela-a-facadas-em-goias","status":"publish","type":"post","link":"https:\/\/www.ocorreionews.com.br\/acervo-correio\/?p=251094","title":{"rendered":"Servente de pedreiro \u00e9 suspeito de matar a companheira e o filho dela a facadas em Goi\u00e1s"},"content":{"rendered":"<div id=\"chunk-dnjb5\">\n<div class=\"mc-column content-text active-extra-styles \" data-block-type=\"unstyled\" data-block-weight=\"46\" data-block-id=\"3\">\n<p class=\"content-text__container \" data-track-category=\"Link no Texto\" data-track-links=\"\">Um homem \u00e9 suspeito de matar a companheira e o filho dela a facadas, em Araguapaz, na regi\u00e3o noroeste de Goi\u00e1s. De acordo com a Pol\u00edcia Civil, ap\u00f3s o crime, o servente de pedreiro Luciano Lino de Sousa, de 44 anos, se matou em seguida.<\/p>\n<\/div>\n<\/div>\n<div class=\"wall protected-content\">\n<div id=\"chunk-4v8cg\">\n<div class=\"mc-column content-text active-extra-styles\" data-block-type=\"raw\" data-block-weight=\"6\" data-block-id=\"4\">\n<p>&nbsp;<\/p>\n<p>&nbsp;<\/p>\n<\/div>\n<\/div>\n<div id=\"chunk-evdeq\">\n<div class=\"mc-column content-text active-extra-styles \" data-block-type=\"unstyled\" data-block-weight=\"60\" data-block-id=\"5\">\n<p class=\"content-text__container \" data-track-category=\"Link no Texto\" data-track-links=\"\">Segundo informado pelo delegado Ricardo Ramos ao <strong>g1<\/strong>, o caso foi descoberto pelo patr\u00e3o do suspeito, que deu falta dele e foi at\u00e9 a casa em que ele morava. Ao n\u00e3o ser atendido, o empregador pulou o muro e encontrou os corpos de Monica Cristina da Silva Batista, de 35 anos, e Pedro Davi da Silva, de 10 anos.<\/p>\n<p data-track-category=\"Link no Texto\" data-track-links=\"\">\n<\/div>\n<\/div>\n<div id=\"chunk-8pn0m\">\n<div class=\"content-ads content-ads--reveal\" data-block-type=\"ads\" data-block-id=\"6\">\n<div><\/div>\n<\/div>\n<\/div>\n<div id=\"chunk-f629u\">\n<div class=\"mc-column content-text active-extra-styles \" data-block-type=\"unstyled\" data-block-weight=\"59\" data-block-id=\"7\">\n<p class=\"content-text__container \" data-track-category=\"Link no Texto\" data-track-links=\"\">A pol\u00edcia ainda detalhou o que se sabe sobre a morte do suspeito at\u00e9 este domingo (10) \u00e9 que, no s\u00e1bado (9), por volta das 6 horas, ele entrou de forma proposital na frente de um caminh\u00e3o em uma rodovia. A suspeita \u00e9 que o crime contra a mulher e a crian\u00e7a tenha ocorrido no mesmo dia.<\/p>\n<p data-track-category=\"Link no Texto\" data-track-links=\"\">\n<\/div>\n<\/div>\n<div id=\"chunk-9hcad\">\n<div class=\"mc-column content-text active-extra-styles \" data-block-type=\"unstyled\" data-block-weight=\"24\" data-block-id=\"10\">\n<p class=\"content-text__container \" data-track-category=\"Link no Texto\" data-track-links=\"\">O delegado detalhou que o casal estaria junto h\u00e1 tr\u00eas meses. Os vizinhos disseram \u00e0 pol\u00edcia que n\u00e3o chegaram a ouvir nenhuma discuss\u00e3o.<\/p>\n<p data-track-category=\"Link no Texto\" data-track-links=\"\">\n<\/div>\n<\/div>\n<div id=\"chunk-42fhq\">\n<div class=\"mc-column content-text active-extra-styles \" data-block-type=\"unstyled\" data-block-weight=\"29\" data-block-id=\"11\">\n<p class=\"content-text__container \" data-track-category=\"Link no Texto\" data-track-links=\"\">De acordo com a pol\u00edcia, a motiva\u00e7\u00e3o do crime ainda \u00e9 desconhecida. O caso \u00e9 investigado pela Delegacia de Mozarl\u00e2ndia, que tentar\u00e1 descobrir mais detalhes nos pr\u00f3ximos dias.<\/p>\n<p data-track-category=\"Link no Texto\" data-track-links=\"\">\n<p class=\"content-publication-data__from\" title=\"Gabriela Mac\u00eado, g1 Goi\u00e1s\">Por Gabriela Mac\u00eado, g1 Goi\u00e1s<\/p>\n<p data-track-category=\"Link no Texto\" data-track-links=\"\">\n<\/div>\n<\/div>\n<\/div>\n","protected":false},"excerpt":{"rendered":"<p>Um homem \u00e9 suspeito de matar a companheira e o filho dela a facadas, em Araguapaz, na regi\u00e3o noroeste de Goi\u00e1s. De acordo com a Pol\u00edcia Civil, ap\u00f3s o crime, o servente de pedreiro Luciano Lino de Sousa, de 44 anos, se matou em seguida. &nbsp; &nbsp; Segundo informado pelo delegado Ricardo Ramos ao g1, [&hellip;]<\/p>\n","protected":false},"author":5,"featured_media":251095,"comment_status":"closed","ping_status":"closed","sticky":false,"template":"","format":"standard","meta":{"footnotes":""},"categories":[141,38],"tags":[],"class_list":["post-251094","post","type-post","status-publish","format-standard","has-post-thumbnail","hentry","category-goias","category-policia"],"_links":{"self":[{"href":"https:\/\/www.ocorreionews.com.br\/acervo-correio\/index.php?rest_route=\/wp\/v2\/posts\/251094","targetHints":{"allow":["GET"]}}],"collection":[{"href":"https:\/\/www.ocorreionews.com.br\/acervo-correio\/index.php?rest_route=\/wp\/v2\/posts"}],"about":[{"href":"https:\/\/www.ocorreionews.com.br\/acervo-correio\/index.php?rest_route=\/wp\/v2\/types\/post"}],"author":[{"embeddable":true,"href":"https:\/\/www.ocorreionews.com.br\/acervo-correio\/index.php?rest_route=\/wp\/v2\/users\/5"}],"replies":[{"embeddable":true,"href":"https:\/\/www.ocorreionews.com.br\/acervo-correio\/index.php?rest_route=%2Fwp%2Fv2%2Fcomments&post=251094"}],"version-history":[{"count":1,"href":"https:\/\/www.ocorreionews.com.br\/acervo-correio\/index.php?rest_route=\/wp\/v2\/posts\/251094\/revisions"}],"predecessor-version":[{"id":251096,"href":"https:\/\/www.ocorreionews.com.br\/acervo-correio\/index.php?rest_route=\/wp\/v2\/posts\/251094\/revisions\/251096"}],"wp:featuredmedia":[{"embeddable":true,"href":"https:\/\/www.ocorreionews.com.br\/acervo-correio\/index.php?rest_route=\/wp\/v2\/media\/251095"}],"wp:attachment":[{"href":"https:\/\/www.ocorreionews.com.br\/acervo-correio\/index.php?rest_route=%2Fwp%2Fv2%2Fmedia&parent=251094"}],"wp:term":[{"taxonomy":"category","embeddable":true,"href":"https:\/\/www.ocorreionews.com.br\/acervo-correio\/index.php?rest_route=%2Fwp%2Fv2%2Fcategories&post=251094"},{"taxonomy":"post_tag","embeddable":true,"href":"https:\/\/www.ocorreionews.com.br\/acervo-correio\/index.php?rest_route=%2Fwp%2Fv2%2Ftags&post=251094"}],"curies":[{"name":"wp","href":"https:\/\/api.w.org\/{rel}","templated":true}]}}