{"id":251097,"date":"2023-09-10T10:31:00","date_gmt":"2023-09-10T14:31:00","guid":{"rendered":"https:\/\/www.ocorreionews.com.br\/acervo-correio\/?p=251097"},"modified":"2023-09-10T10:31:00","modified_gmt":"2023-09-10T14:31:00","slug":"tiroteio-entre-fazendeiros-por-causa-de-cerca-termina-com-a-morte-de-funcionario-em-goias","status":"publish","type":"post","link":"https:\/\/www.ocorreionews.com.br\/acervo-correio\/?p=251097","title":{"rendered":"Tiroteio entre fazendeiros por causa de cerca termina com a morte de funcion\u00e1rio em Goi\u00e1s"},"content":{"rendered":"<div id=\"chunk-ftifc\">\n<div class=\"mc-column content-text active-extra-styles \" data-block-type=\"unstyled\" data-block-weight=\"54\" data-block-id=\"3\">\n<p class=\"content-text__container \" data-track-category=\"Link no Texto\" data-track-links=\"\">Um homem de 48 anos morreu ap\u00f3s ser atingido por um disparo em uma troca de tiros entre fazendeiros em Mutun\u00f3polis, na regi\u00e3o norte de Goi\u00e1s, segundo informa\u00e7\u00f5es da Pol\u00edcia Militar. A corpora\u00e7\u00e3o informou ainda que a briga come\u00e7ou por causa da posi\u00e7\u00e3o de uma cerca que definia os limites entre duas fazendas.<\/p>\n<p data-track-category=\"Link no Texto\" data-track-links=\"\">\n<\/div>\n<\/div>\n<div class=\"wall protected-content\">\n<div id=\"chunk-c40k5\">\n<div class=\"mc-column content-text active-extra-styles \" data-block-type=\"unstyled\" data-block-weight=\"26\" data-block-id=\"4\">\n<p class=\"content-text__container \" data-track-category=\"Link no Texto\" data-track-links=\"\">Os nomes dos donos das fazendas n\u00e3o foram divulgados, por isso, a reportagem n\u00e3o conseguiu localizar as defesas deles at\u00e9 a \u00faltima atualiza\u00e7\u00e3o desta reportagem.<\/p>\n<div id=\"chunk-3afu8\">\n<div class=\"mc-column content-text active-extra-styles \" data-block-type=\"unstyled\" data-block-weight=\"55\" data-block-id=\"8\">\n<p class=\"content-text__container \" data-track-category=\"Link no Texto\" data-track-links=\"\">A v\u00edtima foi identificada como Roberto Pereira da Silva. Uma das propriedades fica em Amaralina e a outra em Mutun\u00f3polis, mas elas fazem divisa entre si. De acordo com a PM, o fazendeiro suspeito do crime fugiu do local ap\u00f3s os tiros, em uma moto, e se escondeu em uma mata, onde foi localizado.<\/p>\n<p data-track-category=\"Link no Texto\" data-track-links=\"\">\n<\/div>\n<\/div>\n<div id=\"chunk-7tkqt\">\n<div class=\"mc-column content-text active-extra-styles \" data-block-type=\"unstyled\" data-block-weight=\"49\" data-block-id=\"9\">\n<p class=\"content-text__container \" data-track-category=\"Link no Texto\" data-track-links=\"\">A PM informou que o fazendeiro, de 52 anos, teve armas apreendidas e foi encaminhado para a delegacia de Porangatu. Ele deve responder por homic\u00eddio. O outro fazendeiro envolvido na briga foi preso por porte ilegal de armas e tentativa de homic\u00eddio. O caso \u00e9 investigado pela Pol\u00edcia Civil.<\/p>\n<p data-track-category=\"Link no Texto\" data-track-links=\"\">\n<p class=\"content-publication-data__from\" title=\"Let\u00edcia Brito, g1 Goi\u00e1s\">Por Let\u00edcia Brito, g1 Goi\u00e1s<\/p>\n<p data-track-category=\"Link no Texto\" data-track-links=\"\">\n<\/div>\n<\/div>\n<\/div>\n<\/div>\n<\/div>\n","protected":false},"excerpt":{"rendered":"<p>Um homem de 48 anos morreu ap\u00f3s ser atingido por um disparo em uma troca de tiros entre fazendeiros em Mutun\u00f3polis, na regi\u00e3o norte de Goi\u00e1s, segundo informa\u00e7\u00f5es da Pol\u00edcia Militar. A corpora\u00e7\u00e3o informou ainda que a briga come\u00e7ou por causa da posi\u00e7\u00e3o de uma cerca que definia os limites entre duas fazendas. Os nomes [&hellip;]<\/p>\n","protected":false},"author":5,"featured_media":251098,"comment_status":"closed","ping_status":"closed","sticky":false,"template":"","format":"standard","meta":{"footnotes":""},"categories":[141,38],"tags":[],"class_list":["post-251097","post","type-post","status-publish","format-standard","has-post-thumbnail","hentry","category-goias","category-policia"],"_links":{"self":[{"href":"https:\/\/www.ocorreionews.com.br\/acervo-correio\/index.php?rest_route=\/wp\/v2\/posts\/251097","targetHints":{"allow":["GET"]}}],"collection":[{"href":"https:\/\/www.ocorreionews.com.br\/acervo-correio\/index.php?rest_route=\/wp\/v2\/posts"}],"about":[{"href":"https:\/\/www.ocorreionews.com.br\/acervo-correio\/index.php?rest_route=\/wp\/v2\/types\/post"}],"author":[{"embeddable":true,"href":"https:\/\/www.ocorreionews.com.br\/acervo-correio\/index.php?rest_route=\/wp\/v2\/users\/5"}],"replies":[{"embeddable":true,"href":"https:\/\/www.ocorreionews.com.br\/acervo-correio\/index.php?rest_route=%2Fwp%2Fv2%2Fcomments&post=251097"}],"version-history":[{"count":1,"href":"https:\/\/www.ocorreionews.com.br\/acervo-correio\/index.php?rest_route=\/wp\/v2\/posts\/251097\/revisions"}],"predecessor-version":[{"id":251099,"href":"https:\/\/www.ocorreionews.com.br\/acervo-correio\/index.php?rest_route=\/wp\/v2\/posts\/251097\/revisions\/251099"}],"wp:featuredmedia":[{"embeddable":true,"href":"https:\/\/www.ocorreionews.com.br\/acervo-correio\/index.php?rest_route=\/wp\/v2\/media\/251098"}],"wp:attachment":[{"href":"https:\/\/www.ocorreionews.com.br\/acervo-correio\/index.php?rest_route=%2Fwp%2Fv2%2Fmedia&parent=251097"}],"wp:term":[{"taxonomy":"category","embeddable":true,"href":"https:\/\/www.ocorreionews.com.br\/acervo-correio\/index.php?rest_route=%2Fwp%2Fv2%2Fcategories&post=251097"},{"taxonomy":"post_tag","embeddable":true,"href":"https:\/\/www.ocorreionews.com.br\/acervo-correio\/index.php?rest_route=%2Fwp%2Fv2%2Ftags&post=251097"}],"curies":[{"name":"wp","href":"https:\/\/api.w.org\/{rel}","templated":true}]}}