{"id":251102,"date":"2023-09-10T10:39:26","date_gmt":"2023-09-10T14:39:26","guid":{"rendered":"https:\/\/www.ocorreionews.com.br\/acervo-correio\/?p=251102"},"modified":"2023-09-10T10:39:26","modified_gmt":"2023-09-10T14:39:26","slug":"faustao-recebe-alta-de-hospital-apos-transplante-de-coracao","status":"publish","type":"post","link":"https:\/\/www.ocorreionews.com.br\/acervo-correio\/?p=251102","title":{"rendered":"Faust\u00e3o recebe alta de hospital ap\u00f3s transplante de cora\u00e7\u00e3o"},"content":{"rendered":"<div class=\"mc-column content-text active-extra-styles active-capital-letter\" data-block-type=\"unstyled\" data-block-weight=\"38\" data-block-id=\"2\">\n<p class=\"content-text__container theme-color-primary-first-letter\" data-track-category=\"Link no Texto\" data-track-links=\"\" data-mrf-recirculation=\"Article links\">Faust\u00e3o recebeu alta do Hospital Israelita Albert Einstein, em S\u00e3o Paulo, neste domingo (10). Segundo o \u00faltimo boletim m\u00e9dico divulgado nesta manh\u00e3, o apresentador &#8220;seguir\u00e1 sob as orienta\u00e7\u00f5es m\u00e9dicas e nutricionais para a reabilita\u00e7\u00e3o ap\u00f3s o transplante card\u00edaco&#8221;.<\/p>\n<div class=\"mc-column content-text active-extra-styles \" data-block-type=\"unstyled\" data-block-weight=\"50\" data-block-id=\"4\">\n<p class=\"content-text__container \" data-track-category=\"Link no Texto\" data-track-links=\"\" data-mrf-recirculation=\"Article links\">Na \u00faltima sexta-feira (8), ele deixou a \u00e1rea semi-intensiva e foi transferido para um apartamento da unidade de sa\u00fade. Agora, ele est\u00e1 liberado para ir para casa. O apresentador \u00e9 acompanhado pela equipe formada pelos m\u00e9dicos Fernando Bacal (cardiologista), F\u00e1bio Ant\u00f4nio Gaiotto (cirurgi\u00e3o cardiovascular) e Miguel Cendoroglo Neto (diretor m\u00e9dico).<\/p>\n<p data-track-category=\"Link no Texto\" data-track-links=\"\" data-mrf-recirculation=\"Article links\">\n<\/div>\n<div class=\"mc-column content-text active-extra-styles \" data-block-type=\"unstyled\" data-block-weight=\"28\" data-block-id=\"5\">\n<p class=\"content-text__container \" data-track-category=\"Link no Texto\" data-track-links=\"\" data-mrf-recirculation=\"Article links\">A doa\u00e7\u00e3o foi feita pelo jogador de futebol de v\u00e1rzea, F\u00e1bio Cordeiro da Silva, que morreu no \u00faltimo dia 26, v\u00edtima de um Acidente Vascular Cerebral (AVC).<\/p>\n<div class=\"mc-column content-text active-extra-styles \" data-block-type=\"unstyled\" data-block-weight=\"111\" data-block-id=\"6\">\n<p class=\"content-text__container \" data-track-category=\"Link no Texto\" data-track-links=\"\" data-mrf-recirculation=\"Article links\">Em 31 de agosto, Faust\u00e3o gravou um v\u00eddeo, para agradecer a todos que torceram por sua recupera\u00e7\u00e3o e, principalmente, \u00e0 fam\u00edlia do doador do seu novo cora\u00e7\u00e3o: &#8220;Quero fazer um agradecimento especial ao Jos\u00e9 Pereira da Silva, pai do F\u00e1bio, que teve uma grandiosidade incr\u00edvel, uma generosidade absurda e proporcionou que eu continuasse vivo. Eternamente grato ao Jos\u00e9 Pereira da Silva, homem simples. Eu fico emocionado, porque ele me deixou a chance de viver de novo. Agradecer ao Welisson, irm\u00e3o do F\u00e1bio, e \u00e0 Jaqueline, a vi\u00fava. A esses que tenho que agradecer. Essas pessoas das mais humildes que, na hora que eu precisei, me deram um cora\u00e7\u00e3o novo&#8221;.<\/p>\n<p data-track-category=\"Link no Texto\" data-track-links=\"\" data-mrf-recirculation=\"Article links\">\n<\/div>\n<div class=\"mc-column content-text active-extra-styles \" data-block-type=\"unstyled\" data-block-weight=\"65\" data-block-id=\"8\">\n<p class=\"content-text__container \" data-track-category=\"Link no Texto\" data-track-links=\"\" data-mrf-recirculation=\"Article links\">Faust\u00e3o foi internado na Unidade de Terapia Intensiva (UTI) do Einstein no dia 5 de agosto, para tratar uma insufici\u00eancia card\u00edaca. Ele foi submetido a sess\u00f5es de di\u00e1lise. Por causa disso, ele entrou na fila do transplante para receber um novo cora\u00e7\u00e3o.<\/p>\n<p class=\"content-text__container \" data-track-category=\"Link no Texto\" data-track-links=\"\" data-mrf-recirculation=\"Article links\">O apresentador ocupava o segundo lugar, de acordo com a Central de Transplantes do Estado de S\u00e3o Paulo, quando foi para a cirurgia.<\/p>\n<p data-track-category=\"Link no Texto\" data-track-links=\"\" data-mrf-recirculation=\"Article links\">\n<\/div>\n<div class=\"mc-column content-text active-extra-styles \" data-block-type=\"unstyled\" data-block-weight=\"38\" data-block-id=\"9\">\n<p class=\"content-text__container \" data-track-category=\"Link no Texto\" data-track-links=\"\" data-mrf-recirculation=\"Article links\">Ap\u00f3s a interna\u00e7\u00e3o, a mulher de Fausto Silva, Luciana Cardoso, criou um perfil no Instagram para incentivar a doa\u00e7\u00e3o de \u00f3rg\u00e3os, chamado &#8220;Faust\u00e3o do meu cora\u00e7\u00e3o&#8221;. Ele chegou a ser derrubado pela plataforma, mas depois voltou ao ar.<\/p>\n<p data-track-category=\"Link no Texto\" data-track-links=\"\" data-mrf-recirculation=\"Article links\">\n<p class=\"content-text__container \" data-track-category=\"Link no Texto\" data-track-links=\"\" data-mrf-recirculation=\"Article links\">*O Globo &#8211; Anna Luiza Santiago<\/p>\n<\/div>\n<\/div>\n<\/div>\n","protected":false},"excerpt":{"rendered":"<p>Faust\u00e3o recebeu alta do Hospital Israelita Albert Einstein, em S\u00e3o Paulo, neste domingo (10). Segundo o \u00faltimo boletim m\u00e9dico divulgado nesta manh\u00e3, o apresentador &#8220;seguir\u00e1 sob as orienta\u00e7\u00f5es m\u00e9dicas e nutricionais para a reabilita\u00e7\u00e3o ap\u00f3s o transplante card\u00edaco&#8221;. Na \u00faltima sexta-feira (8), ele deixou a \u00e1rea semi-intensiva e foi transferido para um apartamento da unidade [&hellip;]<\/p>\n","protected":false},"author":5,"featured_media":249066,"comment_status":"closed","ping_status":"closed","sticky":false,"template":"","format":"standard","meta":{"footnotes":""},"categories":[31],"tags":[],"class_list":["post-251102","post","type-post","status-publish","format-standard","has-post-thumbnail","hentry","category-geral"],"_links":{"self":[{"href":"https:\/\/www.ocorreionews.com.br\/acervo-correio\/index.php?rest_route=\/wp\/v2\/posts\/251102","targetHints":{"allow":["GET"]}}],"collection":[{"href":"https:\/\/www.ocorreionews.com.br\/acervo-correio\/index.php?rest_route=\/wp\/v2\/posts"}],"about":[{"href":"https:\/\/www.ocorreionews.com.br\/acervo-correio\/index.php?rest_route=\/wp\/v2\/types\/post"}],"author":[{"embeddable":true,"href":"https:\/\/www.ocorreionews.com.br\/acervo-correio\/index.php?rest_route=\/wp\/v2\/users\/5"}],"replies":[{"embeddable":true,"href":"https:\/\/www.ocorreionews.com.br\/acervo-correio\/index.php?rest_route=%2Fwp%2Fv2%2Fcomments&post=251102"}],"version-history":[{"count":1,"href":"https:\/\/www.ocorreionews.com.br\/acervo-correio\/index.php?rest_route=\/wp\/v2\/posts\/251102\/revisions"}],"predecessor-version":[{"id":251103,"href":"https:\/\/www.ocorreionews.com.br\/acervo-correio\/index.php?rest_route=\/wp\/v2\/posts\/251102\/revisions\/251103"}],"wp:featuredmedia":[{"embeddable":true,"href":"https:\/\/www.ocorreionews.com.br\/acervo-correio\/index.php?rest_route=\/wp\/v2\/media\/249066"}],"wp:attachment":[{"href":"https:\/\/www.ocorreionews.com.br\/acervo-correio\/index.php?rest_route=%2Fwp%2Fv2%2Fmedia&parent=251102"}],"wp:term":[{"taxonomy":"category","embeddable":true,"href":"https:\/\/www.ocorreionews.com.br\/acervo-correio\/index.php?rest_route=%2Fwp%2Fv2%2Fcategories&post=251102"},{"taxonomy":"post_tag","embeddable":true,"href":"https:\/\/www.ocorreionews.com.br\/acervo-correio\/index.php?rest_route=%2Fwp%2Fv2%2Ftags&post=251102"}],"curies":[{"name":"wp","href":"https:\/\/api.w.org\/{rel}","templated":true}]}}