{"id":251106,"date":"2023-09-10T11:22:10","date_gmt":"2023-09-10T15:22:10","guid":{"rendered":"https:\/\/www.ocorreionews.com.br\/acervo-correio\/?p=251106"},"modified":"2023-09-10T11:22:10","modified_gmt":"2023-09-10T15:22:10","slug":"homem-usando-tornozeleira-eletronica-e-esfaqueado-em-bar-de-chapadao-do-sul","status":"publish","type":"post","link":"https:\/\/www.ocorreionews.com.br\/acervo-correio\/?p=251106","title":{"rendered":"Homem usando tornozeleira eletr\u00f4nica \u00e9 esfaqueado em bar de Chapad\u00e3o do Sul"},"content":{"rendered":"<p><span data-contrast=\"none\">Na noite deste s\u00e1bado (09), M.D.V, masculino de 42 anos, que estava usando uma tornezeleira eletr\u00f4nica, foi esfaqueado no pesco\u00e7o em um bar no Bairro Sibipiruna em Chapad\u00e3o do Sul.<\/span><span data-ccp-props=\"{&quot;201341983&quot;:0,&quot;335559739&quot;:160,&quot;335559740&quot;:259}\">\u00a0<\/span><\/p>\n<p><span data-contrast=\"none\">Segundo informa\u00e7\u00f5es repassadas para nossa reportagem, por volta das 18h30min, o Corpo de Bombeiros foi acionado por testemunhas, onde a v\u00edtima estaria pedindo socorro, ap\u00f3s ter sido esfaqueado no pesco\u00e7o.<\/span><span data-ccp-props=\"{&quot;201341983&quot;:0,&quot;335559739&quot;:160,&quot;335559740&quot;:259}\">\u00a0<\/span><\/p>\n<p><span data-contrast=\"none\">No local os socorristas encontraram a v\u00edtima com um ferimento superficial no pesco\u00e7o, consciente e orientado, onde relatou aos bombeiros que foi agredido em um bar pr\u00f3ximo e saiu correndo e pediu socorro a um morador vizinho.<\/span><span data-ccp-props=\"{&quot;201341983&quot;:0,&quot;335559739&quot;:160,&quot;335559740&quot;:259}\">\u00a0<\/span><\/p>\n<p><span data-contrast=\"none\">Com\u00a0sinais vitais est\u00e1veis, M.D.V\u00a0foi transportada at\u00e9 o hospital municipal e deixada aos cuidados m\u00e9dicos.<\/span><span data-ccp-props=\"{&quot;134233117&quot;:false,&quot;134233118&quot;:false,&quot;201341983&quot;:0,&quot;335551550&quot;:1,&quot;335551620&quot;:1,&quot;335559685&quot;:0,&quot;335559737&quot;:0,&quot;335559738&quot;:0,&quot;335559739&quot;:160,&quot;335559740&quot;:259}\">\u00a0<\/span><\/p>\n<p><span data-contrast=\"none\">Foi acionada a Pol\u00edcia Militar, v\u00edtima estava de tornozeleira pelo Art. 157 (roubou ou furto), n\u00e3o se sabe se \u00e9 morador da cidade, pois a Pol\u00edcia Militar n\u00e3o se recorda de ter visto esse cidad\u00e3o na cidade.<\/span><span data-ccp-props=\"{&quot;201341983&quot;:0,&quot;335559739&quot;:160,&quot;335559740&quot;:259}\">\u00a0<\/span><\/p>\n<p><span data-contrast=\"none\">N\u00e3o h\u00e1 informa\u00e7\u00e3o sobre o motivo ou o suspeito de autor da facada.<\/span><span data-ccp-props=\"{&quot;201341983&quot;:0,&quot;335559739&quot;:160,&quot;335559740&quot;:259}\">\u00a0<\/span><\/p>\n","protected":false},"excerpt":{"rendered":"<p>Na noite deste s\u00e1bado (09), M.D.V, masculino de 42 anos, que estava usando uma tornezeleira eletr\u00f4nica, foi esfaqueado no pesco\u00e7o em um bar no Bairro Sibipiruna em Chapad\u00e3o do Sul.\u00a0 Segundo informa\u00e7\u00f5es repassadas para nossa reportagem, por volta das 18h30min, o Corpo de Bombeiros foi acionado por testemunhas, onde a v\u00edtima estaria pedindo socorro, ap\u00f3s [&hellip;]<\/p>\n","protected":false},"author":5,"featured_media":218903,"comment_status":"closed","ping_status":"closed","sticky":false,"template":"","format":"standard","meta":{"footnotes":""},"categories":[23,41],"tags":[],"class_list":["post-251106","post","type-post","status-publish","format-standard","has-post-thumbnail","hentry","category-chapadao-do-sul","category-destaque"],"_links":{"self":[{"href":"https:\/\/www.ocorreionews.com.br\/acervo-correio\/index.php?rest_route=\/wp\/v2\/posts\/251106","targetHints":{"allow":["GET"]}}],"collection":[{"href":"https:\/\/www.ocorreionews.com.br\/acervo-correio\/index.php?rest_route=\/wp\/v2\/posts"}],"about":[{"href":"https:\/\/www.ocorreionews.com.br\/acervo-correio\/index.php?rest_route=\/wp\/v2\/types\/post"}],"author":[{"embeddable":true,"href":"https:\/\/www.ocorreionews.com.br\/acervo-correio\/index.php?rest_route=\/wp\/v2\/users\/5"}],"replies":[{"embeddable":true,"href":"https:\/\/www.ocorreionews.com.br\/acervo-correio\/index.php?rest_route=%2Fwp%2Fv2%2Fcomments&post=251106"}],"version-history":[{"count":2,"href":"https:\/\/www.ocorreionews.com.br\/acervo-correio\/index.php?rest_route=\/wp\/v2\/posts\/251106\/revisions"}],"predecessor-version":[{"id":251108,"href":"https:\/\/www.ocorreionews.com.br\/acervo-correio\/index.php?rest_route=\/wp\/v2\/posts\/251106\/revisions\/251108"}],"wp:featuredmedia":[{"embeddable":true,"href":"https:\/\/www.ocorreionews.com.br\/acervo-correio\/index.php?rest_route=\/wp\/v2\/media\/218903"}],"wp:attachment":[{"href":"https:\/\/www.ocorreionews.com.br\/acervo-correio\/index.php?rest_route=%2Fwp%2Fv2%2Fmedia&parent=251106"}],"wp:term":[{"taxonomy":"category","embeddable":true,"href":"https:\/\/www.ocorreionews.com.br\/acervo-correio\/index.php?rest_route=%2Fwp%2Fv2%2Fcategories&post=251106"},{"taxonomy":"post_tag","embeddable":true,"href":"https:\/\/www.ocorreionews.com.br\/acervo-correio\/index.php?rest_route=%2Fwp%2Fv2%2Ftags&post=251106"}],"curies":[{"name":"wp","href":"https:\/\/api.w.org\/{rel}","templated":true}]}}