{"id":251109,"date":"2023-09-10T15:13:47","date_gmt":"2023-09-10T19:13:47","guid":{"rendered":"https:\/\/www.ocorreionews.com.br\/acervo-correio\/?p=251109"},"modified":"2023-09-10T15:13:47","modified_gmt":"2023-09-10T19:13:47","slug":"policia-civil-identifica-e-realiza-buscas-por-suspeito-de-homicidio-em-sao-gabriel-do-oeste","status":"publish","type":"post","link":"https:\/\/www.ocorreionews.com.br\/acervo-correio\/?p=251109","title":{"rendered":"Pol\u00edcia Civil identifica e realiza buscas por suspeito de homic\u00eddio em S\u00e3o Gabriel do Oeste"},"content":{"rendered":"<div class=\"fs-5 flex-shrink-0 w-100\">\n<p>A Pol\u00edcia Civil j\u00e1 identificou a autoria do homic\u00eddio de Jonathan Alves de Araujo, um jovem de 20 anos, ocorrido na manh\u00e3 deste domingo (10), em S\u00e3o Gabriel do Oeste. \u00a0Jonathan perdeu a vida devido a ferimentos causados por uma arma branca.<\/p>\n<p>O crime aconteceu na esquina de uma tabacaria, local onde Jonathan e os demais envolvidos passaram a noite. Segundo informa\u00e7\u00f5es apuradas pela nossa reportagem, a v\u00edtima saiu do local e buscou ajuda, por\u00e9m, apesar dos esfor\u00e7os, n\u00e3o resistiu aos ferimentos e veio a \u00f3bito dentro do ve\u00edculo de um amigo, que tentava lev\u00e1-lo para o Hospital Municipal.<\/p>\n<p>O Servi\u00e7o de Atendimento M\u00f3vel de Urg\u00eancia (Samu) foi acionado por volta das 06 horas e, ao chegar no local, onde o ve\u00edculo estava estacionado na rua Anhumas, constatou o \u00f3bito de Jonathan.<\/p>\n<p>As autoridades policiais rapidamente se mobilizaram para esclarecer o caso. Equipes da Pol\u00edcia Militar, da Pol\u00edcia Civil e da per\u00edcia t\u00e9cnica estiveram presentes no local para realizar os levantamentos necess\u00e1rios, a fim de reunir evid\u00eancias que auxiliem na resolu\u00e7\u00e3o do crime.<\/p>\n<p>As investiga\u00e7\u00f5es est\u00e3o em curso, e as for\u00e7as policiais est\u00e3o no encal\u00e7o do suspeito identificado.<\/p>\n<p>Idest<\/p>\n<\/div>\n","protected":false},"excerpt":{"rendered":"<p>A Pol\u00edcia Civil j\u00e1 identificou a autoria do homic\u00eddio de Jonathan Alves de Araujo, um jovem de 20 anos, ocorrido na manh\u00e3 deste domingo (10), em S\u00e3o Gabriel do Oeste. \u00a0Jonathan perdeu a vida devido a ferimentos causados por uma arma branca. O crime aconteceu na esquina de uma tabacaria, local onde Jonathan e os [&hellip;]<\/p>\n","protected":false},"author":4,"featured_media":251110,"comment_status":"closed","ping_status":"closed","sticky":false,"template":"","format":"standard","meta":{"footnotes":""},"categories":[38],"tags":[],"class_list":["post-251109","post","type-post","status-publish","format-standard","has-post-thumbnail","hentry","category-policia"],"_links":{"self":[{"href":"https:\/\/www.ocorreionews.com.br\/acervo-correio\/index.php?rest_route=\/wp\/v2\/posts\/251109","targetHints":{"allow":["GET"]}}],"collection":[{"href":"https:\/\/www.ocorreionews.com.br\/acervo-correio\/index.php?rest_route=\/wp\/v2\/posts"}],"about":[{"href":"https:\/\/www.ocorreionews.com.br\/acervo-correio\/index.php?rest_route=\/wp\/v2\/types\/post"}],"author":[{"embeddable":true,"href":"https:\/\/www.ocorreionews.com.br\/acervo-correio\/index.php?rest_route=\/wp\/v2\/users\/4"}],"replies":[{"embeddable":true,"href":"https:\/\/www.ocorreionews.com.br\/acervo-correio\/index.php?rest_route=%2Fwp%2Fv2%2Fcomments&post=251109"}],"version-history":[{"count":1,"href":"https:\/\/www.ocorreionews.com.br\/acervo-correio\/index.php?rest_route=\/wp\/v2\/posts\/251109\/revisions"}],"predecessor-version":[{"id":251111,"href":"https:\/\/www.ocorreionews.com.br\/acervo-correio\/index.php?rest_route=\/wp\/v2\/posts\/251109\/revisions\/251111"}],"wp:featuredmedia":[{"embeddable":true,"href":"https:\/\/www.ocorreionews.com.br\/acervo-correio\/index.php?rest_route=\/wp\/v2\/media\/251110"}],"wp:attachment":[{"href":"https:\/\/www.ocorreionews.com.br\/acervo-correio\/index.php?rest_route=%2Fwp%2Fv2%2Fmedia&parent=251109"}],"wp:term":[{"taxonomy":"category","embeddable":true,"href":"https:\/\/www.ocorreionews.com.br\/acervo-correio\/index.php?rest_route=%2Fwp%2Fv2%2Fcategories&post=251109"},{"taxonomy":"post_tag","embeddable":true,"href":"https:\/\/www.ocorreionews.com.br\/acervo-correio\/index.php?rest_route=%2Fwp%2Fv2%2Ftags&post=251109"}],"curies":[{"name":"wp","href":"https:\/\/api.w.org\/{rel}","templated":true}]}}