{"id":251120,"date":"2023-09-11T08:15:21","date_gmt":"2023-09-11T12:15:21","guid":{"rendered":"https:\/\/www.ocorreionews.com.br\/acervo-correio\/?p=251120"},"modified":"2023-09-11T08:15:21","modified_gmt":"2023-09-11T12:15:21","slug":"com-fim-do-vazio-sanitario-cultivo-da-soja-sera-retomado-nesta-semana","status":"publish","type":"post","link":"https:\/\/www.ocorreionews.com.br\/acervo-correio\/?p=251120","title":{"rendered":"Com fim do vazio sanit\u00e1rio, cultivo da soja ser\u00e1 retomado nesta semana"},"content":{"rendered":"<p>O vazio sanit\u00e1rio da soja em Mato Grosso do Sul ser\u00e1 encerrado nesta semana, em 15 de setembro. At\u00e9 esse per\u00edodo, fica proibido plantar ou manter vivas plantas de soja em qualquer fase de desenvolvimento.<\/p>\n<p>O per\u00edodo de plantio da oleaginosa no Estado acontece entre os dias 16 de setembro a 31 de dezembro e o cadastro de \u00e1rea plantada \u00e9 obrigat\u00f3rio, devendo ser realizado no site do Iagro (<a href=\"http:\/\/www.servicos.iagro.ms.gov.br\/plantio\">www.servicos.iagro.ms.gov.br\/plantio<\/a>) no per\u00edodo entre 1\u00ba de setembro e 10 de janeiro.<\/p>\n<p>A ferrugem asi\u00e1tica \u00e9 uma das doen\u00e7as mais severas que incidem na cultura da soja, podendo ocorrer em qualquer est\u00e1dio fenol\u00f3gico. Nas regi\u00f5es onde a praga foi relatada em n\u00edveis epid\u00eamicos, os danos variam de 10% a 90% da produ\u00e7\u00e3o.<\/p>\n<p>De acordo com o Mapa (Minist\u00e9rio de Agropecu\u00e1ria e Pecu\u00e1ria), a medida fitossanit\u00e1ria \u00e9 uma das mais importantes para o controle da praga. O fungo Phakopsora pachyrhizi, que \u00e9 o causador da ferrugem asi\u00e1tica, uma doen\u00e7a que pode ocasionar at\u00e9 75% de perda da safra e que possui alta capacidade de reprodu\u00e7\u00e3o e dissemina\u00e7\u00e3o.<\/p>\n<p>Vale ressaltar que na \u00faltima safra, ver\u00e3o 2022\/2023, o Estado registrou 57 casos de ferrugem asi\u00e1tica, ficando atr\u00e1s apenas do Paran\u00e1, com 83 casos. O Mato Grosso, maior produtor de soja, registrou apenas 16 ocorr\u00eancias. Em MS, o maior n\u00famero de casos foi registrado no munic\u00edpio de Navira\u00ed, 16.<\/p>\n<p><a href=\"https:\/\/www.gov.br\/agricultura\/pt-br\/assuntos\/noticias\/mapa-divulga-os-periodos-de-vazio-sanitario-da-soja-para-2023\"><strong>Clique aqui<\/strong><\/a> e confira as recomenda\u00e7\u00f5es do Mapa para produtores rurais.<\/p>\n<p>&nbsp;<\/p>\n<p>Por Gustavo Bonotto &#8211; Campo Grande News<\/p>\n","protected":false},"excerpt":{"rendered":"<p>O vazio sanit\u00e1rio da soja em Mato Grosso do Sul ser\u00e1 encerrado nesta semana, em 15 de setembro. At\u00e9 esse per\u00edodo, fica proibido plantar ou manter vivas plantas de soja em qualquer fase de desenvolvimento. O per\u00edodo de plantio da oleaginosa no Estado acontece entre os dias 16 de setembro a 31 de dezembro e [&hellip;]<\/p>\n","protected":false},"author":5,"featured_media":251131,"comment_status":"closed","ping_status":"closed","sticky":false,"template":"","format":"standard","meta":{"footnotes":""},"categories":[17],"tags":[],"class_list":["post-251120","post","type-post","status-publish","format-standard","has-post-thumbnail","hentry","category-agropecuaria"],"_links":{"self":[{"href":"https:\/\/www.ocorreionews.com.br\/acervo-correio\/index.php?rest_route=\/wp\/v2\/posts\/251120","targetHints":{"allow":["GET"]}}],"collection":[{"href":"https:\/\/www.ocorreionews.com.br\/acervo-correio\/index.php?rest_route=\/wp\/v2\/posts"}],"about":[{"href":"https:\/\/www.ocorreionews.com.br\/acervo-correio\/index.php?rest_route=\/wp\/v2\/types\/post"}],"author":[{"embeddable":true,"href":"https:\/\/www.ocorreionews.com.br\/acervo-correio\/index.php?rest_route=\/wp\/v2\/users\/5"}],"replies":[{"embeddable":true,"href":"https:\/\/www.ocorreionews.com.br\/acervo-correio\/index.php?rest_route=%2Fwp%2Fv2%2Fcomments&post=251120"}],"version-history":[{"count":2,"href":"https:\/\/www.ocorreionews.com.br\/acervo-correio\/index.php?rest_route=\/wp\/v2\/posts\/251120\/revisions"}],"predecessor-version":[{"id":251134,"href":"https:\/\/www.ocorreionews.com.br\/acervo-correio\/index.php?rest_route=\/wp\/v2\/posts\/251120\/revisions\/251134"}],"wp:featuredmedia":[{"embeddable":true,"href":"https:\/\/www.ocorreionews.com.br\/acervo-correio\/index.php?rest_route=\/wp\/v2\/media\/251131"}],"wp:attachment":[{"href":"https:\/\/www.ocorreionews.com.br\/acervo-correio\/index.php?rest_route=%2Fwp%2Fv2%2Fmedia&parent=251120"}],"wp:term":[{"taxonomy":"category","embeddable":true,"href":"https:\/\/www.ocorreionews.com.br\/acervo-correio\/index.php?rest_route=%2Fwp%2Fv2%2Fcategories&post=251120"},{"taxonomy":"post_tag","embeddable":true,"href":"https:\/\/www.ocorreionews.com.br\/acervo-correio\/index.php?rest_route=%2Fwp%2Fv2%2Ftags&post=251120"}],"curies":[{"name":"wp","href":"https:\/\/api.w.org\/{rel}","templated":true}]}}