{"id":251135,"date":"2023-09-11T08:20:33","date_gmt":"2023-09-11T12:20:33","guid":{"rendered":"https:\/\/www.ocorreionews.com.br\/acervo-correio\/?p=251135"},"modified":"2023-09-11T09:12:04","modified_gmt":"2023-09-11T13:12:04","slug":"mais-de-29-mil-animais-morreram-em-funcao-das-enchentes","status":"publish","type":"post","link":"https:\/\/www.ocorreionews.com.br\/acervo-correio\/?p=251135","title":{"rendered":"Mais de 29 mil animais morreram em fun\u00e7\u00e3o das enchentes no RS"},"content":{"rendered":"<article>\n<div id=\"noticia-detalhe\" class=\"hfeed hentry\">\n<div class=\"noticia-conteudo agk-cont-destaque3\">\n<div class=\"noticia-corpo-conteudo\">\n<p>Um relat\u00f3rio preliminar que apresenta perdas relacionadas a infraestrutura, produ\u00e7\u00e3o prim\u00e1ria, pecu\u00e1ria e pastagens, em decorr\u00eancia do ciclone extratropical que atingiu o Rio Grande do Sul nos primeiros dias de setembro. As condi\u00e7\u00f5es clim\u00e1ticas adversas afetaram 50 munic\u00edpios, 665 localidades e 10.787 propriedades.<\/p>\n<div id=\"agk_14000_pos_4_conteudo_desktop\" class=\"mb-4\" data-google-query-id=\"CI6vq9nEooEDFb1WuAQdIikJfw\">\n<div id=\"google_ads_iframe_\/316485075\/agk_14000_pos_4_conteudo_desktop_0__container__\">De acordo com os dados divulgados pelo Governo do Estado do Rio Grande do Sul, na pecu\u00e1ria, morreram 29.356 animais, entre bovinos de corte e de leite, su\u00ednos e aves e perderam-se 370 caixas de abelhas e 35,5 toneladas de peixe. Foram 346 produtores prejudicados. A produ\u00e7\u00e3o n\u00e3o coletada de leite chegou a 327,3 mil litros, lesando um total de 813 produtores.<\/div>\n<\/div>\n<p>J\u00e1 em rela\u00e7\u00e3o \u00e0 infraestrutura, o evento clim\u00e1tico afetou 4.456,8 quil\u00f4metros de estradas vicinais e causou problemas de escoamento da produ\u00e7\u00e3o em 197 comunidades. Houve danos em 1.192 casas, 621 galp\u00f5es, 12 armaz\u00e9ns, 116 silos, 25 estufas de fumo, 25 estufas\/t\u00faneis pl\u00e1sticos para horticultura, 128 a\u00e7udes (piscicultura\/irriga\u00e7\u00e3o), 53 avi\u00e1rios e 45 pocilgas.<\/p>\n<p>Na produ\u00e7\u00e3o prim\u00e1ria, as chuvas torrenciais resultaram em s\u00e9rias perdas na produ\u00e7\u00e3o prim\u00e1ria, afetando principalmente gr\u00e3os, frutas, olericultura e fumo. As perdas se mostraram significativas, com destaque para milho e trigo, que tiveram grandes \u00e1reas atingidas e alto volume de produ\u00e7\u00e3o perdidas.<\/p>\n<p>Ainda segundo dados levantados no relat\u00f3rio, na fruticultura, v\u00e1rios cultivos, como laranja e uva, sofreram perdas consider\u00e1veis. A olericultura e a produ\u00e7\u00e3o de fumo foram duramente atingidas, prejudicando muitos produtores.\u00a0Ao todo, 1.616 produtores tiveram perdas na produ\u00e7\u00e3o de gr\u00e3os, 88 na fruticultura, 2.691 no fumo e 198 na olericultura.<\/p>\n<p>O documento foi\u00a0elaborado pela Empresa de Assist\u00eancia T\u00e9cnica e Extens\u00e3o Rural (Emater).\u00a0Os dados s\u00e3o oriundos do sistema Sisperdas.<\/p>\n<p>&nbsp;<\/p>\n<p><strong class=\"fn\"><a class=\"text-uppercase\" target=\"_blank\" rel=\"noopener\">AGROLINK<\/a><\/strong>\u00a0&#8211;<i>Aline Merladete<\/i><\/p>\n<\/div>\n<\/div>\n<\/div>\n<\/article>\n","protected":false},"excerpt":{"rendered":"<p>Um relat\u00f3rio preliminar que apresenta perdas relacionadas a infraestrutura, produ\u00e7\u00e3o prim\u00e1ria, pecu\u00e1ria e pastagens, em decorr\u00eancia do ciclone extratropical que atingiu o Rio Grande do Sul nos primeiros dias de setembro. As condi\u00e7\u00f5es clim\u00e1ticas adversas afetaram 50 munic\u00edpios, 665 localidades e 10.787 propriedades. De acordo com os dados divulgados pelo Governo do Estado do Rio [&hellip;]<\/p>\n","protected":false},"author":4,"featured_media":251136,"comment_status":"closed","ping_status":"closed","sticky":false,"template":"","format":"standard","meta":{"footnotes":""},"categories":[144,38],"tags":[],"class_list":["post-251135","post","type-post","status-publish","format-standard","has-post-thumbnail","hentry","category-meio-ambiente","category-policia"],"_links":{"self":[{"href":"https:\/\/www.ocorreionews.com.br\/acervo-correio\/index.php?rest_route=\/wp\/v2\/posts\/251135","targetHints":{"allow":["GET"]}}],"collection":[{"href":"https:\/\/www.ocorreionews.com.br\/acervo-correio\/index.php?rest_route=\/wp\/v2\/posts"}],"about":[{"href":"https:\/\/www.ocorreionews.com.br\/acervo-correio\/index.php?rest_route=\/wp\/v2\/types\/post"}],"author":[{"embeddable":true,"href":"https:\/\/www.ocorreionews.com.br\/acervo-correio\/index.php?rest_route=\/wp\/v2\/users\/4"}],"replies":[{"embeddable":true,"href":"https:\/\/www.ocorreionews.com.br\/acervo-correio\/index.php?rest_route=%2Fwp%2Fv2%2Fcomments&post=251135"}],"version-history":[{"count":3,"href":"https:\/\/www.ocorreionews.com.br\/acervo-correio\/index.php?rest_route=\/wp\/v2\/posts\/251135\/revisions"}],"predecessor-version":[{"id":251152,"href":"https:\/\/www.ocorreionews.com.br\/acervo-correio\/index.php?rest_route=\/wp\/v2\/posts\/251135\/revisions\/251152"}],"wp:featuredmedia":[{"embeddable":true,"href":"https:\/\/www.ocorreionews.com.br\/acervo-correio\/index.php?rest_route=\/wp\/v2\/media\/251136"}],"wp:attachment":[{"href":"https:\/\/www.ocorreionews.com.br\/acervo-correio\/index.php?rest_route=%2Fwp%2Fv2%2Fmedia&parent=251135"}],"wp:term":[{"taxonomy":"category","embeddable":true,"href":"https:\/\/www.ocorreionews.com.br\/acervo-correio\/index.php?rest_route=%2Fwp%2Fv2%2Fcategories&post=251135"},{"taxonomy":"post_tag","embeddable":true,"href":"https:\/\/www.ocorreionews.com.br\/acervo-correio\/index.php?rest_route=%2Fwp%2Fv2%2Ftags&post=251135"}],"curies":[{"name":"wp","href":"https:\/\/api.w.org\/{rel}","templated":true}]}}