{"id":251146,"date":"2023-09-11T07:07:13","date_gmt":"2023-09-11T11:07:13","guid":{"rendered":"https:\/\/www.ocorreionews.com.br\/acervo-correio\/?p=251146"},"modified":"2023-09-11T09:44:51","modified_gmt":"2023-09-11T13:44:51","slug":"morre-o-morador-de-chapadao-do-sul-jose-roberto-de-lima","status":"publish","type":"post","link":"https:\/\/www.ocorreionews.com.br\/acervo-correio\/?p=251146","title":{"rendered":"Morre o morador de Chapad\u00e3o do Sul Jos\u00e9 Roberto de Lima"},"content":{"rendered":"<p>Faleceu na cidade Ribeir\u00e3o Preto (SP),\u00a0 Jos\u00e9 Roberto de Lima, aos 54 anos de idade. Jos\u00e9 Roberto era natural de Macei\u00f3 (AL). Ele estava morando em Chapad\u00e3o do Sul h\u00e1 um ano aproximadamente, para morar junto de seus filhos, que j\u00e1 estavam na cidade.<\/p>\n<p>Jos\u00e9 Roberto Lima era canavieiro da Usina Cerradinho Bio e recentemente foi diagnosticado com um c\u00e2ncer em est\u00e1gio adiantado e muito agressivo. Ele foi internado no Hospital S\u00e3o Francisco, da cidade do inteior de S\u00e3o Paulo, onde acabou falecendo.<\/p>\n<p>Ele deixa dois filhos e tr\u00eas netos, todos morando em Chapad\u00e3o do Sul. Seu corpo foi sepultado no Cemit\u00e9rio Municipal de Chapad\u00e3o do Sul.<\/p>\n<p>&nbsp;<\/p>\n<p><em>Com informa\u00e7\u00f5es da\u00a0 Jovemsulnews<\/em><\/p>\n","protected":false},"excerpt":{"rendered":"<p>Faleceu na cidade Ribeir\u00e3o Preto (SP),\u00a0 Jos\u00e9 Roberto de Lima, aos 54 anos de idade. Jos\u00e9 Roberto era natural de Macei\u00f3 (AL). Ele estava morando em Chapad\u00e3o do Sul h\u00e1 um ano aproximadamente, para morar junto de seus filhos, que j\u00e1 estavam na cidade. Jos\u00e9 Roberto Lima era canavieiro da Usina Cerradinho Bio e recentemente [&hellip;]<\/p>\n","protected":false},"author":5,"featured_media":251147,"comment_status":"closed","ping_status":"closed","sticky":false,"template":"","format":"standard","meta":{"footnotes":""},"categories":[23],"tags":[],"class_list":["post-251146","post","type-post","status-publish","format-standard","has-post-thumbnail","hentry","category-chapadao-do-sul"],"_links":{"self":[{"href":"https:\/\/www.ocorreionews.com.br\/acervo-correio\/index.php?rest_route=\/wp\/v2\/posts\/251146","targetHints":{"allow":["GET"]}}],"collection":[{"href":"https:\/\/www.ocorreionews.com.br\/acervo-correio\/index.php?rest_route=\/wp\/v2\/posts"}],"about":[{"href":"https:\/\/www.ocorreionews.com.br\/acervo-correio\/index.php?rest_route=\/wp\/v2\/types\/post"}],"author":[{"embeddable":true,"href":"https:\/\/www.ocorreionews.com.br\/acervo-correio\/index.php?rest_route=\/wp\/v2\/users\/5"}],"replies":[{"embeddable":true,"href":"https:\/\/www.ocorreionews.com.br\/acervo-correio\/index.php?rest_route=%2Fwp%2Fv2%2Fcomments&post=251146"}],"version-history":[{"count":1,"href":"https:\/\/www.ocorreionews.com.br\/acervo-correio\/index.php?rest_route=\/wp\/v2\/posts\/251146\/revisions"}],"predecessor-version":[{"id":251149,"href":"https:\/\/www.ocorreionews.com.br\/acervo-correio\/index.php?rest_route=\/wp\/v2\/posts\/251146\/revisions\/251149"}],"wp:featuredmedia":[{"embeddable":true,"href":"https:\/\/www.ocorreionews.com.br\/acervo-correio\/index.php?rest_route=\/wp\/v2\/media\/251147"}],"wp:attachment":[{"href":"https:\/\/www.ocorreionews.com.br\/acervo-correio\/index.php?rest_route=%2Fwp%2Fv2%2Fmedia&parent=251146"}],"wp:term":[{"taxonomy":"category","embeddable":true,"href":"https:\/\/www.ocorreionews.com.br\/acervo-correio\/index.php?rest_route=%2Fwp%2Fv2%2Fcategories&post=251146"},{"taxonomy":"post_tag","embeddable":true,"href":"https:\/\/www.ocorreionews.com.br\/acervo-correio\/index.php?rest_route=%2Fwp%2Fv2%2Ftags&post=251146"}],"curies":[{"name":"wp","href":"https:\/\/api.w.org\/{rel}","templated":true}]}}