{"id":25117,"date":"2016-04-11T11:04:22","date_gmt":"2016-04-11T15:04:22","guid":{"rendered":"https:\/\/ocorreionews.com.br\/?p=25117"},"modified":"2016-04-11T11:04:22","modified_gmt":"2016-04-11T15:04:22","slug":"esbanjando-animacao-mais-de-800-idosos-participaram-do-encontro-regional-de-chapadao-do-sul","status":"publish","type":"post","link":"https:\/\/www.ocorreionews.com.br\/acervo-correio\/?p=25117","title":{"rendered":"Esbanjando anima\u00e7\u00e3o mais de 800 idosos participaram do Encontro Regional de Chapad\u00e3o do Sul"},"content":{"rendered":"<p>Buscando cada vez mais a promo\u00e7\u00e3o da melhoria da qualidade de vida, o congra\u00e7amento e a troca de experi\u00eancia entre os participantes, Chapad\u00e3o do Sul promoveu neste domingo, 10, o seu 13\u00ba Encontro Regional da Melhor idade, no Centro de Eventos do Sindicato Rural.<\/p>\n<p>Temperado com muita anima\u00e7\u00e3o e descontra\u00e7\u00e3o dos idosos, o encontro reuniu caravanas de cidades de toda a regi\u00e3o. Mais de 800 participantes, segundo os organizadores, estiveram presentes no evento, que come\u00e7ou pela manh\u00e3 e seguiu at\u00e9 o final da tarde, promovido pela Secretaria Municipal de Assist\u00eancia Social por meio do Centro de Conviv\u00eancia do Idoso.<a href=\"https:\/\/ocorreionews.com.br\/wp-content\/uploads\/2016\/04\/encontro-regional-mellhor-idade-2016-b.jpg\" rel=\"attachment wp-att-25118\"><img loading=\"lazy\" decoding=\"async\" class=\"size-medium wp-image-25118 alignright\" src=\"https:\/\/ocorreionews.com.br\/wp-content\/uploads\/2016\/04\/encontro-regional-mellhor-idade-2016-b-300x190.jpg\" alt=\"encontro regional mellhor idade 2016 b\" width=\"300\" height=\"190\" srcset=\"https:\/\/www.ocorreionews.com.br\/acervo-correio\/wp-content\/uploads\/2016\/04\/encontro-regional-mellhor-idade-2016-b-300x190.jpg 300w, https:\/\/www.ocorreionews.com.br\/acervo-correio\/wp-content\/uploads\/2016\/04\/encontro-regional-mellhor-idade-2016-b-171x108.jpg 171w, https:\/\/www.ocorreionews.com.br\/acervo-correio\/wp-content\/uploads\/2016\/04\/encontro-regional-mellhor-idade-2016-b.jpg 697w\" sizes=\"auto, (max-width: 300px) 100vw, 300px\" \/><\/a><\/p>\n<p>Foi servido caf\u00e9 da manh\u00e3 e almo\u00e7o no local, mas a principal atra\u00e7\u00e3o \u00e9 sempre o animado baile, que este ano foi comandado pela dupla Edson e Val\u00e9ria. Houve tamb\u00e9m a Feira de artesanato com exposi\u00e7\u00e3o e venda de produtos confeccionados durante as oficinas do Conviver.<\/p>\n<p>Caravanas das cidades Costa Rica, Para\u00edso das \u00c1guas, Aparecida do Taboado, Mineiros, Chapad\u00e3o do C\u00e9u, Apor\u00e9, Itarum\u00e3, Itaj\u00e1, Cassil\u00e2ndia e Alcin\u00f3polis marcaram presen\u00e7a, al\u00e9m \u00e9 claro da \u201cturma\u201d sempre animada de Chapad\u00e3o do Sul.<\/p>\n<p>Lembran\u00e7as de participa\u00e7\u00e3o foram entregues para todas as caravanas visitantes e foi feita uma homenagem a Vice-prefeita, Liza Scheide, pelo anivers\u00e1rio.<\/p>\n<p>Autoridades do munic\u00edpio tiveram presente no evento.<\/p>\n<p><img decoding=\"async\" src=\"http:\/\/www.chapadaodosul.ms.gov.br\/admin\/arquivos\/images\/_DSC0090.JPG\" alt=\"\" \/><\/p>\n<p><em><strong>\u00a0<\/strong><\/em><\/p>\n","protected":false},"excerpt":{"rendered":"<p>Buscando cada vez mais a promo\u00e7\u00e3o da melhoria da qualidade de vida, o congra\u00e7amento e a troca de experi\u00eancia entre os participantes, Chapad\u00e3o do Sul promoveu neste domingo, 10, o seu 13\u00ba Encontro Regional da Melhor idade, no Centro de Eventos do Sindicato Rural. Temperado com muita anima\u00e7\u00e3o e descontra\u00e7\u00e3o dos idosos, o encontro reuniu [&hellip;]<\/p>\n","protected":false},"author":4,"featured_media":25119,"comment_status":"closed","ping_status":"closed","sticky":false,"template":"","format":"standard","meta":{"footnotes":""},"categories":[23],"tags":[],"class_list":["post-25117","post","type-post","status-publish","format-standard","has-post-thumbnail","hentry","category-chapadao-do-sul"],"_links":{"self":[{"href":"https:\/\/www.ocorreionews.com.br\/acervo-correio\/index.php?rest_route=\/wp\/v2\/posts\/25117","targetHints":{"allow":["GET"]}}],"collection":[{"href":"https:\/\/www.ocorreionews.com.br\/acervo-correio\/index.php?rest_route=\/wp\/v2\/posts"}],"about":[{"href":"https:\/\/www.ocorreionews.com.br\/acervo-correio\/index.php?rest_route=\/wp\/v2\/types\/post"}],"author":[{"embeddable":true,"href":"https:\/\/www.ocorreionews.com.br\/acervo-correio\/index.php?rest_route=\/wp\/v2\/users\/4"}],"replies":[{"embeddable":true,"href":"https:\/\/www.ocorreionews.com.br\/acervo-correio\/index.php?rest_route=%2Fwp%2Fv2%2Fcomments&post=25117"}],"version-history":[{"count":0,"href":"https:\/\/www.ocorreionews.com.br\/acervo-correio\/index.php?rest_route=\/wp\/v2\/posts\/25117\/revisions"}],"wp:featuredmedia":[{"embeddable":true,"href":"https:\/\/www.ocorreionews.com.br\/acervo-correio\/index.php?rest_route=\/wp\/v2\/media\/25119"}],"wp:attachment":[{"href":"https:\/\/www.ocorreionews.com.br\/acervo-correio\/index.php?rest_route=%2Fwp%2Fv2%2Fmedia&parent=25117"}],"wp:term":[{"taxonomy":"category","embeddable":true,"href":"https:\/\/www.ocorreionews.com.br\/acervo-correio\/index.php?rest_route=%2Fwp%2Fv2%2Fcategories&post=25117"},{"taxonomy":"post_tag","embeddable":true,"href":"https:\/\/www.ocorreionews.com.br\/acervo-correio\/index.php?rest_route=%2Fwp%2Fv2%2Ftags&post=25117"}],"curies":[{"name":"wp","href":"https:\/\/api.w.org\/{rel}","templated":true}]}}