{"id":251199,"date":"2023-09-11T14:16:13","date_gmt":"2023-09-11T18:16:13","guid":{"rendered":"https:\/\/www.ocorreionews.com.br\/acervo-correio\/?p=251199"},"modified":"2023-09-11T15:15:19","modified_gmt":"2023-09-11T19:15:19","slug":"briga-entre-irmaos-termina-com-um-preso-e-outro-ferido-por-golpe-de-facao-na-cabeca-em-figueirao","status":"publish","type":"post","link":"https:\/\/www.ocorreionews.com.br\/acervo-correio\/?p=251199","title":{"rendered":"Briga entre irm\u00e3os termina com um preso e outro ferido por golpe de fac\u00e3o na cabe\u00e7a em Figueir\u00e3o"},"content":{"rendered":"<p><span data-contrast=\"none\">\u00a0Na \u00faltima quarta-feira (06), uma briga entre tr\u00eas irm\u00e3os sendo dois masculinos 39 anos (g\u00eameos) e uma feminino de 36 anos, na cidade e Figueir\u00e3o resultou com um preso e outro ferido com golpe de fac\u00e3o na cabe\u00e7a.<\/span><span data-ccp-props=\"{&quot;201341983&quot;:0,&quot;335559739&quot;:160,&quot;335559740&quot;:259}\">\u00a0<\/span><\/p>\n<p><span data-contrast=\"none\">Segundo informa\u00e7\u00f5es retiradas do Boletim de Ocorr\u00eancia, por volta das 11h50min a PM de Figueir\u00e3o foi acionada a atender a uma ocorr\u00eancia pois estaria rolando uma briga em uma resid\u00eancia na Av. Moises de Ara\u00fajo Galv\u00e3o. <\/span><span data-ccp-props=\"{&quot;201341983&quot;:0,&quot;335559739&quot;:160,&quot;335559740&quot;:259}\">\u00a0<\/span><\/p>\n<p><span data-contrast=\"none\">No local a v\u00edtima relatou que chegou na resid\u00eancia de sua m\u00e3e e por um motivo f\u00fatil come\u00e7ou a discurs\u00e3o, momento em que o autor tomou posse de um fac\u00e3o e desferiu um golpe em sua cabe\u00e7a (ambos seriam irm\u00e3os g\u00eameos), a facada n\u00e3o foi a fio, fac\u00e3o foi usado apenas pra dar a bancada. <\/span><span data-ccp-props=\"{&quot;201341983&quot;:0,&quot;335559739&quot;:160,&quot;335559740&quot;:259}\">\u00a0<\/span><\/p>\n<p><span data-contrast=\"none\">O autor relatou aos militares que ambos estavam embriagados e a v\u00edtima n\u00e3o queria contribuir com os afazeres dom\u00e9sticos.\u00a0 <\/span><span data-ccp-props=\"{&quot;201341983&quot;:0,&quot;335559739&quot;:160,&quot;335559740&quot;:259}\">\u00a0<\/span><\/p>\n<p><span data-contrast=\"none\">A v\u00edtima tamb\u00e9m afirmou que o autor o amea\u00e7ou e disse que mataria ele e a sua outra irm\u00e3 (36 anos) e que ia comer o f\u00edgado deles. <\/span><span data-ccp-props=\"{&quot;201341983&quot;:0,&quot;335559739&quot;:160,&quot;335559740&quot;:259}\">\u00a0<\/span><\/p>\n<p><span data-contrast=\"none\">No quintal da resid\u00eancia foi localizado o fac\u00e3o que o autor utilizou. <\/span><span data-ccp-props=\"{&quot;201341983&quot;:0,&quot;335559739&quot;:160,&quot;335559740&quot;:259}\">\u00a0<\/span><\/p>\n<p><span data-contrast=\"none\">Diante dos fatos os envolvidos foram encaminhados para a Delegacia para que fossem tomadas as medidas cab\u00edveis.<\/span><span data-ccp-props=\"{&quot;201341983&quot;:0,&quot;335559739&quot;:160,&quot;335559740&quot;:259}\">\u00a0<\/span><\/p>\n<p><span data-contrast=\"none\">\u00a0<\/span><span data-ccp-props=\"{&quot;201341983&quot;:0,&quot;335559739&quot;:160,&quot;335559740&quot;:259}\">\u00a0<\/span><\/p>\n<p><i><span data-contrast=\"none\">*O Correio News, com informa\u00e7\u00f5es da Assessoria\u00a0de comunica\u00e7\u00e3o da Pol\u00edcia Militar<\/span><\/i><span data-ccp-props=\"{&quot;201341983&quot;:0,&quot;335559739&quot;:160,&quot;335559740&quot;:259}\">\u00a0<\/span><\/p>\n","protected":false},"excerpt":{"rendered":"<p>\u00a0Na \u00faltima quarta-feira (06), uma briga entre tr\u00eas irm\u00e3os sendo dois masculinos 39 anos (g\u00eameos) e uma feminino de 36 anos, na cidade e Figueir\u00e3o resultou com um preso e outro ferido com golpe de fac\u00e3o na cabe\u00e7a.\u00a0 Segundo informa\u00e7\u00f5es retiradas do Boletim de Ocorr\u00eancia, por volta das 11h50min a PM de Figueir\u00e3o foi acionada [&hellip;]<\/p>\n","protected":false},"author":5,"featured_media":229530,"comment_status":"closed","ping_status":"closed","sticky":false,"template":"","format":"standard","meta":{"footnotes":""},"categories":[30,38],"tags":[],"class_list":["post-251199","post","type-post","status-publish","format-standard","has-post-thumbnail","hentry","category-figueirao","category-policia"],"_links":{"self":[{"href":"https:\/\/www.ocorreionews.com.br\/acervo-correio\/index.php?rest_route=\/wp\/v2\/posts\/251199","targetHints":{"allow":["GET"]}}],"collection":[{"href":"https:\/\/www.ocorreionews.com.br\/acervo-correio\/index.php?rest_route=\/wp\/v2\/posts"}],"about":[{"href":"https:\/\/www.ocorreionews.com.br\/acervo-correio\/index.php?rest_route=\/wp\/v2\/types\/post"}],"author":[{"embeddable":true,"href":"https:\/\/www.ocorreionews.com.br\/acervo-correio\/index.php?rest_route=\/wp\/v2\/users\/5"}],"replies":[{"embeddable":true,"href":"https:\/\/www.ocorreionews.com.br\/acervo-correio\/index.php?rest_route=%2Fwp%2Fv2%2Fcomments&post=251199"}],"version-history":[{"count":2,"href":"https:\/\/www.ocorreionews.com.br\/acervo-correio\/index.php?rest_route=\/wp\/v2\/posts\/251199\/revisions"}],"predecessor-version":[{"id":251236,"href":"https:\/\/www.ocorreionews.com.br\/acervo-correio\/index.php?rest_route=\/wp\/v2\/posts\/251199\/revisions\/251236"}],"wp:featuredmedia":[{"embeddable":true,"href":"https:\/\/www.ocorreionews.com.br\/acervo-correio\/index.php?rest_route=\/wp\/v2\/media\/229530"}],"wp:attachment":[{"href":"https:\/\/www.ocorreionews.com.br\/acervo-correio\/index.php?rest_route=%2Fwp%2Fv2%2Fmedia&parent=251199"}],"wp:term":[{"taxonomy":"category","embeddable":true,"href":"https:\/\/www.ocorreionews.com.br\/acervo-correio\/index.php?rest_route=%2Fwp%2Fv2%2Fcategories&post=251199"},{"taxonomy":"post_tag","embeddable":true,"href":"https:\/\/www.ocorreionews.com.br\/acervo-correio\/index.php?rest_route=%2Fwp%2Fv2%2Ftags&post=251199"}],"curies":[{"name":"wp","href":"https:\/\/api.w.org\/{rel}","templated":true}]}}