{"id":251266,"date":"2023-09-12T07:00:02","date_gmt":"2023-09-12T11:00:02","guid":{"rendered":"https:\/\/www.ocorreionews.com.br\/acervo-correio\/?p=251266"},"modified":"2023-09-12T08:43:32","modified_gmt":"2023-09-12T12:43:32","slug":"policia-usa-drone-para-encontrar-homem-desaparecido-ha-13-dias-em-costa-rica","status":"publish","type":"post","link":"https:\/\/www.ocorreionews.com.br\/acervo-correio\/?p=251266","title":{"rendered":"Pol\u00edcia usa drone para encontrar homem desaparecido em Costa Rica"},"content":{"rendered":"<p>Continua desaparecido, desde o dia 30 de agosto, Wesley Rezende Garcia, conhecido \u2018Lob\u00e3o\u2019. Ele foi visto pela \u00faltima vez, na ch\u00e1cara dele, na cidade de Costa Rica &#8211; MS. Na manh\u00e3 desta segunda-feira (11), a irm\u00e3 de Wesley disse ao Jornal Midiamax que a \u00faltima vez em que ele foi visto, estava com a atual companheira, de aproximadamente 50 anos.<\/p>\n<p>As buscas est\u00e3o sendo realizadas pelos familiares e por policiais civis, que est\u00e3o usando drones, que sobrevoam as imedia\u00e7\u00f5es da Ch\u00e1cara Recanto Feliz, com cerca de dois hectares, que pertence a Wesley.<\/p>\n<p>Geslane Rezende Garcia, de 44 anos, irm\u00e3 de Wesley, disse que a ch\u00e1cara est\u00e1 em nome da m\u00e3e deles, e que objetos da casa de Wesley est\u00e3o revirados e alguns quebrados, desde o desaparecimento do irm\u00e3o. Ela ainda falou que Wesley tem problemas de sa\u00fade, tem epilepsia e convuls\u00f5es e tamb\u00e9m problemas com o alcoolismo, mas disse que ele nunca ficou dias desaparecido como atualmente.<\/p>\n<p>\u201cA gente desconfia que a mulher pode ter alguma participa\u00e7\u00e3o no sumi\u00e7o do meu irm\u00e3o\u201d. Ela chegou na casa da minha m\u00e3e procurando pelo meu irm\u00e3o e depois disso desapareceu. Ela foi embora com um motorista de aplicativo e depois n\u00e3o vimos mais ela\u201d, disse Geslane. De acordo com ela, Wesley teria come\u00e7ado um relacionamento com a mulher h\u00e1 cerca de quatro meses, mas que os familiares de Wesley n\u00e3o conheciam a namorada. Ela teria falado aos familiares que seria da cidade de Alto Gar\u00e7a, no Mato Grosso.<\/p>\n<p>O caso foi registrado na Delegacia de Pol\u00edcia Civil de Costa Rica. Agentes da pol\u00edcia est\u00e3o realizando buscas nas matas da regi\u00e3o. A fam\u00edlia pede ajuda para encontrar Wesley, o \u2018Lob\u00e3o\u2019. Quem tiver informa\u00e7\u00f5es, pode entrar em contato pelo telefone: 9 9909-2011.<\/p>\n<p>Midiamax<\/p>\n","protected":false},"excerpt":{"rendered":"<p>Continua desaparecido, desde o dia 30 de agosto, Wesley Rezende Garcia, conhecido \u2018Lob\u00e3o\u2019. Ele foi visto pela \u00faltima vez, na ch\u00e1cara dele, na cidade de Costa Rica &#8211; MS. Na manh\u00e3 desta segunda-feira (11), a irm\u00e3 de Wesley disse ao Jornal Midiamax que a \u00faltima vez em que ele foi visto, estava com a atual [&hellip;]<\/p>\n","protected":false},"author":4,"featured_media":251267,"comment_status":"closed","ping_status":"closed","sticky":false,"template":"","format":"standard","meta":{"footnotes":""},"categories":[25,38],"tags":[],"class_list":["post-251266","post","type-post","status-publish","format-standard","has-post-thumbnail","hentry","category-costa-rica","category-policia"],"_links":{"self":[{"href":"https:\/\/www.ocorreionews.com.br\/acervo-correio\/index.php?rest_route=\/wp\/v2\/posts\/251266","targetHints":{"allow":["GET"]}}],"collection":[{"href":"https:\/\/www.ocorreionews.com.br\/acervo-correio\/index.php?rest_route=\/wp\/v2\/posts"}],"about":[{"href":"https:\/\/www.ocorreionews.com.br\/acervo-correio\/index.php?rest_route=\/wp\/v2\/types\/post"}],"author":[{"embeddable":true,"href":"https:\/\/www.ocorreionews.com.br\/acervo-correio\/index.php?rest_route=\/wp\/v2\/users\/4"}],"replies":[{"embeddable":true,"href":"https:\/\/www.ocorreionews.com.br\/acervo-correio\/index.php?rest_route=%2Fwp%2Fv2%2Fcomments&post=251266"}],"version-history":[{"count":3,"href":"https:\/\/www.ocorreionews.com.br\/acervo-correio\/index.php?rest_route=\/wp\/v2\/posts\/251266\/revisions"}],"predecessor-version":[{"id":251281,"href":"https:\/\/www.ocorreionews.com.br\/acervo-correio\/index.php?rest_route=\/wp\/v2\/posts\/251266\/revisions\/251281"}],"wp:featuredmedia":[{"embeddable":true,"href":"https:\/\/www.ocorreionews.com.br\/acervo-correio\/index.php?rest_route=\/wp\/v2\/media\/251267"}],"wp:attachment":[{"href":"https:\/\/www.ocorreionews.com.br\/acervo-correio\/index.php?rest_route=%2Fwp%2Fv2%2Fmedia&parent=251266"}],"wp:term":[{"taxonomy":"category","embeddable":true,"href":"https:\/\/www.ocorreionews.com.br\/acervo-correio\/index.php?rest_route=%2Fwp%2Fv2%2Fcategories&post=251266"},{"taxonomy":"post_tag","embeddable":true,"href":"https:\/\/www.ocorreionews.com.br\/acervo-correio\/index.php?rest_route=%2Fwp%2Fv2%2Ftags&post=251266"}],"curies":[{"name":"wp","href":"https:\/\/api.w.org\/{rel}","templated":true}]}}