{"id":251270,"date":"2023-09-12T07:31:13","date_gmt":"2023-09-12T11:31:13","guid":{"rendered":"https:\/\/www.ocorreionews.com.br\/acervo-correio\/?p=251270"},"modified":"2023-09-12T07:31:13","modified_gmt":"2023-09-12T11:31:13","slug":"semdema-de-alcinopolis-promove-acao-em-comemoracao-ao-dia-do-cerrado","status":"publish","type":"post","link":"https:\/\/www.ocorreionews.com.br\/acervo-correio\/?p=251270","title":{"rendered":"SEMDEMA de Alcin\u00f3polis promove a\u00e7\u00e3o em comemora\u00e7\u00e3o ao Dia do Cerrado"},"content":{"rendered":"<p>No dia 11 de setembro \u00e9 comemorado o Dia Nacional do Cerrado e para comemorar essa data, a SEMDEMA promoveu a\u00e7\u00f5es como entrega de mudas de \u00e1rvores nativas do cerrado e realizou o plantio de mudas na \u00c1rea de Preserva\u00e7\u00e3o Ambiental de umas das nascentes do C\u00f3rrego do Retiro, localizada na Fazenda Buriti.<\/p>\n<p>A SEMDEMA vem desenvolvendo o projeto de recupera\u00e7\u00e3o do C\u00f3rrego do Retiro, e nesta data t\u00e3o especial, servidores da Secretaria, acompanhados dos alunos do ensino m\u00e9dio integral e a Diretora da Escola Estadual Professora Romilda Costa Carneiro, Prof.\u00aa Amanda Silvestrini e do Prefeito Dalmy Cris\u00f3stomo, estiveram na Fazenda Buriti, onde realizaram o plantio de \u00e1rvores nativas t\u00edpicas da regi\u00e3o. O projeto tem como finalidade, recuperar a nascente do C\u00f3rrego. O projeto contou com apoio dos seguintes parceiros: MS Pantanal, Instituto Taquari Vivo e SANESUL.<\/p>\n<p>O cerrado \u00e9 um dos biomas mais importantes do Brasil e ocupa cerca de 22% do territ\u00f3rio, sendo considerado como o ber\u00e7o das \u00e1guas brasileiras. A conserva\u00e7\u00e3o desse bioma \u00e9 de extrema import\u00e2ncia para a humanidade. Considerado a maior savana do mundo, ocupa \u00bc do territ\u00f3rio nacional. Sua riqueza h\u00eddrica tem um papel fundamental no abastecimento humano, na gera\u00e7\u00e3o de energia e na produ\u00e7\u00e3o agr\u00edcola.<\/p>\n<p>O Cerrado \u00e9 um tesouro de biodiversidade e \u00e9 essencial que seja protegido e preservado as esp\u00e9cies e seus habitats, pois contribui com a regula\u00e7\u00e3o clim\u00e1tica.<\/p>\n<p>Nahur Tito, pontua que \u00e9 nossa responsabilidade cuidar e preservar o meio em que vivemos, para que as gera\u00e7\u00f5es futuras n\u00e3o sofram grandes impactos, como falta de \u00e1gua e aquecimento global. Finalizou que a SEMDEMA vem desenvolvendo projetos que visam a preserva\u00e7\u00e3o do meio ambiente, onde crian\u00e7as e adolescentes s\u00e3o envolvidas nas atividades, despertando assim, jovens engajados com o desenvolvimento sustent\u00e1vel.<\/p>\n<p><img loading=\"lazy\" decoding=\"async\" class=\"alignnone size-full wp-image-251271\" src=\"https:\/\/www.ocorreionews.com.br\/acervo-correio\/wp-content\/uploads\/2023\/09\/diado-cerrado.jpg\" alt=\"\" width=\"1600\" height=\"1066\" srcset=\"https:\/\/www.ocorreionews.com.br\/acervo-correio\/wp-content\/uploads\/2023\/09\/diado-cerrado.jpg 1600w, https:\/\/www.ocorreionews.com.br\/acervo-correio\/wp-content\/uploads\/2023\/09\/diado-cerrado-300x200.jpg 300w, https:\/\/www.ocorreionews.com.br\/acervo-correio\/wp-content\/uploads\/2023\/09\/diado-cerrado-1024x682.jpg 1024w, https:\/\/www.ocorreionews.com.br\/acervo-correio\/wp-content\/uploads\/2023\/09\/diado-cerrado-768x512.jpg 768w, https:\/\/www.ocorreionews.com.br\/acervo-correio\/wp-content\/uploads\/2023\/09\/diado-cerrado-1536x1023.jpg 1536w\" sizes=\"auto, (max-width: 1600px) 100vw, 1600px\" \/> <img loading=\"lazy\" decoding=\"async\" class=\"alignnone size-full wp-image-251272\" src=\"https:\/\/www.ocorreionews.com.br\/acervo-correio\/wp-content\/uploads\/2023\/09\/diado-cerrado2.jpg\" alt=\"\" width=\"1600\" height=\"1066\" srcset=\"https:\/\/www.ocorreionews.com.br\/acervo-correio\/wp-content\/uploads\/2023\/09\/diado-cerrado2.jpg 1600w, https:\/\/www.ocorreionews.com.br\/acervo-correio\/wp-content\/uploads\/2023\/09\/diado-cerrado2-300x200.jpg 300w, https:\/\/www.ocorreionews.com.br\/acervo-correio\/wp-content\/uploads\/2023\/09\/diado-cerrado2-1024x682.jpg 1024w, https:\/\/www.ocorreionews.com.br\/acervo-correio\/wp-content\/uploads\/2023\/09\/diado-cerrado2-768x512.jpg 768w, https:\/\/www.ocorreionews.com.br\/acervo-correio\/wp-content\/uploads\/2023\/09\/diado-cerrado2-1536x1023.jpg 1536w\" sizes=\"auto, (max-width: 1600px) 100vw, 1600px\" \/> <img loading=\"lazy\" decoding=\"async\" class=\"alignnone size-full wp-image-251273\" src=\"https:\/\/www.ocorreionews.com.br\/acervo-correio\/wp-content\/uploads\/2023\/09\/diado-cerrado3.jpg\" alt=\"\" width=\"1600\" height=\"1066\" srcset=\"https:\/\/www.ocorreionews.com.br\/acervo-correio\/wp-content\/uploads\/2023\/09\/diado-cerrado3.jpg 1600w, https:\/\/www.ocorreionews.com.br\/acervo-correio\/wp-content\/uploads\/2023\/09\/diado-cerrado3-300x200.jpg 300w, https:\/\/www.ocorreionews.com.br\/acervo-correio\/wp-content\/uploads\/2023\/09\/diado-cerrado3-1024x682.jpg 1024w, https:\/\/www.ocorreionews.com.br\/acervo-correio\/wp-content\/uploads\/2023\/09\/diado-cerrado3-768x512.jpg 768w, https:\/\/www.ocorreionews.com.br\/acervo-correio\/wp-content\/uploads\/2023\/09\/diado-cerrado3-1536x1023.jpg 1536w\" sizes=\"auto, (max-width: 1600px) 100vw, 1600px\" \/> <img loading=\"lazy\" decoding=\"async\" class=\"alignnone size-full wp-image-251274\" src=\"https:\/\/www.ocorreionews.com.br\/acervo-correio\/wp-content\/uploads\/2023\/09\/diado-cerrado4.jpg\" alt=\"\" width=\"1600\" height=\"1066\" srcset=\"https:\/\/www.ocorreionews.com.br\/acervo-correio\/wp-content\/uploads\/2023\/09\/diado-cerrado4.jpg 1600w, https:\/\/www.ocorreionews.com.br\/acervo-correio\/wp-content\/uploads\/2023\/09\/diado-cerrado4-300x200.jpg 300w, https:\/\/www.ocorreionews.com.br\/acervo-correio\/wp-content\/uploads\/2023\/09\/diado-cerrado4-1024x682.jpg 1024w, https:\/\/www.ocorreionews.com.br\/acervo-correio\/wp-content\/uploads\/2023\/09\/diado-cerrado4-768x512.jpg 768w, https:\/\/www.ocorreionews.com.br\/acervo-correio\/wp-content\/uploads\/2023\/09\/diado-cerrado4-1536x1023.jpg 1536w\" sizes=\"auto, (max-width: 1600px) 100vw, 1600px\" \/> <img loading=\"lazy\" decoding=\"async\" class=\"alignnone size-full wp-image-251275\" src=\"https:\/\/www.ocorreionews.com.br\/acervo-correio\/wp-content\/uploads\/2023\/09\/diado-cerrado5.jpg\" alt=\"\" width=\"1600\" height=\"1066\" srcset=\"https:\/\/www.ocorreionews.com.br\/acervo-correio\/wp-content\/uploads\/2023\/09\/diado-cerrado5.jpg 1600w, https:\/\/www.ocorreionews.com.br\/acervo-correio\/wp-content\/uploads\/2023\/09\/diado-cerrado5-300x200.jpg 300w, https:\/\/www.ocorreionews.com.br\/acervo-correio\/wp-content\/uploads\/2023\/09\/diado-cerrado5-1024x682.jpg 1024w, https:\/\/www.ocorreionews.com.br\/acervo-correio\/wp-content\/uploads\/2023\/09\/diado-cerrado5-768x512.jpg 768w, https:\/\/www.ocorreionews.com.br\/acervo-correio\/wp-content\/uploads\/2023\/09\/diado-cerrado5-1536x1023.jpg 1536w\" sizes=\"auto, (max-width: 1600px) 100vw, 1600px\" \/> <img loading=\"lazy\" decoding=\"async\" class=\"alignnone size-full wp-image-251276\" src=\"https:\/\/www.ocorreionews.com.br\/acervo-correio\/wp-content\/uploads\/2023\/09\/diado-cerrado6.jpg\" alt=\"\" width=\"1600\" height=\"1066\" srcset=\"https:\/\/www.ocorreionews.com.br\/acervo-correio\/wp-content\/uploads\/2023\/09\/diado-cerrado6.jpg 1600w, https:\/\/www.ocorreionews.com.br\/acervo-correio\/wp-content\/uploads\/2023\/09\/diado-cerrado6-300x200.jpg 300w, https:\/\/www.ocorreionews.com.br\/acervo-correio\/wp-content\/uploads\/2023\/09\/diado-cerrado6-1024x682.jpg 1024w, https:\/\/www.ocorreionews.com.br\/acervo-correio\/wp-content\/uploads\/2023\/09\/diado-cerrado6-768x512.jpg 768w, https:\/\/www.ocorreionews.com.br\/acervo-correio\/wp-content\/uploads\/2023\/09\/diado-cerrado6-1536x1023.jpg 1536w\" sizes=\"auto, (max-width: 1600px) 100vw, 1600px\" \/><\/p>\n<p>Fonte\/fotos: Assecom\/Prefeitura de Alcin\u00f3polis\/Simone Nogueira<\/p>\n","protected":false},"excerpt":{"rendered":"<p>No dia 11 de setembro \u00e9 comemorado o Dia Nacional do Cerrado e para comemorar essa data, a SEMDEMA promoveu a\u00e7\u00f5es como entrega de mudas de \u00e1rvores nativas do cerrado e realizou o plantio de mudas na \u00c1rea de Preserva\u00e7\u00e3o Ambiental de umas das nascentes do C\u00f3rrego do Retiro, localizada na Fazenda Buriti. A SEMDEMA [&hellip;]<\/p>\n","protected":false},"author":4,"featured_media":251276,"comment_status":"closed","ping_status":"closed","sticky":false,"template":"","format":"standard","meta":{"footnotes":""},"categories":[18,41],"tags":[],"class_list":["post-251270","post","type-post","status-publish","format-standard","has-post-thumbnail","hentry","category-alcinopolis","category-destaque"],"_links":{"self":[{"href":"https:\/\/www.ocorreionews.com.br\/acervo-correio\/index.php?rest_route=\/wp\/v2\/posts\/251270","targetHints":{"allow":["GET"]}}],"collection":[{"href":"https:\/\/www.ocorreionews.com.br\/acervo-correio\/index.php?rest_route=\/wp\/v2\/posts"}],"about":[{"href":"https:\/\/www.ocorreionews.com.br\/acervo-correio\/index.php?rest_route=\/wp\/v2\/types\/post"}],"author":[{"embeddable":true,"href":"https:\/\/www.ocorreionews.com.br\/acervo-correio\/index.php?rest_route=\/wp\/v2\/users\/4"}],"replies":[{"embeddable":true,"href":"https:\/\/www.ocorreionews.com.br\/acervo-correio\/index.php?rest_route=%2Fwp%2Fv2%2Fcomments&post=251270"}],"version-history":[{"count":1,"href":"https:\/\/www.ocorreionews.com.br\/acervo-correio\/index.php?rest_route=\/wp\/v2\/posts\/251270\/revisions"}],"predecessor-version":[{"id":251277,"href":"https:\/\/www.ocorreionews.com.br\/acervo-correio\/index.php?rest_route=\/wp\/v2\/posts\/251270\/revisions\/251277"}],"wp:featuredmedia":[{"embeddable":true,"href":"https:\/\/www.ocorreionews.com.br\/acervo-correio\/index.php?rest_route=\/wp\/v2\/media\/251276"}],"wp:attachment":[{"href":"https:\/\/www.ocorreionews.com.br\/acervo-correio\/index.php?rest_route=%2Fwp%2Fv2%2Fmedia&parent=251270"}],"wp:term":[{"taxonomy":"category","embeddable":true,"href":"https:\/\/www.ocorreionews.com.br\/acervo-correio\/index.php?rest_route=%2Fwp%2Fv2%2Fcategories&post=251270"},{"taxonomy":"post_tag","embeddable":true,"href":"https:\/\/www.ocorreionews.com.br\/acervo-correio\/index.php?rest_route=%2Fwp%2Fv2%2Ftags&post=251270"}],"curies":[{"name":"wp","href":"https:\/\/api.w.org\/{rel}","templated":true}]}}