{"id":25147,"date":"2016-04-12T12:39:06","date_gmt":"2016-04-12T16:39:06","guid":{"rendered":"https:\/\/ocorreionews.com.br\/?p=25147"},"modified":"2016-04-12T12:49:17","modified_gmt":"2016-04-12T16:49:17","slug":"paraiso-morre-o-pioneiro-antonio-giral-aos-70-anos","status":"publish","type":"post","link":"https:\/\/www.ocorreionews.com.br\/acervo-correio\/?p=25147","title":{"rendered":"Para\u00edso: morre o pioneiro Ant\u00f4nio \u00b4Giral\u00b4 aos 70 anos"},"content":{"rendered":"<p><span style=\"font-family: verdana; font-size: small;\">Faleceu na noite desta segunda-feira(11\/04), um dos pioneiros de Para\u00edso das \u00c1guas, o Senhor <b>Ant\u00f4nio Bernardes da Silva<\/b>, conhecido como \u00b4Ant\u00f4nio Giral\u00b4, aos 70 anos de idade. Ap\u00f3s o jantar ele se sentiu mal em sua propriedade rural, distante cerca de 20 km de Para\u00edso das \u00c1guas, e em seguida teve morte s\u00fabita. A fam\u00edlia tentou socorre-lo, mas ele chegou na unidade de sa\u00fade j\u00e1 sem vida.<\/span><\/p>\n<div><span style=\"font-family: verdana; font-size: small;\">\u00a0<\/span><\/div>\n<div><span style=\"font-family: verdana; font-size: small;\">Seu Ant\u00f4nio realizava um s\u00e9rio tratamento do cora\u00e7\u00e3o em Campo Grande(MS). A suspeita \u00e9 que ele tenha sofrido um infarto fulminante do mioc\u00e1rdio.<\/span><\/div>\n<div><span style=\"font-family: verdana; font-size: small;\">\u00a0<\/span><\/div>\n<div><span style=\"font-family: verdana; font-size: small;\">Era Seu Ant\u00f4nio Giral um homem honrado e querido na comunidade, principalmente na comunidade cat\u00f3lica e no grupo da renova\u00e7\u00e3o carism\u00e1tica onde era um membro participativo. <i>&#8220;Ele passou parte do dia lendo a b\u00edblia<\/i>&#8220;, disse emocionado um familiar. A fam\u00edlia e amigos prestam suas \u00faltimas homenagens na Veladoria Municipal de Para\u00edso das \u00c1guas, onde est\u00e1 sendo realizado o seu vel\u00f3rio.<\/span><\/div>\n<div><span style=\"font-family: verdana; font-size: small;\">\u00a0<\/span><\/div>\n<div><span style=\"font-family: verdana; font-size: small;\">O sepultamento ser\u00e1 realizado \u00e0s 15h desta ter\u00e7a-feira (12\/04), no Cemit\u00e9rio Municipal Jardim da Saudade de Para\u00edso das \u00c1guas.<\/span><\/div>\n<div><\/div>\n<div>britonews<\/div>\n","protected":false},"excerpt":{"rendered":"<p>Faleceu na noite desta segunda-feira(11\/04), um dos pioneiros de Para\u00edso das \u00c1guas, o Senhor Ant\u00f4nio Bernardes da Silva, conhecido como \u00b4Ant\u00f4nio Giral\u00b4, aos 70 anos de idade. Ap\u00f3s o jantar ele se sentiu mal em sua propriedade rural, distante cerca de 20 km de Para\u00edso das \u00c1guas, e em seguida teve morte s\u00fabita. A fam\u00edlia [&hellip;]<\/p>\n","protected":false},"author":4,"featured_media":25148,"comment_status":"closed","ping_status":"closed","sticky":false,"template":"","format":"standard","meta":{"footnotes":""},"categories":[36],"tags":[],"class_list":["post-25147","post","type-post","status-publish","format-standard","has-post-thumbnail","hentry","category-paraiso-das-aguas"],"_links":{"self":[{"href":"https:\/\/www.ocorreionews.com.br\/acervo-correio\/index.php?rest_route=\/wp\/v2\/posts\/25147","targetHints":{"allow":["GET"]}}],"collection":[{"href":"https:\/\/www.ocorreionews.com.br\/acervo-correio\/index.php?rest_route=\/wp\/v2\/posts"}],"about":[{"href":"https:\/\/www.ocorreionews.com.br\/acervo-correio\/index.php?rest_route=\/wp\/v2\/types\/post"}],"author":[{"embeddable":true,"href":"https:\/\/www.ocorreionews.com.br\/acervo-correio\/index.php?rest_route=\/wp\/v2\/users\/4"}],"replies":[{"embeddable":true,"href":"https:\/\/www.ocorreionews.com.br\/acervo-correio\/index.php?rest_route=%2Fwp%2Fv2%2Fcomments&post=25147"}],"version-history":[{"count":0,"href":"https:\/\/www.ocorreionews.com.br\/acervo-correio\/index.php?rest_route=\/wp\/v2\/posts\/25147\/revisions"}],"wp:featuredmedia":[{"embeddable":true,"href":"https:\/\/www.ocorreionews.com.br\/acervo-correio\/index.php?rest_route=\/wp\/v2\/media\/25148"}],"wp:attachment":[{"href":"https:\/\/www.ocorreionews.com.br\/acervo-correio\/index.php?rest_route=%2Fwp%2Fv2%2Fmedia&parent=25147"}],"wp:term":[{"taxonomy":"category","embeddable":true,"href":"https:\/\/www.ocorreionews.com.br\/acervo-correio\/index.php?rest_route=%2Fwp%2Fv2%2Fcategories&post=25147"},{"taxonomy":"post_tag","embeddable":true,"href":"https:\/\/www.ocorreionews.com.br\/acervo-correio\/index.php?rest_route=%2Fwp%2Fv2%2Ftags&post=25147"}],"curies":[{"name":"wp","href":"https:\/\/api.w.org\/{rel}","templated":true}]}}