{"id":25150,"date":"2016-04-12T12:40:44","date_gmt":"2016-04-12T16:40:44","guid":{"rendered":"https:\/\/ocorreionews.com.br\/?p=25150"},"modified":"2016-04-12T12:48:45","modified_gmt":"2016-04-12T16:48:45","slug":"17a-festa-de-laco-comprido-acontece-nos-dias-10-11-e-12-de-junho","status":"publish","type":"post","link":"https:\/\/www.ocorreionews.com.br\/acervo-correio\/?p=25150","title":{"rendered":"17\u00aa Festa de La\u00e7o Comprido acontece nos dias 10, 11 e 12 de junho"},"content":{"rendered":"<p><span style=\"font-family: verdana; font-size: medium;\">O Clube do La\u00e7o TRA de Para\u00edso das \u00c1guas divulgou nesta ter\u00e7a-feira(12\/04), a data da realiza\u00e7\u00e3o da 17\u00aa Festa de La\u00e7o Comprido, que acontece nos dias 10,11 e 12 de junho.<\/span><\/p>\n<div><span style=\"font-family: verdana; font-size: medium;\">\u00a0<\/span><\/div>\n<div><span style=\"font-family: verdana; font-size: medium;\">Um dos tradicionais eventos do munic\u00edpio, com a participa\u00e7\u00e3o dos melhores la\u00e7adores da regi\u00e3o e do Estado.<\/span><\/div>\n<div><span style=\"font-family: verdana; font-size: medium;\">\u00a0<\/span><\/div>\n<div><span style=\"font-family: verdana; font-size: medium;\">O evento acontece no Clube do La\u00e7o TRA de Para\u00edso das \u00c1guas.<\/span><\/div>\n<div>britonews<\/div>\n<div><\/div>\n","protected":false},"excerpt":{"rendered":"<p>O Clube do La\u00e7o TRA de Para\u00edso das \u00c1guas divulgou nesta ter\u00e7a-feira(12\/04), a data da realiza\u00e7\u00e3o da 17\u00aa Festa de La\u00e7o Comprido, que acontece nos dias 10,11 e 12 de junho. \u00a0 Um dos tradicionais eventos do munic\u00edpio, com a participa\u00e7\u00e3o dos melhores la\u00e7adores da regi\u00e3o e do Estado. \u00a0 O evento acontece no Clube [&hellip;]<\/p>\n","protected":false},"author":4,"featured_media":25151,"comment_status":"closed","ping_status":"closed","sticky":false,"template":"","format":"standard","meta":{"footnotes":""},"categories":[36],"tags":[],"class_list":["post-25150","post","type-post","status-publish","format-standard","has-post-thumbnail","hentry","category-paraiso-das-aguas"],"_links":{"self":[{"href":"https:\/\/www.ocorreionews.com.br\/acervo-correio\/index.php?rest_route=\/wp\/v2\/posts\/25150","targetHints":{"allow":["GET"]}}],"collection":[{"href":"https:\/\/www.ocorreionews.com.br\/acervo-correio\/index.php?rest_route=\/wp\/v2\/posts"}],"about":[{"href":"https:\/\/www.ocorreionews.com.br\/acervo-correio\/index.php?rest_route=\/wp\/v2\/types\/post"}],"author":[{"embeddable":true,"href":"https:\/\/www.ocorreionews.com.br\/acervo-correio\/index.php?rest_route=\/wp\/v2\/users\/4"}],"replies":[{"embeddable":true,"href":"https:\/\/www.ocorreionews.com.br\/acervo-correio\/index.php?rest_route=%2Fwp%2Fv2%2Fcomments&post=25150"}],"version-history":[{"count":0,"href":"https:\/\/www.ocorreionews.com.br\/acervo-correio\/index.php?rest_route=\/wp\/v2\/posts\/25150\/revisions"}],"wp:featuredmedia":[{"embeddable":true,"href":"https:\/\/www.ocorreionews.com.br\/acervo-correio\/index.php?rest_route=\/wp\/v2\/media\/25151"}],"wp:attachment":[{"href":"https:\/\/www.ocorreionews.com.br\/acervo-correio\/index.php?rest_route=%2Fwp%2Fv2%2Fmedia&parent=25150"}],"wp:term":[{"taxonomy":"category","embeddable":true,"href":"https:\/\/www.ocorreionews.com.br\/acervo-correio\/index.php?rest_route=%2Fwp%2Fv2%2Fcategories&post=25150"},{"taxonomy":"post_tag","embeddable":true,"href":"https:\/\/www.ocorreionews.com.br\/acervo-correio\/index.php?rest_route=%2Fwp%2Fv2%2Ftags&post=25150"}],"curies":[{"name":"wp","href":"https:\/\/api.w.org\/{rel}","templated":true}]}}