{"id":251638,"date":"2023-09-15T07:12:32","date_gmt":"2023-09-15T11:12:32","guid":{"rendered":"https:\/\/www.ocorreionews.com.br\/acervo-correio\/?p=251638"},"modified":"2023-09-15T07:36:48","modified_gmt":"2023-09-15T11:36:48","slug":"tres-lagoas-trabalhador-e-sugado-e-morre-triturado-enquanto-consertava-maquina","status":"publish","type":"post","link":"https:\/\/www.ocorreionews.com.br\/acervo-correio\/?p=251638","title":{"rendered":"Tr\u00eas Lagoas: Trabalhador \u00e9 &#8220;sugado&#8221; e morre triturado enquanto consertava m\u00e1quina"},"content":{"rendered":"<p>Jos\u00e9 Almir Pereira de Fran\u00e7a, 36 anos, morreu ap\u00f3s ser &#8220;sugado&#8221; e triturado por uma m\u00e1quina de produzir massa asf\u00e1ltica. \u00a0A v\u00edtima dava manuten\u00e7\u00e3o no equipamento que estava em um canteiro de obras que fica na MS-320, na tarde desta quinta-feira (14), em Tr\u00eas Lagoas, distante 327 quil\u00f4metros de Campo Grande.<\/p>\n<p>De acordo com informa\u00e7\u00f5es do site R\u00e1dio Ca\u00e7ula, a v\u00edtima estava consertando as p\u00e1s das m\u00e1quinas que produzem massa asf\u00e1ltica. Jos\u00e9 estava na parte interna do equipamento e fora tinham dois colegas que o ajudavam.<\/p>\n<p>Jos\u00e9 pediu para que um dos auxiliares ligasse a m\u00e1quina, momento em que aconteceu o desarme do equipamento. Novamente ele pediu para que o rapaz acionasse a fun\u00e7\u00e3o. O ajudante apertou o bot\u00e3o errado, ligando o triturador que estava a v\u00edtima.<\/p>\n<p>Jos\u00e9 foi engolido, triturado e morreu na hora. O Corpo de Bombeiros foi acionado para prestar socorro ao homem, mas quando a equipe chegou, n\u00e3o tinha mais o que fazer.<\/p>\n<p>O local foi isolado pela Pol\u00edcia Militar. Pol\u00edcia Civil e per\u00edcia estiveram no canteiro de obras, onde realizaram procedimento de praxe. O caso foi registrado como morte a esclarecer, na Depac (Delegacia de Pronto Atendimento Comunit\u00e1rio) de Tr\u00eas Lagoas. &#8211;<\/p>\n<p>Bruna Marques : CAMPO GRANDE NEWS<\/p>\n","protected":false},"excerpt":{"rendered":"<p>Jos\u00e9 Almir Pereira de Fran\u00e7a, 36 anos, morreu ap\u00f3s ser &#8220;sugado&#8221; e triturado por uma m\u00e1quina de produzir massa asf\u00e1ltica. \u00a0A v\u00edtima dava manuten\u00e7\u00e3o no equipamento que estava em um canteiro de obras que fica na MS-320, na tarde desta quinta-feira (14), em Tr\u00eas Lagoas, distante 327 quil\u00f4metros de Campo Grande. De acordo com informa\u00e7\u00f5es [&hellip;]<\/p>\n","protected":false},"author":4,"featured_media":251639,"comment_status":"closed","ping_status":"closed","sticky":false,"template":"","format":"standard","meta":{"footnotes":""},"categories":[38,143],"tags":[],"class_list":["post-251638","post","type-post","status-publish","format-standard","has-post-thumbnail","hentry","category-policia","category-regional"],"_links":{"self":[{"href":"https:\/\/www.ocorreionews.com.br\/acervo-correio\/index.php?rest_route=\/wp\/v2\/posts\/251638","targetHints":{"allow":["GET"]}}],"collection":[{"href":"https:\/\/www.ocorreionews.com.br\/acervo-correio\/index.php?rest_route=\/wp\/v2\/posts"}],"about":[{"href":"https:\/\/www.ocorreionews.com.br\/acervo-correio\/index.php?rest_route=\/wp\/v2\/types\/post"}],"author":[{"embeddable":true,"href":"https:\/\/www.ocorreionews.com.br\/acervo-correio\/index.php?rest_route=\/wp\/v2\/users\/4"}],"replies":[{"embeddable":true,"href":"https:\/\/www.ocorreionews.com.br\/acervo-correio\/index.php?rest_route=%2Fwp%2Fv2%2Fcomments&post=251638"}],"version-history":[{"count":2,"href":"https:\/\/www.ocorreionews.com.br\/acervo-correio\/index.php?rest_route=\/wp\/v2\/posts\/251638\/revisions"}],"predecessor-version":[{"id":251649,"href":"https:\/\/www.ocorreionews.com.br\/acervo-correio\/index.php?rest_route=\/wp\/v2\/posts\/251638\/revisions\/251649"}],"wp:featuredmedia":[{"embeddable":true,"href":"https:\/\/www.ocorreionews.com.br\/acervo-correio\/index.php?rest_route=\/wp\/v2\/media\/251639"}],"wp:attachment":[{"href":"https:\/\/www.ocorreionews.com.br\/acervo-correio\/index.php?rest_route=%2Fwp%2Fv2%2Fmedia&parent=251638"}],"wp:term":[{"taxonomy":"category","embeddable":true,"href":"https:\/\/www.ocorreionews.com.br\/acervo-correio\/index.php?rest_route=%2Fwp%2Fv2%2Fcategories&post=251638"},{"taxonomy":"post_tag","embeddable":true,"href":"https:\/\/www.ocorreionews.com.br\/acervo-correio\/index.php?rest_route=%2Fwp%2Fv2%2Ftags&post=251638"}],"curies":[{"name":"wp","href":"https:\/\/api.w.org\/{rel}","templated":true}]}}