{"id":251641,"date":"2023-09-15T07:26:42","date_gmt":"2023-09-15T11:26:42","guid":{"rendered":"https:\/\/www.ocorreionews.com.br\/acervo-correio\/?p=251641"},"modified":"2023-09-15T07:26:42","modified_gmt":"2023-09-15T11:26:42","slug":"prefeitura-municipal-lanca-trofeu-chapadao-do-sul-de-empreendedorismo","status":"publish","type":"post","link":"https:\/\/www.ocorreionews.com.br\/acervo-correio\/?p=251641","title":{"rendered":"Prefeitura Municipal lan\u00e7a Trof\u00e9u Chapad\u00e3o do Sul de Empreendedorismo"},"content":{"rendered":"<p style=\"font-weight: 400;\">A Administra\u00e7\u00e3o Municipal, por meio da Secretaria de Desenvolvimento Econ\u00f4mico e Meio Ambiente &#8211; SEDEMA, em parceria com o SEBRAE, SLC Agr\u00edcola, CAMPOVITA, Gr\u00e1fica Mais Brasil, ACE &#8211; Associa\u00e7\u00e3o Comercial e Empresarial, Par\u00f3quia S\u00e3o Pedro Ap\u00f3stolo, AGIPEQ, Poder Legislativo, Sindicato Rural, OAB, UFMS e FACHASUL. est\u00e1 prestes a realizar um evento \u00fanico que celebra n\u00e3o apenas o empreendedorismo e a inova\u00e7\u00e3o, mas tamb\u00e9m a educa\u00e7\u00e3o ambiental e a sustentabilidade. O &#8220;TROF\u00c9U CHAPAD\u00c3O DO SUL DE EMPREENDEDORISMO, INOVA\u00c7\u00c3O, EDUCA\u00c7\u00c3O AMBIENTAL E SUSTENTABILIDADE&#8221; \u2013 Edi\u00e7\u00e3o Delmar Dimas Lorenzoni ir\u00e1 realizar uma noite de reconhecimento, aprendizado e entretenimento para estudantes, empreendedores de v\u00e1rios segmentos e comunidade local.<\/p>\n<p style=\"font-weight: 400;\">Este projeto ambicioso tem como principal objetivo reconhecer e premiar estudantes, empresas e empreendedores que se destacam em promover a inova\u00e7\u00e3o, a responsabilidade ambiental e social, contribuindo assim para o desenvolvimento sustent\u00e1vel de Chapad\u00e3o do Sul. Al\u00e9m disso, busca conscientizar a comunidade sobre a import\u00e2ncia da inova\u00e7\u00e3o, consci\u00eancia ambiental, empreendedorismo e sustentabilidade.<\/p>\n<p style=\"font-weight: 400;\"><b><strong>Participantes Especiais:<\/strong><\/b><\/p>\n<p style=\"font-weight: 400;\">O evento contar\u00e1 com uma deliciosa pra\u00e7a de alimenta\u00e7\u00e3o no estilo Festival Gastron\u00f4mico e participa\u00e7\u00f5es especiais que certamente tornar\u00e3o a noite ainda mais especial. O renomado palestrante\u00a0<b><strong>Marcos Piangers<\/strong><\/b>, autor do best-seller &#8220;O Papai \u00e9 Pop&#8221;, com mais de meio milh\u00e3o de c\u00f3pias vendidas em diversos pa\u00edses, compartilhar\u00e1 insights e experi\u00eancias emocionantes que prometem inspirar a todos os presentes. Marcos Piangers \u00e9 reconhecido como um dos melhores influenciadores do Brasil, com mais de 6 milh\u00f5es de f\u00e3s nas redes sociais.<\/p>\n<p style=\"font-weight: 400;\">Al\u00e9m disso, Chic\u00e3o Castro far\u00e1 um show ao vivo, proporcionando momentos de entretenimento e m\u00fasica de alta qualidade para todos os presentes. Chic\u00e3o Castro, m\u00fasico e int\u00e9rprete, \u00e9 um dos principais nomes da m\u00fasica Popular Sul-Mato-Grossense. Esteve presente em v\u00e1rios festivais Gastron\u00f4micos de Chapad\u00e3o do Sul.<\/p>\n<p style=\"font-weight: 400;\"><b><strong>Pr\u00eamio: \u201cTROF\u00c9U CHAPAD\u00c3O DO SUL DE EMPREENDEDORISMO, INOVA\u00c7\u00c3O, EDUCA\u00c7\u00c3O AMBIENTAL E SUSTENTABILIDADE.\u201d Edi\u00e7\u00e3o \u2013 Delmar Dimas Lorenzoni.<\/strong><\/b><\/p>\n<p style=\"font-weight: 400;\"><b><strong>Categorias de Premia\u00e7\u00e3o:<\/strong><\/b><\/p>\n<p style=\"font-weight: 400;\">Empreendedores poder\u00e3o concorrer em uma das seguintes categorias:<\/p>\n<ol>\n<li style=\"font-weight: 400;\">Microempreendedor Individual \u2013 MEI<\/li>\n<li style=\"font-weight: 400;\">Microempresa &#8211; ME<\/li>\n<li style=\"font-weight: 400;\">Empresa de Pequeno Porte &#8211; EPP<\/li>\n<li style=\"font-weight: 400;\">Agricultura Familiar (Pequeno Agricultor)<\/li>\n<li style=\"font-weight: 400;\">Produtor Rural (M\u00e9dio e grande agricultor)<\/li>\n<\/ol>\n<p style=\"font-weight: 400;\"><b><strong>Iniciativa Educacional Ambiental:<\/strong><\/b><\/p>\n<p style=\"font-weight: 400;\">Junto com a premia\u00e7\u00e3o, a Prefeitura Municipal de Chapad\u00e3o do Sul est\u00e1 promovendo o Primeiro Concurso de Educa\u00e7\u00e3o Ambiental. Alunos das escolas p\u00fablicas municipais foram desafiados a criar v\u00eddeos com o tema &#8220;V\u00eddeo da Minha Coleta Seletiva&#8221;\u00a0(alunos do 1\u00ba ao 5\u00ba ano)\u00a0e reda\u00e7\u00f5es com o tema &#8220;Como Posso Melhorar o Meio Ambiente da Minha Cidade?&#8221;\u00a0(alunos do 6\u00ba ao 9\u00ba ano).\u00a0Os finalistas dessas competi\u00e7\u00f5es tamb\u00e9m ter\u00e3o a chance de ganhar pr\u00eamios grandiosos, incluindo trof\u00e9us, bicicletas e fones de ouvido.<\/p>\n<p style=\"font-weight: 400;\"><b><strong>Programa\u00e7\u00e3o e Data:<\/strong><\/b><\/p>\n<p style=\"font-weight: 400;\">O evento est\u00e1 marcado para o dia 18 de outubro de 2023, e acontecer\u00e1 no Sal\u00e3o Paroquial do munic\u00edpio a partir das 18h30 (MS). A noite promete ser repleta de celebra\u00e7\u00e3o, conhecimento e divers\u00e3o.<\/p>\n<p style=\"font-weight: 400;\"><b><strong>&#8220;O Trof\u00e9u:<\/strong><\/b><\/p>\n<p style=\"font-weight: 400;\">Uma Homenagem ao Empreendedor Delmar Dimas Lorenzoni<\/p>\n<p style=\"font-weight: 400;\">O homenageado desempenhou um papel fundamental no desenvolvimento do munic\u00edpio. Nesta edi\u00e7\u00e3o o Pr\u00eamio homenageia esse not\u00e1vel empreendedor, uma honraria que busca eternizar seus valores e legado na comunidade.<\/p>\n<p style=\"font-weight: 400;\"><b><strong>Compromisso Cont\u00ednuo com a Sustentabilidade:<\/strong><\/b><\/p>\n<p style=\"font-weight: 400;\">O \u201cTROF\u00c9U CHAPAD\u00c3O DO SUL DE EMPREENDEDORISMO, INOVA\u00c7\u00c3O, EDUCA\u00c7\u00c3O AMBIENTAL E SUSTENTABILIDADE\u201d n\u00e3o \u00e9 apenas um evento isolado; \u00e9 uma a\u00e7\u00e3o cont\u00ednua que ser\u00e1 realizada anualmente. Seu objetivo \u00e9 manter e ampliar o est\u00edmulo para a ado\u00e7\u00e3o de pr\u00e1ticas sustent\u00e1veis e inovadoras em Chapad\u00e3o do Sul. O legado desse projeto ser\u00e1 a cria\u00e7\u00e3o de um cen\u00e1rio empresarial mais engajado com a inova\u00e7\u00e3o, sustentabilidade e a promo\u00e7\u00e3o de uma economia mais verde e respons\u00e1vel.<\/p>\n<p style=\"font-weight: 400;\"><b><strong>Como Participar e Mais Informa\u00e7\u00f5es:<\/strong><\/b><\/p>\n<p style=\"font-weight: 400;\">As inscri\u00e7\u00f5es est\u00e3o abertas e ser\u00e3o aceitas at\u00e9 o dia 08 de outubro de 2023. Os interessados devem preencher um formul\u00e1rio de inscri\u00e7\u00e3o e produzir um curto v\u00eddeo relatando sua hist\u00f3ria de empreendedorismo e evidenciando os crit\u00e9rios de avalia\u00e7\u00e3o.\u00a0<b><strong>O formul\u00e1rio para inscri\u00e7\u00e3o est\u00e1 dispon\u00edvel atrav\u00e9s do link<\/strong><\/b>: https:\/\/linktr.ee\/Sedema.online.<\/p>\n<p style=\"font-weight: 400;\">Para mais detalhes sobre o edital e o regulamento completo, clique aqui ou acesse o di\u00e1rio oficial atrav\u00e9s do site oficial da Prefeitura Municipal de Chapad\u00e3o do Sul em\u00a0<a href=\"http:\/\/www.chapadaodosul.ms.gov.br\/\">http:\/\/www.chapadaodosul.ms.gov.br<\/a>\u00a0\u00a0ou entre em contato pelo Whatsapp da SEDEMA atrav\u00e9s do telefone 67 99618 -3431.<\/p>\n<p>ASCOM<\/p>\n","protected":false},"excerpt":{"rendered":"<p>A Administra\u00e7\u00e3o Municipal, por meio da Secretaria de Desenvolvimento Econ\u00f4mico e Meio Ambiente &#8211; SEDEMA, em parceria com o SEBRAE, SLC Agr\u00edcola, CAMPOVITA, Gr\u00e1fica Mais Brasil, ACE &#8211; Associa\u00e7\u00e3o Comercial e Empresarial, Par\u00f3quia S\u00e3o Pedro Ap\u00f3stolo, AGIPEQ, Poder Legislativo, Sindicato Rural, OAB, UFMS e FACHASUL. est\u00e1 prestes a realizar um evento \u00fanico que celebra n\u00e3o [&hellip;]<\/p>\n","protected":false},"author":4,"featured_media":251642,"comment_status":"closed","ping_status":"closed","sticky":false,"template":"","format":"standard","meta":{"footnotes":""},"categories":[23,41],"tags":[],"class_list":["post-251641","post","type-post","status-publish","format-standard","has-post-thumbnail","hentry","category-chapadao-do-sul","category-destaque"],"_links":{"self":[{"href":"https:\/\/www.ocorreionews.com.br\/acervo-correio\/index.php?rest_route=\/wp\/v2\/posts\/251641","targetHints":{"allow":["GET"]}}],"collection":[{"href":"https:\/\/www.ocorreionews.com.br\/acervo-correio\/index.php?rest_route=\/wp\/v2\/posts"}],"about":[{"href":"https:\/\/www.ocorreionews.com.br\/acervo-correio\/index.php?rest_route=\/wp\/v2\/types\/post"}],"author":[{"embeddable":true,"href":"https:\/\/www.ocorreionews.com.br\/acervo-correio\/index.php?rest_route=\/wp\/v2\/users\/4"}],"replies":[{"embeddable":true,"href":"https:\/\/www.ocorreionews.com.br\/acervo-correio\/index.php?rest_route=%2Fwp%2Fv2%2Fcomments&post=251641"}],"version-history":[{"count":1,"href":"https:\/\/www.ocorreionews.com.br\/acervo-correio\/index.php?rest_route=\/wp\/v2\/posts\/251641\/revisions"}],"predecessor-version":[{"id":251643,"href":"https:\/\/www.ocorreionews.com.br\/acervo-correio\/index.php?rest_route=\/wp\/v2\/posts\/251641\/revisions\/251643"}],"wp:featuredmedia":[{"embeddable":true,"href":"https:\/\/www.ocorreionews.com.br\/acervo-correio\/index.php?rest_route=\/wp\/v2\/media\/251642"}],"wp:attachment":[{"href":"https:\/\/www.ocorreionews.com.br\/acervo-correio\/index.php?rest_route=%2Fwp%2Fv2%2Fmedia&parent=251641"}],"wp:term":[{"taxonomy":"category","embeddable":true,"href":"https:\/\/www.ocorreionews.com.br\/acervo-correio\/index.php?rest_route=%2Fwp%2Fv2%2Fcategories&post=251641"},{"taxonomy":"post_tag","embeddable":true,"href":"https:\/\/www.ocorreionews.com.br\/acervo-correio\/index.php?rest_route=%2Fwp%2Fv2%2Ftags&post=251641"}],"curies":[{"name":"wp","href":"https:\/\/api.w.org\/{rel}","templated":true}]}}