{"id":251644,"date":"2023-09-15T07:29:59","date_gmt":"2023-09-15T11:29:59","guid":{"rendered":"https:\/\/www.ocorreionews.com.br\/acervo-correio\/?p=251644"},"modified":"2023-09-15T07:29:59","modified_gmt":"2023-09-15T11:29:59","slug":"tre-ms-abre-inscricoes-para-estagio-de-nivel-medio","status":"publish","type":"post","link":"https:\/\/www.ocorreionews.com.br\/acervo-correio\/?p=251644","title":{"rendered":"TRE-MS abre inscri\u00e7\u00f5es para est\u00e1gio de n\u00edvel m\u00e9dio"},"content":{"rendered":"<p>O Tribunal Regional Eleitoral de Mato Grosso do Sul (TRE-MS) informa a abertura das inscri\u00e7\u00f5es para o processo seletivo de est\u00e1gio de ensino m\u00e9dio. Conforme o edital, as vagas s\u00e3o destinadas aos estudantes da rede p\u00fablica estadual e do Instituto Federal de MS (IFMS) que estejam no 9\u00ba ano do ensino fundamental ou no 1\u00ba ano do ensino m\u00e9dio, tanto do ensino regular, como da Educa\u00e7\u00e3o de Jovens Adultos (EJA) e do Programa Avan\u00e7o do Jovem na Aprendizagem (AJA).<\/p>\n<p>O est\u00e1gio ter\u00e1 carga hor\u00e1ria de 4 horas di\u00e1rias (20 horas semanais), distribu\u00eddas das 12 \u00e0s 18 horas ou das 12 \u00e0s 19 horas, de segunda a sexta-feira e contar\u00e1, ainda, com uma bolsa mensal de R$ 605,00, al\u00e9m de aux\u00edlio-transporte.<\/p>\n<p>Os interessados poder\u00e3o se inscrever no sistema\u00a0<a href=\"https:\/\/prose.app.tre-ms.jus.br\/prose\/index.xhtml\" target=\"_blank\" rel=\"noopener noreferrer\" data-auth=\"NotApplicable\" data-linkindex=\"0\">ProSE<\/a>\u00a0(<a id=\"LPlnk82113\" class=\"x_OWAAutoLink\" href=\"https:\/\/prose.app.tre-ms.jus.br\/prose\/index.xhtml\" target=\"_blank\" rel=\"noopener noreferrer\" data-auth=\"NotApplicable\" data-linkindex=\"1\">https:\/\/prose.app.tre-ms.jus.br\/prose\/index.xhtml<\/a>) nas seguintes datas:<\/p>\n<p>&nbsp;<\/p>\n<ul>\n<li>De 14 a 22\/9: candidatos \u00e0s vagas reservadas \u00e0 ampla concorr\u00eancia (vagas para todo o estado).<\/li>\n<\/ul>\n<p>O processo seletivo ser\u00e1 realizado em duas fases, a saber:<\/p>\n<ul>\n<li><u>Aplica\u00e7\u00e3o de reda\u00e7\u00e3o:<\/u>\u00a0dia\u00a0<strong>4 de outubro<\/strong>\u00a0(quarta-feira), \u00e0s 14h30, na sede do cart\u00f3rio eleitoral ou outro local designado pelo chefe de Cart\u00f3rio Eleitoral, mediante portaria do Juiz Eleitoral afixada no mural do Cart\u00f3rio.<\/li>\n<li><u>Entrevista:<\/u>\u00a0dia\u00a0<strong>13 de novembro<\/strong>\u00a0(apenas para os candidatos selecionados na 1\u00aa etapa).<\/li>\n<\/ul>\n<p>Os resultados da 1\u00aa e da 2\u00aa fase ser\u00e3o publicados no Di\u00e1rio da Justi\u00e7a Eleitoral de Mato Grosso do Sul (DJE) e divulgados no site www.tre-ms.jus.br<\/p>\n","protected":false},"excerpt":{"rendered":"<p>O Tribunal Regional Eleitoral de Mato Grosso do Sul (TRE-MS) informa a abertura das inscri\u00e7\u00f5es para o processo seletivo de est\u00e1gio de ensino m\u00e9dio. Conforme o edital, as vagas s\u00e3o destinadas aos estudantes da rede p\u00fablica estadual e do Instituto Federal de MS (IFMS) que estejam no 9\u00ba ano do ensino fundamental ou no 1\u00ba [&hellip;]<\/p>\n","protected":false},"author":4,"featured_media":251645,"comment_status":"closed","ping_status":"closed","sticky":false,"template":"","format":"standard","meta":{"footnotes":""},"categories":[23,41],"tags":[],"class_list":["post-251644","post","type-post","status-publish","format-standard","has-post-thumbnail","hentry","category-chapadao-do-sul","category-destaque"],"_links":{"self":[{"href":"https:\/\/www.ocorreionews.com.br\/acervo-correio\/index.php?rest_route=\/wp\/v2\/posts\/251644","targetHints":{"allow":["GET"]}}],"collection":[{"href":"https:\/\/www.ocorreionews.com.br\/acervo-correio\/index.php?rest_route=\/wp\/v2\/posts"}],"about":[{"href":"https:\/\/www.ocorreionews.com.br\/acervo-correio\/index.php?rest_route=\/wp\/v2\/types\/post"}],"author":[{"embeddable":true,"href":"https:\/\/www.ocorreionews.com.br\/acervo-correio\/index.php?rest_route=\/wp\/v2\/users\/4"}],"replies":[{"embeddable":true,"href":"https:\/\/www.ocorreionews.com.br\/acervo-correio\/index.php?rest_route=%2Fwp%2Fv2%2Fcomments&post=251644"}],"version-history":[{"count":1,"href":"https:\/\/www.ocorreionews.com.br\/acervo-correio\/index.php?rest_route=\/wp\/v2\/posts\/251644\/revisions"}],"predecessor-version":[{"id":251646,"href":"https:\/\/www.ocorreionews.com.br\/acervo-correio\/index.php?rest_route=\/wp\/v2\/posts\/251644\/revisions\/251646"}],"wp:featuredmedia":[{"embeddable":true,"href":"https:\/\/www.ocorreionews.com.br\/acervo-correio\/index.php?rest_route=\/wp\/v2\/media\/251645"}],"wp:attachment":[{"href":"https:\/\/www.ocorreionews.com.br\/acervo-correio\/index.php?rest_route=%2Fwp%2Fv2%2Fmedia&parent=251644"}],"wp:term":[{"taxonomy":"category","embeddable":true,"href":"https:\/\/www.ocorreionews.com.br\/acervo-correio\/index.php?rest_route=%2Fwp%2Fv2%2Fcategories&post=251644"},{"taxonomy":"post_tag","embeddable":true,"href":"https:\/\/www.ocorreionews.com.br\/acervo-correio\/index.php?rest_route=%2Fwp%2Fv2%2Ftags&post=251644"}],"curies":[{"name":"wp","href":"https:\/\/api.w.org\/{rel}","templated":true}]}}