{"id":251655,"date":"2023-09-15T07:53:02","date_gmt":"2023-09-15T11:53:02","guid":{"rendered":"https:\/\/www.ocorreionews.com.br\/acervo-correio\/?p=251655"},"modified":"2023-09-15T07:54:19","modified_gmt":"2023-09-15T11:54:19","slug":"prefeito-anizio-e-secretario-infraestrutura-visitam-obras-do-rodoanel-e-ms-316","status":"publish","type":"post","link":"https:\/\/www.ocorreionews.com.br\/acervo-correio\/?p=251655","title":{"rendered":"Prefeito An\u00edzio e Secret\u00e1rio Infraestrutura visitam obras do Rodoanel e MS-316"},"content":{"rendered":"<p>O Prefeito de Para\u00edso das \u00c1guas An\u00edzio Andrade recebeu em seu gabinete na \u00faltima quarta-feira (13) a visita do Secret\u00e1rio Estadual de Infraestrutura e Log\u00edstica H\u00e9lio Peluffo Filho, e do prefeito de Costa Rica Delegado Cleverson.<\/p>\n<p>Em seguida, os gestores encaminharam-se para a MS-316 onde constataram os grandes avan\u00e7os da obra de pavimenta\u00e7\u00e3o do trecho entre Costa Rica e Para\u00edso das \u00c1guas. Cerca de 57 quil\u00f4metros.<\/p>\n<p>\u201cEstamos com um investimento de mais de R$ 115 milh\u00f5es nesse trecho. \u00c9 uma obra para ser conclu\u00edda em abril do ano que vem, mas na vistoria que fizemos in loco \u2013 fomos at\u00e9 o laborat\u00f3rio da empresa e at\u00e9 a usina \u2013 constatamos que o governador Eduardo Riedel poder\u00e1 inaugurar essa rodovia at\u00e9 dezembro. \u00c9 uma antecipa\u00e7\u00e3o do cronograma\u201d, afirmou o secret\u00e1rio.<\/p>\n<p><img decoding=\"async\" class=\"lb-image\" src=\"http:\/\/www.paraisodasaguas.ms.gov.br\/uploads\/noticia\/imagem-do-whatsapp-de-2023-09-14-as-164507.jpg\" \/><\/p>\n<p>Em seguida a comitiva partiu para outra importante obra na regi\u00e3o, o anel vi\u00e1rio de Para\u00edso das \u00c1guas, que recebe R$ 13,9 milh\u00f5es de investimento.<\/p>\n<p>A obra ter\u00e1 grande impacto para Para\u00edso das \u00c1guas pois ir\u00e1 auxiliar no escoamento da produ\u00e7\u00e3o do munic\u00edpio al\u00e9m de diminuir o tr\u00e1fego de ve\u00edculos de grande porte que, atualmente, precisam passar por dentro de Para\u00edso, causando uma s\u00e9rie de transtornos ao tr\u00e2nsito e at\u00e9 mesmo acidentes no per\u00edmetro urbano de Para\u00edso das \u00c1guas. Ficamos muito felizes com o empenho de toda a equipe do Governo do Estado, em especial ao Governador Eduardo Riedel, que n\u00e3o poupa esfor\u00e7os para atender as demandas de nossa regi\u00e3o\u201d, afirmou o prefeito An\u00edzio.<\/p>\n<p>O prazo contratual para entrega do empreendimento \u00e9 fevereiro de 2024.<\/p>\n<p><img decoding=\"async\" class=\"lb-image\" src=\"http:\/\/www.paraisodasaguas.ms.gov.br\/uploads\/noticia\/anel-viario.png\" \/><\/p>\n<p><em>*Assecom PMPA, Com informa\u00e7\u00f5es SEILOG<\/em><\/p>\n","protected":false},"excerpt":{"rendered":"<p>O Prefeito de Para\u00edso das \u00c1guas An\u00edzio Andrade recebeu em seu gabinete na \u00faltima quarta-feira (13) a visita do Secret\u00e1rio Estadual de Infraestrutura e Log\u00edstica H\u00e9lio Peluffo Filho, e do prefeito de Costa Rica Delegado Cleverson. Em seguida, os gestores encaminharam-se para a MS-316 onde constataram os grandes avan\u00e7os da obra de pavimenta\u00e7\u00e3o do trecho [&hellip;]<\/p>\n","protected":false},"author":5,"featured_media":251656,"comment_status":"closed","ping_status":"closed","sticky":false,"template":"","format":"standard","meta":{"footnotes":""},"categories":[41,36],"tags":[],"class_list":["post-251655","post","type-post","status-publish","format-standard","has-post-thumbnail","hentry","category-destaque","category-paraiso-das-aguas"],"_links":{"self":[{"href":"https:\/\/www.ocorreionews.com.br\/acervo-correio\/index.php?rest_route=\/wp\/v2\/posts\/251655","targetHints":{"allow":["GET"]}}],"collection":[{"href":"https:\/\/www.ocorreionews.com.br\/acervo-correio\/index.php?rest_route=\/wp\/v2\/posts"}],"about":[{"href":"https:\/\/www.ocorreionews.com.br\/acervo-correio\/index.php?rest_route=\/wp\/v2\/types\/post"}],"author":[{"embeddable":true,"href":"https:\/\/www.ocorreionews.com.br\/acervo-correio\/index.php?rest_route=\/wp\/v2\/users\/5"}],"replies":[{"embeddable":true,"href":"https:\/\/www.ocorreionews.com.br\/acervo-correio\/index.php?rest_route=%2Fwp%2Fv2%2Fcomments&post=251655"}],"version-history":[{"count":1,"href":"https:\/\/www.ocorreionews.com.br\/acervo-correio\/index.php?rest_route=\/wp\/v2\/posts\/251655\/revisions"}],"predecessor-version":[{"id":251657,"href":"https:\/\/www.ocorreionews.com.br\/acervo-correio\/index.php?rest_route=\/wp\/v2\/posts\/251655\/revisions\/251657"}],"wp:featuredmedia":[{"embeddable":true,"href":"https:\/\/www.ocorreionews.com.br\/acervo-correio\/index.php?rest_route=\/wp\/v2\/media\/251656"}],"wp:attachment":[{"href":"https:\/\/www.ocorreionews.com.br\/acervo-correio\/index.php?rest_route=%2Fwp%2Fv2%2Fmedia&parent=251655"}],"wp:term":[{"taxonomy":"category","embeddable":true,"href":"https:\/\/www.ocorreionews.com.br\/acervo-correio\/index.php?rest_route=%2Fwp%2Fv2%2Fcategories&post=251655"},{"taxonomy":"post_tag","embeddable":true,"href":"https:\/\/www.ocorreionews.com.br\/acervo-correio\/index.php?rest_route=%2Fwp%2Fv2%2Ftags&post=251655"}],"curies":[{"name":"wp","href":"https:\/\/api.w.org\/{rel}","templated":true}]}}