{"id":251672,"date":"2023-09-15T08:18:20","date_gmt":"2023-09-15T12:18:20","guid":{"rendered":"https:\/\/www.ocorreionews.com.br\/acervo-correio\/?p=251672"},"modified":"2023-09-15T08:18:20","modified_gmt":"2023-09-15T12:18:20","slug":"morador-de-aparecida-do-taboado-e-preso-por-armazenar-e-revender-pornografia-infantil","status":"publish","type":"post","link":"https:\/\/www.ocorreionews.com.br\/acervo-correio\/?p=251672","title":{"rendered":"Morador de Aparecida do Taboado \u00e9 preso por armazenar e revender pornografia infantil"},"content":{"rendered":"<p>Rapaz de 20 anos, que n\u00e3o teve o nome divulgado, foi preso na tarde desta quinta-feira (14), por suspeita de armazenar e revender na internet v\u00eddeos e fotos de abuso sexual infantojuvenil, durante a opera\u00e7\u00e3o Safe Net da Pol\u00edcia Federal em Aparecida do Taboado &#8211; MS.<\/p>\n<p>Segundo a Pol\u00edcia Federal, o suspeito estava sendo investigado por utilizar as redes sociais para adquirir e compartilhar os arquivos, al\u00e9m de colocar \u00e0 venda os conte\u00fados de pornografia infantil para usu\u00e1rios no mundo inteiro.<\/p>\n<p>Com isso, foi expedido um mandado de busca e apreens\u00e3o que foi cumprido nesta quinta-feira e o homem acabou sendo preso em flagrante pela equipe da Pol\u00edcia Federal. Al\u00e9m disso, ele teve um celular e pen drives apreendidos que devem passar por per\u00edcia. Detalhes do caso n\u00e3o foram divulgados.<\/p>\n<p>&nbsp;<\/p>\n<p>Por Ana Paula Chuva &#8211; Campo Grande News<\/p>\n","protected":false},"excerpt":{"rendered":"<p>Rapaz de 20 anos, que n\u00e3o teve o nome divulgado, foi preso na tarde desta quinta-feira (14), por suspeita de armazenar e revender na internet v\u00eddeos e fotos de abuso sexual infantojuvenil, durante a opera\u00e7\u00e3o Safe Net da Pol\u00edcia Federal em Aparecida do Taboado &#8211; MS. Segundo a Pol\u00edcia Federal, o suspeito estava sendo investigado [&hellip;]<\/p>\n","protected":false},"author":5,"featured_media":251673,"comment_status":"closed","ping_status":"closed","sticky":false,"template":"","format":"standard","meta":{"footnotes":""},"categories":[38,143],"tags":[],"class_list":["post-251672","post","type-post","status-publish","format-standard","has-post-thumbnail","hentry","category-policia","category-regional"],"_links":{"self":[{"href":"https:\/\/www.ocorreionews.com.br\/acervo-correio\/index.php?rest_route=\/wp\/v2\/posts\/251672","targetHints":{"allow":["GET"]}}],"collection":[{"href":"https:\/\/www.ocorreionews.com.br\/acervo-correio\/index.php?rest_route=\/wp\/v2\/posts"}],"about":[{"href":"https:\/\/www.ocorreionews.com.br\/acervo-correio\/index.php?rest_route=\/wp\/v2\/types\/post"}],"author":[{"embeddable":true,"href":"https:\/\/www.ocorreionews.com.br\/acervo-correio\/index.php?rest_route=\/wp\/v2\/users\/5"}],"replies":[{"embeddable":true,"href":"https:\/\/www.ocorreionews.com.br\/acervo-correio\/index.php?rest_route=%2Fwp%2Fv2%2Fcomments&post=251672"}],"version-history":[{"count":1,"href":"https:\/\/www.ocorreionews.com.br\/acervo-correio\/index.php?rest_route=\/wp\/v2\/posts\/251672\/revisions"}],"predecessor-version":[{"id":251674,"href":"https:\/\/www.ocorreionews.com.br\/acervo-correio\/index.php?rest_route=\/wp\/v2\/posts\/251672\/revisions\/251674"}],"wp:featuredmedia":[{"embeddable":true,"href":"https:\/\/www.ocorreionews.com.br\/acervo-correio\/index.php?rest_route=\/wp\/v2\/media\/251673"}],"wp:attachment":[{"href":"https:\/\/www.ocorreionews.com.br\/acervo-correio\/index.php?rest_route=%2Fwp%2Fv2%2Fmedia&parent=251672"}],"wp:term":[{"taxonomy":"category","embeddable":true,"href":"https:\/\/www.ocorreionews.com.br\/acervo-correio\/index.php?rest_route=%2Fwp%2Fv2%2Fcategories&post=251672"},{"taxonomy":"post_tag","embeddable":true,"href":"https:\/\/www.ocorreionews.com.br\/acervo-correio\/index.php?rest_route=%2Fwp%2Fv2%2Ftags&post=251672"}],"curies":[{"name":"wp","href":"https:\/\/api.w.org\/{rel}","templated":true}]}}