{"id":251675,"date":"2023-09-15T08:24:09","date_gmt":"2023-09-15T12:24:09","guid":{"rendered":"https:\/\/www.ocorreionews.com.br\/acervo-correio\/?p=251675"},"modified":"2023-09-15T08:25:05","modified_gmt":"2023-09-15T12:25:05","slug":"sargento-da-pm-em-mineiros-e-preso-suspeito-de-roubar-caminhonete-e-celular-para-cobrar-divida","status":"publish","type":"post","link":"https:\/\/www.ocorreionews.com.br\/acervo-correio\/?p=251675","title":{"rendered":"Sargento da PM  \u00e9 preso em Mineiros, suspeito de roubar caminhonete e celular para cobrar d\u00edvida"},"content":{"rendered":"<div id=\"chunk-6uib9\">\n<div class=\"mc-column content-text active-extra-styles \" data-block-type=\"unstyled\" data-block-weight=\"39\" data-block-id=\"3\">\n<p class=\"content-text__container \" data-track-category=\"Link no Texto\" data-track-links=\"\">Um sargento da Pol\u00edcia Militar foi preso suspeito de roubar uma caminhonete e um celular para cobrar uma d\u00edvida em Mineiros, no sudoeste de Goi\u00e1s. Segundo a Pol\u00edcia Civil, ele havia emprestado dinheiro para v\u00edtima que n\u00e3o o pagou.<\/p>\n<\/div>\n<\/div>\n<div class=\"wall protected-content\">\n<div id=\"chunk-3s6fh\">\n<div class=\"mc-column content-text active-extra-styles\" data-block-type=\"raw\" data-block-weight=\"6\" data-block-id=\"4\">\n<p>&nbsp;<\/p>\n<p>&nbsp;<\/p>\n<\/div>\n<\/div>\n<div id=\"chunk-gpv9\">\n<div class=\"mc-column content-text active-extra-styles \" data-block-type=\"unstyled\" data-block-weight=\"27\" data-block-id=\"5\">\n<p class=\"content-text__container \" data-track-category=\"Link no Texto\" data-track-links=\"\">O nome do suspeito n\u00e3o foi divulgado, por isso, o <strong>g1 <\/strong>n\u00e3o conseguiu localizar a defesa dele para que se posicionasse at\u00e9 a \u00faltima atualiza\u00e7\u00e3o desta reportagem.<\/p>\n<p data-track-category=\"Link no Texto\" data-track-links=\"\">\n<\/div>\n<\/div>\n<div id=\"chunk-atvd3\">\n<div class=\"mc-column content-text active-extra-styles \" data-block-type=\"unstyled\" data-block-weight=\"33\" data-block-id=\"6\">\n<p class=\"content-text__container \" data-track-category=\"Link no Texto\" data-track-links=\"\">A Pol\u00edcia Militar disse que n\u00e3o compactua com nenhum tipo de desvio de conduta e que o sargento foi ouvido e encaminhado ao pres\u00eddio militar em Goi\u00e2nia<strong><em> (veja nota na \u00edntegra abaixo)<\/em><\/strong>.<\/p>\n<div id=\"chunk-90ek5\">\n<div class=\"mc-column content-text active-extra-styles \" data-block-type=\"unstyled\" data-block-weight=\"46\" data-block-id=\"8\">\n<p class=\"content-text__container \" data-track-category=\"Link no Texto\" data-track-links=\"\">A pris\u00e3o aconteceu na \u00faltima quarta-feira (13). \u00c0 TV Anhanguera, a pol\u00edcia disse que a v\u00edtima, de 26 anos, contou que o sargento j\u00e1 tinha amea\u00e7ado de morte por uma liga\u00e7\u00e3o. Tamb\u00e9m informou que queria negociar a d\u00edvida com o PM, mas ele n\u00e3o aceitou.<\/p>\n<div id=\"chunk-epbjl\">\n<div class=\"mc-column content-text active-extra-styles \" data-block-type=\"unstyled\" data-block-weight=\"51\" data-block-id=\"11\">\n<p class=\"content-text__container \" data-track-category=\"Link no Texto\" data-track-links=\"\">O suspeito marcou uma conversa com a v\u00edtima e durante o encontro disse que iria dirigir a camionete dele. Com uma arma, o sargento mandou o homem descer do ve\u00edculo e fugiu com a camionete e o celular dele. O suspeito foi preso em flagrante e deve responder por roubo.<\/p>\n<\/div>\n<\/div>\n<div id=\"chunk-1s7v1\">\n<div class=\"mc-column content-text active-extra-styles\" data-block-type=\"raw\" data-block-weight=\"6\" data-block-id=\"12\">\n<div class=\"content-intertitle\">\n<h2>Nota na \u00edntegra da Pol\u00edcia Militar<\/h2>\n<\/div>\n<p>&nbsp;<\/p>\n<\/div>\n<\/div>\n<div id=\"chunk-dgc1f\">\n<div class=\"mc-column content-text active-extra-styles \" data-block-type=\"unstyled\" data-block-weight=\"61\" data-block-id=\"13\">\n<p class=\"content-text__container \" data-track-category=\"Link no Texto\" data-track-links=\"\"><em>&#8220;Na tarde do dia 12 de setembro, uma equipe da Pol\u00edcia Militar conduziu um militar lotado no 46\u00ba BPM at\u00e9 a Delegacia de Mineiros, onde foi ouvido por suposta pr\u00e1tica de crime. Em seguida, o referido policial militar foi encaminhado ao pres\u00eddio militar em Goi\u00e2nia. A Pol\u00edcia Militar de Goi\u00e1s reitera que n\u00e3o compactua com nenhum tipo de desvio de conduta&#8221;.<\/em><\/p>\n<\/div>\n<div class=\"mc-column content-text active-extra-styles \" data-block-type=\"unstyled\" data-block-weight=\"61\" data-block-id=\"13\">\n<p class=\"content-publication-data__from\" title=\"Let\u00edcia Graziely, g1 Goi\u00e1s\">Por Let\u00edcia Graziely, g1 Goi\u00e1s<\/p>\n<\/div>\n<\/div>\n<\/div>\n<\/div>\n<\/div>\n<\/div>\n<\/div>\n","protected":false},"excerpt":{"rendered":"<p>Um sargento da Pol\u00edcia Militar foi preso suspeito de roubar uma caminhonete e um celular para cobrar uma d\u00edvida em Mineiros, no sudoeste de Goi\u00e1s. Segundo a Pol\u00edcia Civil, ele havia emprestado dinheiro para v\u00edtima que n\u00e3o o pagou. &nbsp; &nbsp; O nome do suspeito n\u00e3o foi divulgado, por isso, o g1 n\u00e3o conseguiu localizar [&hellip;]<\/p>\n","protected":false},"author":5,"featured_media":251676,"comment_status":"closed","ping_status":"closed","sticky":false,"template":"","format":"standard","meta":{"footnotes":""},"categories":[141,38,143],"tags":[],"class_list":["post-251675","post","type-post","status-publish","format-standard","has-post-thumbnail","hentry","category-goias","category-policia","category-regional"],"_links":{"self":[{"href":"https:\/\/www.ocorreionews.com.br\/acervo-correio\/index.php?rest_route=\/wp\/v2\/posts\/251675","targetHints":{"allow":["GET"]}}],"collection":[{"href":"https:\/\/www.ocorreionews.com.br\/acervo-correio\/index.php?rest_route=\/wp\/v2\/posts"}],"about":[{"href":"https:\/\/www.ocorreionews.com.br\/acervo-correio\/index.php?rest_route=\/wp\/v2\/types\/post"}],"author":[{"embeddable":true,"href":"https:\/\/www.ocorreionews.com.br\/acervo-correio\/index.php?rest_route=\/wp\/v2\/users\/5"}],"replies":[{"embeddable":true,"href":"https:\/\/www.ocorreionews.com.br\/acervo-correio\/index.php?rest_route=%2Fwp%2Fv2%2Fcomments&post=251675"}],"version-history":[{"count":2,"href":"https:\/\/www.ocorreionews.com.br\/acervo-correio\/index.php?rest_route=\/wp\/v2\/posts\/251675\/revisions"}],"predecessor-version":[{"id":251678,"href":"https:\/\/www.ocorreionews.com.br\/acervo-correio\/index.php?rest_route=\/wp\/v2\/posts\/251675\/revisions\/251678"}],"wp:featuredmedia":[{"embeddable":true,"href":"https:\/\/www.ocorreionews.com.br\/acervo-correio\/index.php?rest_route=\/wp\/v2\/media\/251676"}],"wp:attachment":[{"href":"https:\/\/www.ocorreionews.com.br\/acervo-correio\/index.php?rest_route=%2Fwp%2Fv2%2Fmedia&parent=251675"}],"wp:term":[{"taxonomy":"category","embeddable":true,"href":"https:\/\/www.ocorreionews.com.br\/acervo-correio\/index.php?rest_route=%2Fwp%2Fv2%2Fcategories&post=251675"},{"taxonomy":"post_tag","embeddable":true,"href":"https:\/\/www.ocorreionews.com.br\/acervo-correio\/index.php?rest_route=%2Fwp%2Fv2%2Ftags&post=251675"}],"curies":[{"name":"wp","href":"https:\/\/api.w.org\/{rel}","templated":true}]}}