{"id":251681,"date":"2023-09-15T15:28:52","date_gmt":"2023-09-15T19:28:52","guid":{"rendered":"https:\/\/www.ocorreionews.com.br\/acervo-correio\/?p=251681"},"modified":"2023-09-15T15:28:52","modified_gmt":"2023-09-15T19:28:52","slug":"presidente-da-camara-de-vereadores-de-chapadao-do-sul-participa-do-vii-congresso-estadual-de-previdencia-social","status":"publish","type":"post","link":"https:\/\/www.ocorreionews.com.br\/acervo-correio\/?p=251681","title":{"rendered":"Presidente da C\u00e2mara de Vereadores de Chapad\u00e3o do Sul participa do VII Congresso Estadual de Previd\u00eancia Social"},"content":{"rendered":"<p dir=\"ltr\">O Presidente da C\u00e2mara de Chapad\u00e3o do Sul, vereador Airton Ant\u00f4nio Schwantes (Tucano), est\u00e1 participando do Congresso Estadual da ADIMP-MS (Associa\u00e7\u00e3o dos Institutos de Previd\u00eancia de Mato Grosso do Sul) em Corumb\u00e1\/MS.<\/p>\n<p dir=\"ltr\">O evento, que teve in\u00edcio no dia 13 de setembro e segue at\u00e9 esta sexta-feira (15), tem o objetivo de reunir representantes dos Institutos de Previd\u00eancia de todo o estado, com intuito de discutir quest\u00f5es pertinentes \u00e0 \u00e1rea da previd\u00eancia e promover a troca de experi\u00eancias entre os participantes. Temas como gest\u00e3o previdenci\u00e1ria, legisla\u00e7\u00e3o, investimentos, aposentadoria e demais assuntos relacionados ao setor est\u00e3o sendo abordados durante o encontro.<\/p>\n<p dir=\"ltr\">Al\u00e9m do Presidente da C\u00e2mara, uma comitiva do Instituto de Previd\u00eancia de Chapad\u00e3o do Sul tamb\u00e9m marcou presen\u00e7a no evento. A participa\u00e7\u00e3o da equipe chapadense refor\u00e7a o comprometimento do munic\u00edpio com a capacita\u00e7\u00e3o e atualiza\u00e7\u00e3o de seus servidores, visando a melhoria na administra\u00e7\u00e3o previdenci\u00e1ria e garantindo o pagamento dos benef\u00edcios aos segurados.<\/p>\n<p dir=\"ltr\">Palestras, mesas-redondas e debates com especialistas da \u00e1rea, est\u00e3o sendo realizados a fim de proporcionar um ambiente prop\u00edcio para o aprofundamento dos estudos e o compartilhamento de boas pr\u00e1ticas. Al\u00e9m disso, o evento tamb\u00e9m oferece a oportunidade de networking e intera\u00e7\u00e3o entre os participantes, favorecendo o fortalecimento do setor previdenci\u00e1rio no estado de Mato Grosso do Sul.<\/p>\n<p dir=\"ltr\">\n<p dir=\"ltr\">\n<p dir=\"ltr\"><em>*Assessoria C\u00e2mara Municipal<\/em><\/p>\n","protected":false},"excerpt":{"rendered":"<p>O Presidente da C\u00e2mara de Chapad\u00e3o do Sul, vereador Airton Ant\u00f4nio Schwantes (Tucano), est\u00e1 participando do Congresso Estadual da ADIMP-MS (Associa\u00e7\u00e3o dos Institutos de Previd\u00eancia de Mato Grosso do Sul) em Corumb\u00e1\/MS. O evento, que teve in\u00edcio no dia 13 de setembro e segue at\u00e9 esta sexta-feira (15), tem o objetivo de reunir representantes dos [&hellip;]<\/p>\n","protected":false},"author":5,"featured_media":251683,"comment_status":"closed","ping_status":"closed","sticky":false,"template":"","format":"standard","meta":{"footnotes":""},"categories":[20,23,41],"tags":[],"class_list":["post-251681","post","type-post","status-publish","format-standard","has-post-thumbnail","hentry","category-camara-municipal","category-chapadao-do-sul","category-destaque"],"_links":{"self":[{"href":"https:\/\/www.ocorreionews.com.br\/acervo-correio\/index.php?rest_route=\/wp\/v2\/posts\/251681","targetHints":{"allow":["GET"]}}],"collection":[{"href":"https:\/\/www.ocorreionews.com.br\/acervo-correio\/index.php?rest_route=\/wp\/v2\/posts"}],"about":[{"href":"https:\/\/www.ocorreionews.com.br\/acervo-correio\/index.php?rest_route=\/wp\/v2\/types\/post"}],"author":[{"embeddable":true,"href":"https:\/\/www.ocorreionews.com.br\/acervo-correio\/index.php?rest_route=\/wp\/v2\/users\/5"}],"replies":[{"embeddable":true,"href":"https:\/\/www.ocorreionews.com.br\/acervo-correio\/index.php?rest_route=%2Fwp%2Fv2%2Fcomments&post=251681"}],"version-history":[{"count":1,"href":"https:\/\/www.ocorreionews.com.br\/acervo-correio\/index.php?rest_route=\/wp\/v2\/posts\/251681\/revisions"}],"predecessor-version":[{"id":251685,"href":"https:\/\/www.ocorreionews.com.br\/acervo-correio\/index.php?rest_route=\/wp\/v2\/posts\/251681\/revisions\/251685"}],"wp:featuredmedia":[{"embeddable":true,"href":"https:\/\/www.ocorreionews.com.br\/acervo-correio\/index.php?rest_route=\/wp\/v2\/media\/251683"}],"wp:attachment":[{"href":"https:\/\/www.ocorreionews.com.br\/acervo-correio\/index.php?rest_route=%2Fwp%2Fv2%2Fmedia&parent=251681"}],"wp:term":[{"taxonomy":"category","embeddable":true,"href":"https:\/\/www.ocorreionews.com.br\/acervo-correio\/index.php?rest_route=%2Fwp%2Fv2%2Fcategories&post=251681"},{"taxonomy":"post_tag","embeddable":true,"href":"https:\/\/www.ocorreionews.com.br\/acervo-correio\/index.php?rest_route=%2Fwp%2Fv2%2Ftags&post=251681"}],"curies":[{"name":"wp","href":"https:\/\/api.w.org\/{rel}","templated":true}]}}