{"id":251689,"date":"2023-09-15T16:03:24","date_gmt":"2023-09-15T20:03:24","guid":{"rendered":"https:\/\/www.ocorreionews.com.br\/acervo-correio\/?p=251689"},"modified":"2023-09-15T16:04:45","modified_gmt":"2023-09-15T20:04:45","slug":"na-tentativa-de-reducao-de-gastos-prefeitura-de-costa-rica-diminui-o-horario-de-expediente","status":"publish","type":"post","link":"https:\/\/www.ocorreionews.com.br\/acervo-correio\/?p=251689","title":{"rendered":"Pensando na redu\u00e7\u00e3o de gastos, Prefeitura de Costa Rica diminu\u00ed o hor\u00e1rio de expediente"},"content":{"rendered":"<p>Na \u00faltima quinta-feira, 14 de setembro de 2023, o prefeito de Costa Rica, delegado Cleverson Alves dos Santos, assinou o Decreto n\u00b0. 4.949, que estabelece o Plano Preventivo de Contingenciamento de Despesas no \u00e2mbito do Poder Executivo e ter\u00e1 validade at\u00e9 o dia 31 de dezembro de 2023. A medida passa a valer a partir do dia 25 e o expediente ser\u00e1 das 7h \u00e0s 13h. O objetivo deste plano \u00e9 promover o controle financeiro, or\u00e7ament\u00e1rio e fiscal, al\u00e9m de direcionar a\u00e7\u00f5es gerais para mitigar os impactos financeiros causados pela atual crise econ\u00f4mica nacional.<\/p>\n<p>\u201cA decis\u00e3o preventiva foi tomada para reduzir custos antes que o munic\u00edpio enfrente uma crise financeira grave, como muitas outras cidades do pa\u00eds t\u00eam enfrentado. Realizamos todos os contingenciamentos necess\u00e1rios e estamos elaborando medidas adicionais para evitar que o munic\u00edpio fique com d\u00e9ficit, assim como aconteceu em diversas outras prefeituras que precisaram fechar suas portas e at\u00e9 exonerar servidores para conter despesas. Pedimos a compreens\u00e3o e colabora\u00e7\u00e3o de toda a comunidade nesse Plano Preventivo de Contingenciamento de Despesas no Poder Executivo\u201d, disse o prefeito.<\/p>\n<p>Conforme o decreto, a decis\u00e3o de implementar esse plano foi tomada considerando a necessidade de uma pol\u00edtica efetiva de controle e gest\u00e3o de gastos p\u00fablicos, a fim de analisar detalhadamente a oportunidade, conveni\u00eancia e necessidade de contratos administrativos ou outros instrumentos jur\u00eddicos similares que envolvam o uso de recursos financeiros. Al\u00e9m disso, o decreto est\u00e1 em conformidade com a Lei de Responsabilidade Fiscal, a Lei Federal n\u00b0 4.320 e o Plano Plurianual do Munic\u00edpio de Costa Rica 2022-2025.<\/p>\n<p>Diante dos cen\u00e1rios fiscais adversos na administra\u00e7\u00e3o p\u00fablica nacional e das proje\u00e7\u00f5es econ\u00f4micas e financeiras que apontam para uma severa crise econ\u00f4mica, o munic\u00edpio decidiu adotar medidas para buscar o equil\u00edbrio or\u00e7ament\u00e1rio e financeiro. O plano prev\u00ea a redu\u00e7\u00e3o de gastos nos setores que n\u00e3o s\u00e3o essenciais.<\/p>\n<p>Dentre as medidas estabelecidas pelo decreto, est\u00e1 a veda\u00e7\u00e3o da celebra\u00e7\u00e3o de novos contratos para servi\u00e7os de consultoria t\u00e9cnica e a contrata\u00e7\u00e3o de cursos, capacita\u00e7\u00f5es, treinamentos e participa\u00e7\u00e3o em eventos. Al\u00e9m disso, fica proibida a celebra\u00e7\u00e3o de novos contratos de loca\u00e7\u00e3o de im\u00f3veis, sendo prefer\u00edvel que os \u00f3rg\u00e3os e entidades utilizem as estruturas pr\u00f3prias do munic\u00edpio.<\/p>\n<p>Outras medidas incluem a racionaliza\u00e7\u00e3o do consumo de energia el\u00e9trica, \u00e1gua e telefonia, a revis\u00e3o dos contratos de servi\u00e7os terceirizados visando a suspens\u00e3o ou redu\u00e7\u00e3o dos valores contratados, a redu\u00e7\u00e3o da jornada de trabalho dos servidores municipais para seis horas di\u00e1rias, exceto para servi\u00e7os essenciais, e a suspens\u00e3o do aumento de despesas com pessoal, entre outras.<\/p>\n<p>Vale ressaltar que todas as despesas realizadas em desacordo com as normas estabelecidas pelo decreto s\u00e3o consideradas n\u00e3o autorizadas, irregulares e lesivas ao patrim\u00f4nio p\u00fablico, sendo que os respons\u00e1veis por tais pr\u00e1ticas podem ser responsabilizados por insubordina\u00e7\u00e3o administrativa.<\/p>\n<p>No entanto, o prefeito municipal poder\u00e1 estabelecer exce\u00e7\u00f5es \u00e0s regras previstas no decreto em situa\u00e7\u00f5es excepcionais, desde que haja justificativa e comprova\u00e7\u00e3o da necessidade.<\/p>\n<p>O Decreto n\u00b0. 4.949 entrou em vigor na data de sua publica\u00e7\u00e3o no Di\u00e1rio Oficial do Munic\u00edpio, edi\u00e7\u00e3o n\u00ba <a href=\"https:\/\/www.costarica.ms.gov.br\/portal\/diario-oficial\/ver\/3686\">3542<\/a>, ou seja, no dia 14 de setembro de 2023, e ter\u00e1 validade at\u00e9 o dia 31 de dezembro de 2023.<\/p>\n<p>Com essa medida, o munic\u00edpio de Costa Rica busca enfrentar os desafios econ\u00f4micos e financeiros, promovendo um controle rigoroso das despesas e direcionando recursos para \u00e1reas consideradas priorit\u00e1rias.<\/p>\n<p><strong>MOBILIZA\u00c7\u00c3O NACIONAL <\/strong><\/p>\n<p>Os prefeitos agora se unir\u00e3o em ato nos dias 3 e 4 de outubro, em Bras\u00edlia, coordenado pela Confedera\u00e7\u00e3o Nacional de Munic\u00edpios (CNM). A expectativa \u00e9 que mais de 5 mil gestores do pa\u00eds se re\u00fanam na capital federal.<\/p>\n<p><strong>ESTAQUES<\/strong><\/p>\n<p>No Estado de Goi\u00e1s, Prefeitos fecham as portas por autonomia financeira. Mobilizados pela Federa\u00e7\u00e3o Goiana de Munic\u00edpios (FGM) e pela Associa\u00e7\u00e3o Goiana de Munic\u00edpios (AGM), 230 dos 246 prefeitos, fizeram, nesta quarta-feira (13) mobiliza\u00e7\u00e3o, em Goi\u00e2nia em protesto contra a queda de receitas, entre elas o ICMS e o FPM. O desequil\u00edbrio entre as receitas e as despesas \u00e9 t\u00e3o grande que muitas prefeituras j\u00e1 preveem o atraso no pagamento dos sal\u00e1rios de servidores. O crescimento da arrecada\u00e7\u00e3o e dos repasses do Estado e da Uni\u00e3o \u00e9 bem inferior ao crescimento dos gastos. A balan\u00e7a est\u00e1 desequilibrada, reportagem do Di\u00e1rio da Manh\u00e3.<\/p>\n<p>Crise nas prefeituras: 56% dos munic\u00edpios de SC fecharam o 1\u00ba semestre no vermelho. A n\u00edvel nacional, 51% das prefeituras brasileiras est\u00e3o no vermelho. Em Santa Catarina, 130 Munic\u00edpios de 234 que enviaram dados ao Siconfi encerraram o primeiro semestre de 2023 com d\u00e9ficit, o que representa 56%\u201d,<\/p>\n<p>&nbsp;<\/p>\n<p>&nbsp;<\/p>\n<p>*\u00a0Assessoria de Comunica\u00e7\u00e3o &#8211; PMCR, Silvestre de Castro<\/p>\n<p>&nbsp;<\/p>\n<p>&nbsp;<\/p>\n","protected":false},"excerpt":{"rendered":"<p>Na \u00faltima quinta-feira, 14 de setembro de 2023, o prefeito de Costa Rica, delegado Cleverson Alves dos Santos, assinou o Decreto n\u00b0. 4.949, que estabelece o Plano Preventivo de Contingenciamento de Despesas no \u00e2mbito do Poder Executivo e ter\u00e1 validade at\u00e9 o dia 31 de dezembro de 2023. A medida passa a valer a partir [&hellip;]<\/p>\n","protected":false},"author":5,"featured_media":166620,"comment_status":"closed","ping_status":"closed","sticky":false,"template":"","format":"standard","meta":{"footnotes":""},"categories":[25],"tags":[],"class_list":["post-251689","post","type-post","status-publish","format-standard","has-post-thumbnail","hentry","category-costa-rica"],"_links":{"self":[{"href":"https:\/\/www.ocorreionews.com.br\/acervo-correio\/index.php?rest_route=\/wp\/v2\/posts\/251689","targetHints":{"allow":["GET"]}}],"collection":[{"href":"https:\/\/www.ocorreionews.com.br\/acervo-correio\/index.php?rest_route=\/wp\/v2\/posts"}],"about":[{"href":"https:\/\/www.ocorreionews.com.br\/acervo-correio\/index.php?rest_route=\/wp\/v2\/types\/post"}],"author":[{"embeddable":true,"href":"https:\/\/www.ocorreionews.com.br\/acervo-correio\/index.php?rest_route=\/wp\/v2\/users\/5"}],"replies":[{"embeddable":true,"href":"https:\/\/www.ocorreionews.com.br\/acervo-correio\/index.php?rest_route=%2Fwp%2Fv2%2Fcomments&post=251689"}],"version-history":[{"count":3,"href":"https:\/\/www.ocorreionews.com.br\/acervo-correio\/index.php?rest_route=\/wp\/v2\/posts\/251689\/revisions"}],"predecessor-version":[{"id":251695,"href":"https:\/\/www.ocorreionews.com.br\/acervo-correio\/index.php?rest_route=\/wp\/v2\/posts\/251689\/revisions\/251695"}],"wp:featuredmedia":[{"embeddable":true,"href":"https:\/\/www.ocorreionews.com.br\/acervo-correio\/index.php?rest_route=\/wp\/v2\/media\/166620"}],"wp:attachment":[{"href":"https:\/\/www.ocorreionews.com.br\/acervo-correio\/index.php?rest_route=%2Fwp%2Fv2%2Fmedia&parent=251689"}],"wp:term":[{"taxonomy":"category","embeddable":true,"href":"https:\/\/www.ocorreionews.com.br\/acervo-correio\/index.php?rest_route=%2Fwp%2Fv2%2Fcategories&post=251689"},{"taxonomy":"post_tag","embeddable":true,"href":"https:\/\/www.ocorreionews.com.br\/acervo-correio\/index.php?rest_route=%2Fwp%2Fv2%2Ftags&post=251689"}],"curies":[{"name":"wp","href":"https:\/\/api.w.org\/{rel}","templated":true}]}}