{"id":251694,"date":"2023-09-15T11:06:43","date_gmt":"2023-09-15T15:06:43","guid":{"rendered":"https:\/\/www.ocorreionews.com.br\/acervo-correio\/?p=251694"},"modified":"2023-09-15T16:14:45","modified_gmt":"2023-09-15T20:14:45","slug":"agricultores-ja-podem-semear-soja-em-ms","status":"publish","type":"post","link":"https:\/\/www.ocorreionews.com.br\/acervo-correio\/?p=251694","title":{"rendered":"Agricultores j\u00e1 podem semear soja em MS"},"content":{"rendered":"<p>Nesta sexta-feira (15) termina oficialmente o per\u00edodo conhecido como &#8220;vazio sanit\u00e1rio da soja&#8221; em Mato Grosso do Sul, per\u00edodo cont\u00ednuo de 90 dias em que a oleaginosa n\u00e3o pode ser semeada. A medida visa reduzir a sobreviv\u00eancia do fungo causador da ferrugem asi\u00e1tica.<\/p>\n<p>Em nota distribu\u00edda \u00e0 imprensa pelo Sistema Famasul, o consultor t\u00e9cnico da casa, Lenon Lovera, explica que anualmente o Mapa (Minist\u00e9rio da Agricultura e Pecu\u00e1ria), estabelece um prazo de libera\u00e7\u00e3o sanit\u00e1ria das planta\u00e7\u00f5es de soja, que deve ser respeitado por todos os estados produtores do pa\u00eds. \u201cA ferrugem asi\u00e1tica \u00e9 considerada uma das doen\u00e7as mais graves que acomete a soja e pode ocorrer em qualquer est\u00e1gio fenol\u00f3gico. Estudos feitos em diversas regi\u00f5es mostraram que o fungo atingiu n\u00edveis end\u00eamicos, com perdas de produtividade variando de 10% a 90%\u201d, detalha.<\/p>\n<p>Um estudo da Embrapa Soja (Empresa Brasileira de Pesquisa Agropecu\u00e1ria de Soja), demonstra que o vazio sanit\u00e1rio ajuda a reduzir o in\u00f3culo da ferrugem asi\u00e1tica. Os dados tamb\u00e9m apontam que o fungo causador \u00e9 biotr\u00f3fico, ou seja, necessita de um hospedeiro vivo para se desenvolver e reproduzir. \u00a0Eliminando as plantas de soja na entressafra, quebra-se o ciclo f\u00fangico e reduz o n\u00famero de esporos presentes no ambiente.<\/p>\n<p>A confirma\u00e7\u00e3o da doen\u00e7a \u00e9 feita pela constata\u00e7\u00e3o, no verso da folha, de sali\u00eancias semelhantes a pequenas feridas ou bolhas, que correspondem \u00e0s estruturas de reprodu\u00e7\u00e3o do fungo.<\/p>\n<p>\u201cEssa observa\u00e7\u00e3o \u00e9 facilitada com a utiliza\u00e7\u00e3o de uma lupa ou sob um microsc\u00f3pio estereosc\u00f3pico, e, com o passar do tempo, as folhas infectadas pelo fungo tornam-se amarelas e caem. Por isso, o monitoramento da lavoura \u00e9 essencial desde o in\u00edcio do desenvolvimento da soja para que o produtor possa iniciar o controle logo ap\u00f3s o aparecimento dos primeiros sintomas ou, realizar o controle preventivo a fim de evitar o aparecimento da doen\u00e7a na safra\u201d, salienta Lovera.<\/p>\n<p>Lan\u00e7amento do Plantio da Soja<\/p>\n<p>A data de 15 de setembro tamb\u00e9m marca o in\u00edcio oficial da semeadura do gr\u00e3o, com evento realizado pela Aprosoja\/MS, com apoio da Famasul. Durante a cerim\u00f4nia ser\u00e3o apresentados dados e estimativas para a safra 2023\/2024, como \u00e1rea semeada, produ\u00e7\u00e3o e produtividade.<\/p>\n<p>\u201cA alta probabilidade da ocorr\u00eancia do fen\u00f4meno El Ni\u00f1o indica um aumento no volume das chuvas. Se, de fato isto ocorrer entre os meses de janeiro e fevereiro, per\u00edodo de maior demanda h\u00eddrica da cultura, o produtor sul-mato-grossense pode esperar uma safra de grandes resultados.\u201d, explica o presidente da Aprosoja\/MS, Andr\u00e9 Dobashi.<\/p>\n<p>Na safra passada, a soja teve uma \u00e1rea de 4 milh\u00f5es de hectares, com produtividade m\u00e9dia de 62,44 sacas por hectare. A produ\u00e7\u00e3o total atingiu o recorde de 15 milh\u00f5es de toneladas, uma produ\u00e7\u00e3o 48% superior ao ciclo anterior, severamente castigado pela seca no per\u00edodo de grana\u00e7\u00e3o da soja.<\/p>\n<p>O lan\u00e7amento ser\u00e1 realizado na sede do Sistema Famasul, a partir das 19h.<\/p>\n<p>&nbsp;<\/p>\n<p>Por Jos\u00e9 Roberto dos Santos &#8211; Campo Grande News<\/p>\n","protected":false},"excerpt":{"rendered":"<p>Nesta sexta-feira (15) termina oficialmente o per\u00edodo conhecido como &#8220;vazio sanit\u00e1rio da soja&#8221; em Mato Grosso do Sul, per\u00edodo cont\u00ednuo de 90 dias em que a oleaginosa n\u00e3o pode ser semeada. A medida visa reduzir a sobreviv\u00eancia do fungo causador da ferrugem asi\u00e1tica. Em nota distribu\u00edda \u00e0 imprensa pelo Sistema Famasul, o consultor t\u00e9cnico da [&hellip;]<\/p>\n","protected":false},"author":5,"featured_media":251130,"comment_status":"closed","ping_status":"closed","sticky":false,"template":"","format":"standard","meta":{"footnotes":""},"categories":[17],"tags":[],"class_list":["post-251694","post","type-post","status-publish","format-standard","has-post-thumbnail","hentry","category-agropecuaria"],"_links":{"self":[{"href":"https:\/\/www.ocorreionews.com.br\/acervo-correio\/index.php?rest_route=\/wp\/v2\/posts\/251694","targetHints":{"allow":["GET"]}}],"collection":[{"href":"https:\/\/www.ocorreionews.com.br\/acervo-correio\/index.php?rest_route=\/wp\/v2\/posts"}],"about":[{"href":"https:\/\/www.ocorreionews.com.br\/acervo-correio\/index.php?rest_route=\/wp\/v2\/types\/post"}],"author":[{"embeddable":true,"href":"https:\/\/www.ocorreionews.com.br\/acervo-correio\/index.php?rest_route=\/wp\/v2\/users\/5"}],"replies":[{"embeddable":true,"href":"https:\/\/www.ocorreionews.com.br\/acervo-correio\/index.php?rest_route=%2Fwp%2Fv2%2Fcomments&post=251694"}],"version-history":[{"count":1,"href":"https:\/\/www.ocorreionews.com.br\/acervo-correio\/index.php?rest_route=\/wp\/v2\/posts\/251694\/revisions"}],"predecessor-version":[{"id":251701,"href":"https:\/\/www.ocorreionews.com.br\/acervo-correio\/index.php?rest_route=\/wp\/v2\/posts\/251694\/revisions\/251701"}],"wp:featuredmedia":[{"embeddable":true,"href":"https:\/\/www.ocorreionews.com.br\/acervo-correio\/index.php?rest_route=\/wp\/v2\/media\/251130"}],"wp:attachment":[{"href":"https:\/\/www.ocorreionews.com.br\/acervo-correio\/index.php?rest_route=%2Fwp%2Fv2%2Fmedia&parent=251694"}],"wp:term":[{"taxonomy":"category","embeddable":true,"href":"https:\/\/www.ocorreionews.com.br\/acervo-correio\/index.php?rest_route=%2Fwp%2Fv2%2Fcategories&post=251694"},{"taxonomy":"post_tag","embeddable":true,"href":"https:\/\/www.ocorreionews.com.br\/acervo-correio\/index.php?rest_route=%2Fwp%2Fv2%2Ftags&post=251694"}],"curies":[{"name":"wp","href":"https:\/\/api.w.org\/{rel}","templated":true}]}}