{"id":25170,"date":"2016-04-12T15:17:59","date_gmt":"2016-04-12T19:17:59","guid":{"rendered":"https:\/\/ocorreionews.com.br\/?p=25170"},"modified":"2016-04-12T15:17:59","modified_gmt":"2016-04-12T19:17:59","slug":"prefeito-e-secretaria-de-saude-participam-em-coxim-da-inauguracao-do-centro-de-hemodialise","status":"publish","type":"post","link":"https:\/\/www.ocorreionews.com.br\/acervo-correio\/?p=25170","title":{"rendered":"Prefeito e secret\u00e1ria de Sa\u00fade participam em Coxim da inaugura\u00e7\u00e3o do Centro de Hemodi\u00e1lise"},"content":{"rendered":"<div class=\"marginBottom30px link-Internas\">\n<p>Na manh\u00e3 desta segunda-feira, 11 de abril de 2016, o prefeito Waldeli dos Santos Rosa acompanhado da secret\u00e1ria de Sa\u00fade Adriana Tobal, participou juntamente com o governador do Estado, Reinaldo Azambuja, da inaugura\u00e7\u00e3o do Centro de Hemodi\u00e1lise de Coxim-MS. A solenidade fez parte das festividades alusivas ao anivers\u00e1rio da cidade que completa 118 anos.<a href=\"https:\/\/ocorreionews.com.br\/wp-content\/uploads\/2016\/04\/waldeli-e-reinaldo-em-Coxim.jpg\" rel=\"attachment wp-att-25173\"><img loading=\"lazy\" decoding=\"async\" class=\"size-medium wp-image-25173 alignright\" src=\"https:\/\/ocorreionews.com.br\/wp-content\/uploads\/2016\/04\/waldeli-e-reinaldo-em-Coxim-300x225.jpg\" alt=\"waldeli e reinaldo em Coxim\" width=\"300\" height=\"225\" srcset=\"https:\/\/www.ocorreionews.com.br\/acervo-correio\/wp-content\/uploads\/2016\/04\/waldeli-e-reinaldo-em-Coxim-300x225.jpg 300w, https:\/\/www.ocorreionews.com.br\/acervo-correio\/wp-content\/uploads\/2016\/04\/waldeli-e-reinaldo-em-Coxim-768x576.jpg 768w, https:\/\/www.ocorreionews.com.br\/acervo-correio\/wp-content\/uploads\/2016\/04\/waldeli-e-reinaldo-em-Coxim-100x75.jpg 100w, https:\/\/www.ocorreionews.com.br\/acervo-correio\/wp-content\/uploads\/2016\/04\/waldeli-e-reinaldo-em-Coxim.jpg 800w\" sizes=\"auto, (max-width: 300px) 100vw, 300px\" \/><\/a><\/p>\n<p>O novo centro que fica situado no Hospital Regional de Coxim Dr. \u00c1lvaro Fontoura Silva, tem o objetivo de atender pacientes com insufici\u00eancia renal que vivem na Regi\u00e3o Norte de Mato Grosso do Sul desafogando os tratamentos realizados na Capital. Hoje, 43 pacientes da regi\u00e3o precisam se deslocar tr\u00eas vezes por semana para realizar o tratamento de rins em Campo Grande &#8211; MS.<\/p>\n<p>O prefeito Waldeli comemora mais essa conquista para a Regi\u00e3o Norte. \u201cNossos pacientes de Costa Rica ser\u00e3o beneficiados diretamente, pois mensalmente v\u00e1rios deles precisam ir at\u00e9 a Capital para realizarem a Hemodi\u00e1lise\u201d, exalta o gestor. A secret\u00e1ria Adriana Tobal por sua vez parabenizou a conquista e afirmou que o servi\u00e7o \u00e9 de extrema import\u00e2ncia para a popula\u00e7\u00e3o. \u201cPacientes das cidades da regi\u00e3o poder\u00e3o utilizar os servi\u00e7os de Coxim. Al\u00e9m de gerar uma economia para a Administra\u00e7\u00e3o Municipal, uma unidade perto de casa representa a melhoria da sa\u00fade dessa popula\u00e7\u00e3o\u201d, ressalta.<\/p>\n<p>Segundo informa\u00e7\u00f5es da assessoria do Governo de Mato Grosso do Sul, os servi\u00e7os de <a href=\"https:\/\/ocorreionews.com.br\/wp-content\/uploads\/2016\/04\/waldeli-aniversario-coxim.jpg\" rel=\"attachment wp-att-25171\"><img loading=\"lazy\" decoding=\"async\" class=\"size-medium wp-image-25171 alignleft\" src=\"https:\/\/ocorreionews.com.br\/wp-content\/uploads\/2016\/04\/waldeli-aniversario-coxim-300x199.jpg\" alt=\"waldeli aniversario coxim\" width=\"300\" height=\"199\" srcset=\"https:\/\/www.ocorreionews.com.br\/acervo-correio\/wp-content\/uploads\/2016\/04\/waldeli-aniversario-coxim-300x199.jpg 300w, https:\/\/www.ocorreionews.com.br\/acervo-correio\/wp-content\/uploads\/2016\/04\/waldeli-aniversario-coxim-768x510.jpg 768w, https:\/\/www.ocorreionews.com.br\/acervo-correio\/wp-content\/uploads\/2016\/04\/waldeli-aniversario-coxim.jpg 799w\" sizes=\"auto, (max-width: 300px) 100vw, 300px\" \/><\/a>hemodi\u00e1lise tiveram o investimento de R$ 1,5 milh\u00e3o, com 18 m\u00e1quinas novas, 11 delas dispon\u00edveis para o tratamento dos pacientes e sete que ser\u00e3o usadas em caso de falha de funcionamento.<\/p>\n<p>Na ocasi\u00e3o tamb\u00e9m foi entregue uma UTI &#8211; Unidade de Tratamento Intensivo &#8211; que tamb\u00e9m vai atender os pacientes da hemodi\u00e1lise.<\/p>\n<\/div>\n<p>&nbsp;<\/p>\n<div class=\"marginBottom30px link-Internas\">ASSECOM\/PMCR<\/div>\n","protected":false},"excerpt":{"rendered":"<p>Na manh\u00e3 desta segunda-feira, 11 de abril de 2016, o prefeito Waldeli dos Santos Rosa acompanhado da secret\u00e1ria de Sa\u00fade Adriana Tobal, participou juntamente com o governador do Estado, Reinaldo Azambuja, da inaugura\u00e7\u00e3o do Centro de Hemodi\u00e1lise de Coxim-MS. A solenidade fez parte das festividades alusivas ao anivers\u00e1rio da cidade que completa 118 anos. O [&hellip;]<\/p>\n","protected":false},"author":4,"featured_media":25172,"comment_status":"closed","ping_status":"closed","sticky":false,"template":"","format":"standard","meta":{"footnotes":""},"categories":[25],"tags":[],"class_list":["post-25170","post","type-post","status-publish","format-standard","has-post-thumbnail","hentry","category-costa-rica"],"_links":{"self":[{"href":"https:\/\/www.ocorreionews.com.br\/acervo-correio\/index.php?rest_route=\/wp\/v2\/posts\/25170","targetHints":{"allow":["GET"]}}],"collection":[{"href":"https:\/\/www.ocorreionews.com.br\/acervo-correio\/index.php?rest_route=\/wp\/v2\/posts"}],"about":[{"href":"https:\/\/www.ocorreionews.com.br\/acervo-correio\/index.php?rest_route=\/wp\/v2\/types\/post"}],"author":[{"embeddable":true,"href":"https:\/\/www.ocorreionews.com.br\/acervo-correio\/index.php?rest_route=\/wp\/v2\/users\/4"}],"replies":[{"embeddable":true,"href":"https:\/\/www.ocorreionews.com.br\/acervo-correio\/index.php?rest_route=%2Fwp%2Fv2%2Fcomments&post=25170"}],"version-history":[{"count":0,"href":"https:\/\/www.ocorreionews.com.br\/acervo-correio\/index.php?rest_route=\/wp\/v2\/posts\/25170\/revisions"}],"wp:featuredmedia":[{"embeddable":true,"href":"https:\/\/www.ocorreionews.com.br\/acervo-correio\/index.php?rest_route=\/wp\/v2\/media\/25172"}],"wp:attachment":[{"href":"https:\/\/www.ocorreionews.com.br\/acervo-correio\/index.php?rest_route=%2Fwp%2Fv2%2Fmedia&parent=25170"}],"wp:term":[{"taxonomy":"category","embeddable":true,"href":"https:\/\/www.ocorreionews.com.br\/acervo-correio\/index.php?rest_route=%2Fwp%2Fv2%2Fcategories&post=25170"},{"taxonomy":"post_tag","embeddable":true,"href":"https:\/\/www.ocorreionews.com.br\/acervo-correio\/index.php?rest_route=%2Fwp%2Fv2%2Ftags&post=25170"}],"curies":[{"name":"wp","href":"https:\/\/api.w.org\/{rel}","templated":true}]}}