{"id":251700,"date":"2023-09-15T16:30:06","date_gmt":"2023-09-15T20:30:06","guid":{"rendered":"https:\/\/www.ocorreionews.com.br\/acervo-correio\/?p=251700"},"modified":"2023-09-15T16:47:49","modified_gmt":"2023-09-15T20:47:49","slug":"com-previsao-de-ate-42c-proxima-semana-pode-ter-recorde-de-calor-em-mato-grosso-do-sul","status":"publish","type":"post","link":"https:\/\/www.ocorreionews.com.br\/acervo-correio\/?p=251700","title":{"rendered":"Com previs\u00e3o de at\u00e9 42\u00b0C, pr\u00f3xima semana pode ter recorde de calor em Mato Grosso do Sul"},"content":{"rendered":"<p>Mais uma onda de calor se aproxima de Mato Grosso do Sul e a pr\u00f3xima semana deve ser de calor\u00e3o, com previs\u00e3o de at\u00e9 42\u00b0C. De acordo com o Cemtec\/MS, o ambiente de altas temperaturas e baixa umidade do ar pode levar v\u00e1rias cidades a atingir recordes de temperatura.<\/p>\n<p>As temperaturas no estado j\u00e1 come\u00e7am a subir neste fim de semana, podendo ultrapassar os 36\u00b0C no domingo. E seguem com tend\u00eancia de alta na pr\u00f3xima semana, quando a m\u00e1xima pode passar dos 40\u00b0C.<\/p>\n<h2 id=\"h-calor-de-42-c-em-corumba\" class=\"wp-block-heading\">Calor de 42\u00b0C em Corumb\u00e1<\/h2>\n<p>Corumb\u00e1 protagonizou triste epis\u00f3dio nessa semana, quando um temporal de chuva e vendaval, com rajada de vento de 100 km\/h, derrubou a cobertura de uma quadra escolar e matou uma crian\u00e7a de 7 anos. Passada a tempestade, a cidade deve ter alta nas temperaturas e at\u00e9 42\u00b0C no dia 24 de setembro, conforme previs\u00e3o do Clima Tempo.<\/p>\n<p>Em Chapad\u00e3o do Sul, segundo o Clima Tempo, a temperatura variar\u00e1 entre a m\u00ednima de 19\u00b0C e 21\u00b0C e a m\u00e1xima de 35\u00b0 C e 36\u00b0C. E ainda poder\u00e1 de chover\u00a0 entre segunda e quarta-feira.<\/p>\n<p>N\u00e3o h\u00e1 novas previs\u00f5es de frente fria para o Mato Grosso do Sul.<\/p>\n<h1 class=\"elementor-heading-title elementor-size-default\">Mato Grosso do Sul marcou calor\u00e3o de 40\u00b0C e frio de 4\u00b0C na mesma semana<\/h1>\n<p>Mato Grosso do Sul enfrentou extremos na mesma semana, reflexos da passagem de uma frente fria e sistemas atmosf\u00e9ricos. Segundo a an\u00e1lise do Cemtec (Centro de Monitoramento do Tempo e do Clima), a temperatura saiu de 40,4\u00b0C para 4,3\u00b0C em poucos dias.<\/p>\n<p>A cidade de Pedro Gomes registrou a mais alta temperatura da semana, na segunda-feira (11), com calor\u00e3o de 40,4\u00b0C. Nesta sexta-feira (15), a m\u00ednima na regi\u00e3o foi de 18,1\u00b0C, mais de 20\u00b0C em amplitude t\u00e9rmica.<\/p>\n<p>A menor temperatura foi pontuada em Iguatemi, com 4,3\u00b0C nesta sexta-feira. A regi\u00e3o sul marcou os menores \u00edndices, Amambai chegou a m\u00ednima de 4,7\u00b0C, em seguida est\u00e1 Rio Brilhante (6\u00b0C), Maracaju (6,6\u00b0C), Nova Alvorada do Sul (7,4\u00b0C) e Ponta Por\u00e3 (7,8\u00b0C).<\/p>\n<p>Na quinta-feira (14), Ponta Por\u00e3 teve sensa\u00e7\u00e3o t\u00e9rmica de -2,6\u00b0C. Como esperado, as m\u00ednimas no Estado variaram entre 6 e 7 graus.<\/p>\n<p><img loading=\"lazy\" decoding=\"async\" class=\"wp-image-1591515 entered lazyloaded aligncenter\" src=\"https:\/\/midiamaxproducao.s3.amazonaws.com\/wp-content\/uploads\/2023\/09\/15091402\/minimas-15-09.jpg\" sizes=\"auto, (max-width: 460px) 100vw, 460px\" srcset=\"https:\/\/midiamaxproducao.s3.amazonaws.com\/wp-content\/uploads\/2023\/09\/15091402\/minimas-15-09.jpg 460w, https:\/\/midiamaxproducao.s3.amazonaws.com\/wp-content\/uploads\/2023\/09\/15091402\/minimas-15-09-296x300.jpg 296w, https:\/\/midiamaxproducao.s3.amazonaws.com\/wp-content\/uploads\/2023\/09\/15091402\/minimas-15-09-96x96.jpg 96w, https:\/\/midiamaxproducao.s3.amazonaws.com\/wp-content\/uploads\/2023\/09\/15091402\/minimas-15-09-150x152.jpg 150w\" alt=\"\" width=\"460\" height=\"467\" data-lazy-srcset=\"https:\/\/midiamaxproducao.s3.amazonaws.com\/wp-content\/uploads\/2023\/09\/15091402\/minimas-15-09.jpg 460w, https:\/\/midiamaxproducao.s3.amazonaws.com\/wp-content\/uploads\/2023\/09\/15091402\/minimas-15-09-296x300.jpg 296w, https:\/\/midiamaxproducao.s3.amazonaws.com\/wp-content\/uploads\/2023\/09\/15091402\/minimas-15-09-96x96.jpg 96w, https:\/\/midiamaxproducao.s3.amazonaws.com\/wp-content\/uploads\/2023\/09\/15091402\/minimas-15-09-150x152.jpg 150w\" data-lazy-sizes=\"(max-width: 460px) 100vw, 460px\" data-lazy-src=\"https:\/\/midiamaxproducao.s3.amazonaws.com\/wp-content\/uploads\/2023\/09\/15091402\/minimas-15-09.jpg\" data-ll-status=\"loaded\" \/><\/p>\n<p><em>*Midiamax &#8211; Priscilla Peres e Karina Campos\u00a0<\/em><\/p>\n<div class=\"elementor-element elementor-element-ec9eab2 elementor-widget__width-auto elementor-widget elementor-widget-text-editor\" data-id=\"ec9eab2\" data-element_type=\"widget\" data-widget_type=\"text-editor.default\">\n<div class=\"elementor-widget-container\"><\/div>\n<\/div>\n<p>&nbsp;<\/p>\n","protected":false},"excerpt":{"rendered":"<p>Mais uma onda de calor se aproxima de Mato Grosso do Sul e a pr\u00f3xima semana deve ser de calor\u00e3o, com previs\u00e3o de at\u00e9 42\u00b0C. De acordo com o Cemtec\/MS, o ambiente de altas temperaturas e baixa umidade do ar pode levar v\u00e1rias cidades a atingir recordes de temperatura. As temperaturas no estado j\u00e1 come\u00e7am [&hellip;]<\/p>\n","protected":false},"author":5,"featured_media":124698,"comment_status":"closed","ping_status":"closed","sticky":false,"template":"","format":"standard","meta":{"footnotes":""},"categories":[144],"tags":[],"class_list":["post-251700","post","type-post","status-publish","format-standard","has-post-thumbnail","hentry","category-meio-ambiente"],"_links":{"self":[{"href":"https:\/\/www.ocorreionews.com.br\/acervo-correio\/index.php?rest_route=\/wp\/v2\/posts\/251700","targetHints":{"allow":["GET"]}}],"collection":[{"href":"https:\/\/www.ocorreionews.com.br\/acervo-correio\/index.php?rest_route=\/wp\/v2\/posts"}],"about":[{"href":"https:\/\/www.ocorreionews.com.br\/acervo-correio\/index.php?rest_route=\/wp\/v2\/types\/post"}],"author":[{"embeddable":true,"href":"https:\/\/www.ocorreionews.com.br\/acervo-correio\/index.php?rest_route=\/wp\/v2\/users\/5"}],"replies":[{"embeddable":true,"href":"https:\/\/www.ocorreionews.com.br\/acervo-correio\/index.php?rest_route=%2Fwp%2Fv2%2Fcomments&post=251700"}],"version-history":[{"count":3,"href":"https:\/\/www.ocorreionews.com.br\/acervo-correio\/index.php?rest_route=\/wp\/v2\/posts\/251700\/revisions"}],"predecessor-version":[{"id":251707,"href":"https:\/\/www.ocorreionews.com.br\/acervo-correio\/index.php?rest_route=\/wp\/v2\/posts\/251700\/revisions\/251707"}],"wp:featuredmedia":[{"embeddable":true,"href":"https:\/\/www.ocorreionews.com.br\/acervo-correio\/index.php?rest_route=\/wp\/v2\/media\/124698"}],"wp:attachment":[{"href":"https:\/\/www.ocorreionews.com.br\/acervo-correio\/index.php?rest_route=%2Fwp%2Fv2%2Fmedia&parent=251700"}],"wp:term":[{"taxonomy":"category","embeddable":true,"href":"https:\/\/www.ocorreionews.com.br\/acervo-correio\/index.php?rest_route=%2Fwp%2Fv2%2Fcategories&post=251700"},{"taxonomy":"post_tag","embeddable":true,"href":"https:\/\/www.ocorreionews.com.br\/acervo-correio\/index.php?rest_route=%2Fwp%2Fv2%2Ftags&post=251700"}],"curies":[{"name":"wp","href":"https:\/\/api.w.org\/{rel}","templated":true}]}}