{"id":251756,"date":"2023-09-16T06:13:39","date_gmt":"2023-09-16T10:13:39","guid":{"rendered":"https:\/\/www.ocorreionews.com.br\/acervo-correio\/?p=251756"},"modified":"2023-09-16T08:16:13","modified_gmt":"2023-09-16T12:16:13","slug":"confira-a-pauta-da-sessao-da-camara-da-proxima-segunda-feira","status":"publish","type":"post","link":"https:\/\/www.ocorreionews.com.br\/acervo-correio\/?p=251756","title":{"rendered":"Confira a pauta da sess\u00e3o da camara da proxima segunda feira"},"content":{"rendered":"<p><strong><u>PAUTA PARA A 1430\u00aa SESS\u00c3O ORDIN\u00c1RIA,<\/u><\/strong><\/p>\n<p><strong><u>DA 3\u00aa<\/u><\/strong>\u00a0<strong><u>SESS\u00c3O<\/u><\/strong>\u00a0<strong><u>LEGISLATIVA,<\/u><\/strong><\/p>\n<p><strong><u>DA 9\u00aa LEGISLATURA, A REALIZAR-SE<\/u><\/strong><\/p>\n<p><strong><u>NO DIA 18\/09\/2023 \u2013 SEGUNDA-FEIRA<\/u><\/strong><\/p>\n<p><strong><u>\u00c0s 19h \u2013 C\u00e2mara Municipal<\/u><\/strong><\/p>\n<p>&nbsp;<\/p>\n<p><strong><u>EXPEDIENTE DE VEREADORES<\/u><\/strong><\/p>\n<p>&nbsp;<\/p>\n<p><strong>Requerimento n\u00ba 161\/2023 \u2013 Vereador Mika<\/strong><\/p>\n<p>REQUER-SE \u00e0 Mesa, com observ\u00e2ncia \u00e0s normas regimentais em vigor, que seja enviado Expediente ao Prefeito Municipal, Jo\u00e3o Carlos Krug, com c\u00f3pia a Secret\u00e1ria de Assist\u00eancia Social, Maria das Dores Zocal Krug, solicitando informa\u00e7\u00f5es sobre a aplica\u00e7\u00e3o de recursos destinados ao Munic\u00edpio\/Secretaria Municipal de Assist\u00eancia Social, no valor de R$ 90.000,00 (noventa mil reais), provenientes do Fundo Nacional de Assist\u00eancia Social, com data de setembro de 2023. Pe\u00e7o que seja informado detalhadamente como os recursos ser\u00e3o aplicados. Quais programas, materiais ou projetos espec\u00edficos ser\u00e3o beneficiados por esses recursos?<\/p>\n<p>&nbsp;<\/p>\n<p><strong>Requerimento n\u00ba 162\/2023 \u2013 Vereador Vanderson Cardoso<\/strong><\/p>\n<p>REQUER-SE \u00e0 Mesa, com observ\u00e2ncia \u00e0s normas regimentais em vigor, que seja enviado Expediente ao Prefeito Municipal, Jo\u00e3o Carlos Krug, com c\u00f3pia ao Secret\u00e1rio de Educa\u00e7\u00e3o e Cultura, Guerino Perius, com o objetivo de obter informa\u00e7\u00f5es atualizadas e essenciais relacionadas ao sistema de educa\u00e7\u00e3o em nosso munic\u00edpio. A educa\u00e7\u00e3o \u00e9 um pilar fundamental para o desenvolvimento de nossa comunidade, e \u00e9 crucial para a fiscaliza\u00e7\u00e3o e o aprimoramento das pol\u00edticas educacionais que tenhamos acesso aos dados precisos sobre o n\u00famero de alunos matriculados na rede p\u00fablica de ensino, abrangendo o 1\u00ba ao 9\u00ba ano.<\/p>\n<p>Desta forma, solicito as seguintes informa\u00e7\u00f5es:<\/p>\n<p>N\u00famero Total de Alunos Matriculados: Pe\u00e7o que forne\u00e7am o n\u00famero total de alunos matriculados na rede p\u00fablica de ensino em nosso munic\u00edpio, do 1\u00ba ao 9\u00ba ano, discriminado por escola, se poss\u00edvel.<\/p>\n<p>Informa\u00e7\u00f5es Adicionais: Caso haja quaisquer informa\u00e7\u00f5es adicionais que a administra\u00e7\u00e3o educacional considere relevante compartilhar, como dados de evas\u00e3o escolar, n\u00famero de professores por escola, ou outras m\u00e9tricas educacionais, por favor, inclua essas informa\u00e7\u00f5es no relat\u00f3rio.<\/p>\n<p>&nbsp;<\/p>\n<p><strong>Indica\u00e7\u00e3o n\u00ba 996\/2023 \u2013 Vereador Vanderson Cardoso<\/strong><\/p>\n<p>INDICA-SE \u00e0 Mesa, na forma regimental, e depois de ouvido o Douto Plen\u00e1rio de Delibera\u00e7\u00f5es, o envio de expediente ao Prefeito Municipal, Jo\u00e3o Carlos Krug, com c\u00f3pia ao Secret\u00e1rio de Obras, Transportes e Servi\u00e7os P\u00fablicos, Ivanor Zorzo, solicitando a constru\u00e7\u00e3o de um Pergolado no canteiro central da Avenida Oito. Refor\u00e7ando a Indica\u00e7\u00e3o de n\u00ba 663\/2022, de autoria deste Vereador.<\/p>\n<p>&nbsp;<\/p>\n<p><strong>Indica\u00e7\u00e3o n\u00ba 997\/2023 \u2013 Vereador Marcelo da Costa<\/strong><\/p>\n<p>INDICA-SE, em conformidade com as normas regimentais, o envio de expediente ao Prefeito Municipal Jo\u00e3o Carlos Krug, com c\u00f3pias ao Secret\u00e1rio de Desenvolvimento Econ\u00f4mico e Meio Ambiente, Jos\u00e9 Teixeira J\u00fanior, e ao Secret\u00e1rio de Obras, Transportes e Servi\u00e7os P\u00fablicos, Ivanor Zorzo, solicitando a adi\u00e7\u00e3o de uma nova equipe de limpeza p\u00fablica para atender \u00e0 crescente demanda de res\u00edduos, galhos de \u00e1rvores, m\u00f3veis danificados e sucatas espalhados pelas cal\u00e7adas da cidade.<\/p>\n<p>&nbsp;<\/p>\n<p><strong>Indica\u00e7\u00e3o n\u00ba 998\/2023 \u2013 Vereador Marcelo da Costa<\/strong><\/p>\n<p>INDICA-SE, seguindo as normas regimentais aplic\u00e1veis, o envio de expediente ao Comandante da 4\u00aa Companhia Independente da Pol\u00edcia Militar de Chapad\u00e3o do Sul, Major Adrian Giovanni L. da Costa, solicitando que sejam intensificadas as rondas policiais nas proximidades dos Postos de Sa\u00fade do munic\u00edpio, especialmente durante o per\u00edodo diurno.<\/p>\n<p>&nbsp;<\/p>\n<p><strong>Indica\u00e7\u00e3o n\u00ba 999\/2023 \u2013 Vereador Mika<\/strong><\/p>\n<p>INDICA-SE, seguindo as normas regimentais aplic\u00e1veis, o envio de expediente ao Prefeito Municipal, Jo\u00e3o Carlos Krug, solicitando que seja disponibilizada uma Casa de Apoio\/Passagem para abrigar pessoas que v\u00eam do interior, assentamentos e fazendas e que necessitam passar algumas horas na cidade, seja para consultas m\u00e9dicas, compras em supermercados ou outros afazeres. Vale ressaltar que muitas vezes, os pacientes do interior precisam chegar \u00e0 cidade na madrugada para pegar o \u00f4nibus da sa\u00fade que os levar\u00e1 a tratamentos m\u00e9dicos em outros munic\u00edpios. Isso pode resultar em horas de espera nas ruas ou em situa\u00e7\u00f5es desconfort\u00e1veis.<\/p>\n<p>&nbsp;<\/p>\n<p><strong>Mo\u00e7\u00e3o de Aplausos n\u00ba 95\/2023 \u2013 Vereadora Professora Almira<\/strong><\/p>\n<p>Vereadora Prof.\u00aa Almira da C\u00e2mara Municipal de Chapad\u00e3o do Sul, que esta subscreve, dispensadas as formalidades regimentais, encaminha, MO\u00c7\u00c3O DE APLAUSOS, aos professores de Libras da cidade, cujos nomes est\u00e3o listados abaixo, em reconhecimento ao excepcional trabalho que realizam na promo\u00e7\u00e3o da inclus\u00e3o social e comunica\u00e7\u00e3o eficaz atrav\u00e9s do ensino da L\u00edngua Brasileira de Sinais (Libras).<\/p>\n<p>Professores: Tha\u00eds Ferraz Gon\u00e7alves Guimar\u00e3es, Eliana Rodrigues, Raquel Rodrigues Alves Dantas, Anne Graciele Carbolim dos Santos, Jakeline Gomes de Oliveira Nascimento, Giseli Ribeiro e Ivana Cristina de Almeida Giraldelli.<\/p>\n<p>&nbsp;<\/p>\n<p>SECRETARIA DAS SESS\u00d5ES, 15 DE SETEMBRO DE 2023.<\/p>\n<p><strong>Jacqueline C. Tomiazzi Belotti<\/strong><br \/>\n<em>Coordenadora de Atividades Legislativas<\/em><\/p>\n","protected":false},"excerpt":{"rendered":"<p>PAUTA PARA A 1430\u00aa SESS\u00c3O ORDIN\u00c1RIA, DA 3\u00aa\u00a0SESS\u00c3O\u00a0LEGISLATIVA, DA 9\u00aa LEGISLATURA, A REALIZAR-SE NO DIA 18\/09\/2023 \u2013 SEGUNDA-FEIRA \u00c0s 19h \u2013 C\u00e2mara Municipal &nbsp; EXPEDIENTE DE VEREADORES &nbsp; Requerimento n\u00ba 161\/2023 \u2013 Vereador Mika REQUER-SE \u00e0 Mesa, com observ\u00e2ncia \u00e0s normas regimentais em vigor, que seja enviado Expediente ao Prefeito Municipal, Jo\u00e3o Carlos Krug, com [&hellip;]<\/p>\n","protected":false},"author":4,"featured_media":185285,"comment_status":"closed","ping_status":"closed","sticky":false,"template":"","format":"standard","meta":{"footnotes":""},"categories":[20,41],"tags":[],"class_list":["post-251756","post","type-post","status-publish","format-standard","has-post-thumbnail","hentry","category-camara-municipal","category-destaque"],"_links":{"self":[{"href":"https:\/\/www.ocorreionews.com.br\/acervo-correio\/index.php?rest_route=\/wp\/v2\/posts\/251756","targetHints":{"allow":["GET"]}}],"collection":[{"href":"https:\/\/www.ocorreionews.com.br\/acervo-correio\/index.php?rest_route=\/wp\/v2\/posts"}],"about":[{"href":"https:\/\/www.ocorreionews.com.br\/acervo-correio\/index.php?rest_route=\/wp\/v2\/types\/post"}],"author":[{"embeddable":true,"href":"https:\/\/www.ocorreionews.com.br\/acervo-correio\/index.php?rest_route=\/wp\/v2\/users\/4"}],"replies":[{"embeddable":true,"href":"https:\/\/www.ocorreionews.com.br\/acervo-correio\/index.php?rest_route=%2Fwp%2Fv2%2Fcomments&post=251756"}],"version-history":[{"count":1,"href":"https:\/\/www.ocorreionews.com.br\/acervo-correio\/index.php?rest_route=\/wp\/v2\/posts\/251756\/revisions"}],"predecessor-version":[{"id":251757,"href":"https:\/\/www.ocorreionews.com.br\/acervo-correio\/index.php?rest_route=\/wp\/v2\/posts\/251756\/revisions\/251757"}],"wp:featuredmedia":[{"embeddable":true,"href":"https:\/\/www.ocorreionews.com.br\/acervo-correio\/index.php?rest_route=\/wp\/v2\/media\/185285"}],"wp:attachment":[{"href":"https:\/\/www.ocorreionews.com.br\/acervo-correio\/index.php?rest_route=%2Fwp%2Fv2%2Fmedia&parent=251756"}],"wp:term":[{"taxonomy":"category","embeddable":true,"href":"https:\/\/www.ocorreionews.com.br\/acervo-correio\/index.php?rest_route=%2Fwp%2Fv2%2Fcategories&post=251756"},{"taxonomy":"post_tag","embeddable":true,"href":"https:\/\/www.ocorreionews.com.br\/acervo-correio\/index.php?rest_route=%2Fwp%2Fv2%2Ftags&post=251756"}],"curies":[{"name":"wp","href":"https:\/\/api.w.org\/{rel}","templated":true}]}}