{"id":251766,"date":"2023-09-16T07:24:59","date_gmt":"2023-09-16T11:24:59","guid":{"rendered":"https:\/\/www.ocorreionews.com.br\/acervo-correio\/?p=251766"},"modified":"2023-09-16T11:03:32","modified_gmt":"2023-09-16T15:03:32","slug":"motorista-com-suspeita-de-embriagues-colidi-com-poste-de-energia-em-chapadao-do-sul","status":"publish","type":"post","link":"https:\/\/www.ocorreionews.com.br\/acervo-correio\/?p=251766","title":{"rendered":"Motorista com suspeita de embriagues colidi com poste de energia em Chapad\u00e3o do Sul"},"content":{"rendered":"<p><span data-contrast=\"auto\">Na madrugada deste s\u00e1bado (16), duas pessoas ficaram feridas, ap\u00f3s carro perder controle e colidir com poste de energia em Chapad\u00e3o do Sul.<\/span><span data-ccp-props=\"{&quot;134233117&quot;:false,&quot;134233118&quot;:false,&quot;201341983&quot;:0,&quot;335551550&quot;:6,&quot;335551620&quot;:6,&quot;335559738&quot;:240,&quot;335559739&quot;:240,&quot;335559740&quot;:259}\">\u00a0<\/span><\/p>\n<p><span data-contrast=\"auto\">Segundo informa\u00e7\u00f5es repassadas para nossa reportagem, por volta das 03h10min, o Corpo de Bombeiros de Chapad\u00e3o do Sul foi acionado para atender uma ocorr\u00eancia, onde um Fiat Palio havia colidido com poste de energia pr\u00f3ximo a rotat\u00f3rio das Avenidas Mato Grosso do Sul com a Tocantins.<\/span><span data-ccp-props=\"{&quot;134233117&quot;:false,&quot;134233118&quot;:false,&quot;201341983&quot;:0,&quot;335551550&quot;:6,&quot;335551620&quot;:6,&quot;335559738&quot;:240,&quot;335559739&quot;:240,&quot;335559740&quot;:259}\">\u00a0<\/span><\/p>\n<p><span data-contrast=\"auto\">No local os socorristas encontraram o condutor do ve\u00edculo J.C.V.D.N. de 39 anos e o passageiro I.B.A. 42 anos, perambulados ao redor da colis\u00e3o, com ferimentos leves. Eles foram socorridos conscientes e orientados e encaminhados para Hospital Municipal para melhor serem avaliados.<\/span><span data-ccp-props=\"{&quot;134233117&quot;:false,&quot;134233118&quot;:false,&quot;201341983&quot;:0,&quot;335551550&quot;:6,&quot;335551620&quot;:6,&quot;335559738&quot;:240,&quot;335559739&quot;:240,&quot;335559740&quot;:259}\">\u00a0<\/span><\/p>\n<p><span data-contrast=\"auto\">Durante o atendimento, eles informaram que estavam descendo pela Av. Tocantins e quando chegaram na rotat\u00f3ria perderam o controle do ve\u00edculo e colidiu com o poste de energia. Ambos apresentavam sinais de embriaguez e odor et\u00edlico.<\/span><span data-ccp-props=\"{&quot;134233117&quot;:false,&quot;134233118&quot;:false,&quot;201341983&quot;:0,&quot;335551550&quot;:6,&quot;335551620&quot;:6,&quot;335559738&quot;:240,&quot;335559739&quot;:240,&quot;335559740&quot;:259}\">\u00a0<\/span><\/p>\n<p><span data-contrast=\"auto\">A Pol\u00edcia Militar foi acionada para tomar as medidas cab\u00edveis e a empresa Energisa foi comunicada.<\/span><span data-ccp-props=\"{&quot;134233117&quot;:false,&quot;134233118&quot;:false,&quot;201341983&quot;:0,&quot;335551550&quot;:6,&quot;335551620&quot;:6,&quot;335559738&quot;:240,&quot;335559739&quot;:240,&quot;335559740&quot;:259}\">\u00a0<\/span><\/p>\n<p><img loading=\"lazy\" decoding=\"async\" class=\"alignnone size-full wp-image-251768\" src=\"https:\/\/www.ocorreionews.com.br\/acervo-correio\/wp-content\/uploads\/2023\/09\/acidente-colisao-com-poste-16-09b.jpg\" alt=\"\" width=\"1280\" height=\"720\" srcset=\"https:\/\/www.ocorreionews.com.br\/acervo-correio\/wp-content\/uploads\/2023\/09\/acidente-colisao-com-poste-16-09b.jpg 1280w, https:\/\/www.ocorreionews.com.br\/acervo-correio\/wp-content\/uploads\/2023\/09\/acidente-colisao-com-poste-16-09b-300x169.jpg 300w, https:\/\/www.ocorreionews.com.br\/acervo-correio\/wp-content\/uploads\/2023\/09\/acidente-colisao-com-poste-16-09b-1024x576.jpg 1024w, https:\/\/www.ocorreionews.com.br\/acervo-correio\/wp-content\/uploads\/2023\/09\/acidente-colisao-com-poste-16-09b-768x432.jpg 768w\" sizes=\"auto, (max-width: 1280px) 100vw, 1280px\" \/><\/p>\n<p><em>*O Correio News, com informa\u00e7\u00f5es e fotos Corpo de Bombeiros\u00a0<\/em><\/p>\n","protected":false},"excerpt":{"rendered":"<p>Na madrugada deste s\u00e1bado (16), duas pessoas ficaram feridas, ap\u00f3s carro perder controle e colidir com poste de energia em Chapad\u00e3o do Sul.\u00a0 Segundo informa\u00e7\u00f5es repassadas para nossa reportagem, por volta das 03h10min, o Corpo de Bombeiros de Chapad\u00e3o do Sul foi acionado para atender uma ocorr\u00eancia, onde um Fiat Palio havia colidido com poste [&hellip;]<\/p>\n","protected":false},"author":5,"featured_media":251767,"comment_status":"closed","ping_status":"closed","sticky":false,"template":"","format":"standard","meta":{"footnotes":""},"categories":[23,41,38],"tags":[],"class_list":["post-251766","post","type-post","status-publish","format-standard","has-post-thumbnail","hentry","category-chapadao-do-sul","category-destaque","category-policia"],"_links":{"self":[{"href":"https:\/\/www.ocorreionews.com.br\/acervo-correio\/index.php?rest_route=\/wp\/v2\/posts\/251766","targetHints":{"allow":["GET"]}}],"collection":[{"href":"https:\/\/www.ocorreionews.com.br\/acervo-correio\/index.php?rest_route=\/wp\/v2\/posts"}],"about":[{"href":"https:\/\/www.ocorreionews.com.br\/acervo-correio\/index.php?rest_route=\/wp\/v2\/types\/post"}],"author":[{"embeddable":true,"href":"https:\/\/www.ocorreionews.com.br\/acervo-correio\/index.php?rest_route=\/wp\/v2\/users\/5"}],"replies":[{"embeddable":true,"href":"https:\/\/www.ocorreionews.com.br\/acervo-correio\/index.php?rest_route=%2Fwp%2Fv2%2Fcomments&post=251766"}],"version-history":[{"count":2,"href":"https:\/\/www.ocorreionews.com.br\/acervo-correio\/index.php?rest_route=\/wp\/v2\/posts\/251766\/revisions"}],"predecessor-version":[{"id":251771,"href":"https:\/\/www.ocorreionews.com.br\/acervo-correio\/index.php?rest_route=\/wp\/v2\/posts\/251766\/revisions\/251771"}],"wp:featuredmedia":[{"embeddable":true,"href":"https:\/\/www.ocorreionews.com.br\/acervo-correio\/index.php?rest_route=\/wp\/v2\/media\/251767"}],"wp:attachment":[{"href":"https:\/\/www.ocorreionews.com.br\/acervo-correio\/index.php?rest_route=%2Fwp%2Fv2%2Fmedia&parent=251766"}],"wp:term":[{"taxonomy":"category","embeddable":true,"href":"https:\/\/www.ocorreionews.com.br\/acervo-correio\/index.php?rest_route=%2Fwp%2Fv2%2Fcategories&post=251766"},{"taxonomy":"post_tag","embeddable":true,"href":"https:\/\/www.ocorreionews.com.br\/acervo-correio\/index.php?rest_route=%2Fwp%2Fv2%2Ftags&post=251766"}],"curies":[{"name":"wp","href":"https:\/\/api.w.org\/{rel}","templated":true}]}}