{"id":251851,"date":"2023-09-18T07:43:08","date_gmt":"2023-09-18T11:43:08","guid":{"rendered":"https:\/\/www.ocorreionews.com.br\/acervo-correio\/?p=251851"},"modified":"2023-09-18T13:00:20","modified_gmt":"2023-09-18T17:00:20","slug":"alcinopolis-ventos-causa-estrago-em-casas-e-orgao-publicos","status":"publish","type":"post","link":"https:\/\/www.ocorreionews.com.br\/acervo-correio\/?p=251851","title":{"rendered":"Vendaval causam estragos em casas e \u00f3rg\u00e3os p\u00fablicos de Alcin\u00f3polis"},"content":{"rendered":"<p>Por volta das 15 horas deste domingo (17), uma rajada de ventos forte na cidade de Alcin\u00f3polis, causaram estragos em algumas resid\u00eancias e em pr\u00e9dios p\u00fablicos.<\/p>\n<p>Segundo o prefeito de Alcin\u00f3polis, o vento causou um pequeno estrago no Hospital Municipal e na Unidade B\u00e1sica de Sa\u00fade da Fam\u00edlia, j\u00e1 no Campo de Futebol Sint\u00e9tico o estrago foi maior, o vento derrubou alguns postes de iluminarias.<\/p>\n<p>O\u00a0 prefeito Dalmy e o secret\u00e1rio de sa\u00fade Jo\u00e3o Neto, percorrendo a cidade, verificando os danos provocados pelos ventos.<\/p>\n<p>Andando pelas ruas pode perceber que o vento arrancou bastantes telhas em algumas resid\u00eancias, mas gra\u00e7as a Deus nada grave n\u00e3o houve feridos somente danos mat\u00e9rias.<\/p>\n<p>A secretaria de a\u00e7\u00e3o social estar\u00e1 fazendo os atendimentos aos mun\u00edcipes que tiveram danos causados pelo vendaval.<\/p>\n<h3><img decoding=\"async\" src=\"https:\/\/regionalms.com.br\/conteudo\/regionalms\/upp\/articles\/chuva\/Chuva (2).jpg\" alt=\"\" width=\"100%\" \/><\/h3>\n<p>&nbsp;<\/p>\n<h3><img decoding=\"async\" src=\"https:\/\/regionalms.com.br\/conteudo\/regionalms\/upp\/articles\/chuva\/Chuva (3).jpg\" alt=\"\" width=\"100%\" \/><\/h3>\n<p>&nbsp;<\/p>\n<h3><img decoding=\"async\" src=\"https:\/\/regionalms.com.br\/conteudo\/regionalms\/upp\/articles\/chuva\/Chuva (1).jpg\" alt=\"\" width=\"100%\" \/><\/h3>\n<h3><img decoding=\"async\" src=\"https:\/\/regionalms.com.br\/conteudo\/regionalms\/upp\/articles\/chuva\/Chuva (4).jpg\" alt=\"\" width=\"100%\" \/><\/h3>\n","protected":false},"excerpt":{"rendered":"<p>Por volta das 15 horas deste domingo (17), uma rajada de ventos forte na cidade de Alcin\u00f3polis, causaram estragos em algumas resid\u00eancias e em pr\u00e9dios p\u00fablicos. Segundo o prefeito de Alcin\u00f3polis, o vento causou um pequeno estrago no Hospital Municipal e na Unidade B\u00e1sica de Sa\u00fade da Fam\u00edlia, j\u00e1 no Campo de Futebol Sint\u00e9tico o [&hellip;]<\/p>\n","protected":false},"author":4,"featured_media":251852,"comment_status":"closed","ping_status":"closed","sticky":false,"template":"","format":"standard","meta":{"footnotes":""},"categories":[18],"tags":[],"class_list":["post-251851","post","type-post","status-publish","format-standard","has-post-thumbnail","hentry","category-alcinopolis"],"_links":{"self":[{"href":"https:\/\/www.ocorreionews.com.br\/acervo-correio\/index.php?rest_route=\/wp\/v2\/posts\/251851","targetHints":{"allow":["GET"]}}],"collection":[{"href":"https:\/\/www.ocorreionews.com.br\/acervo-correio\/index.php?rest_route=\/wp\/v2\/posts"}],"about":[{"href":"https:\/\/www.ocorreionews.com.br\/acervo-correio\/index.php?rest_route=\/wp\/v2\/types\/post"}],"author":[{"embeddable":true,"href":"https:\/\/www.ocorreionews.com.br\/acervo-correio\/index.php?rest_route=\/wp\/v2\/users\/4"}],"replies":[{"embeddable":true,"href":"https:\/\/www.ocorreionews.com.br\/acervo-correio\/index.php?rest_route=%2Fwp%2Fv2%2Fcomments&post=251851"}],"version-history":[{"count":2,"href":"https:\/\/www.ocorreionews.com.br\/acervo-correio\/index.php?rest_route=\/wp\/v2\/posts\/251851\/revisions"}],"predecessor-version":[{"id":251857,"href":"https:\/\/www.ocorreionews.com.br\/acervo-correio\/index.php?rest_route=\/wp\/v2\/posts\/251851\/revisions\/251857"}],"wp:featuredmedia":[{"embeddable":true,"href":"https:\/\/www.ocorreionews.com.br\/acervo-correio\/index.php?rest_route=\/wp\/v2\/media\/251852"}],"wp:attachment":[{"href":"https:\/\/www.ocorreionews.com.br\/acervo-correio\/index.php?rest_route=%2Fwp%2Fv2%2Fmedia&parent=251851"}],"wp:term":[{"taxonomy":"category","embeddable":true,"href":"https:\/\/www.ocorreionews.com.br\/acervo-correio\/index.php?rest_route=%2Fwp%2Fv2%2Fcategories&post=251851"},{"taxonomy":"post_tag","embeddable":true,"href":"https:\/\/www.ocorreionews.com.br\/acervo-correio\/index.php?rest_route=%2Fwp%2Fv2%2Ftags&post=251851"}],"curies":[{"name":"wp","href":"https:\/\/api.w.org\/{rel}","templated":true}]}}