{"id":251878,"date":"2023-09-18T09:25:10","date_gmt":"2023-09-18T13:25:10","guid":{"rendered":"https:\/\/www.ocorreionews.com.br\/acervo-correio\/?p=251878"},"modified":"2023-09-18T09:25:10","modified_gmt":"2023-09-18T13:25:10","slug":"morre-o-empresario-edson-brandao-fundador-do-site-integracao-ms-de-coxim-aos-59-anos","status":"publish","type":"post","link":"https:\/\/www.ocorreionews.com.br\/acervo-correio\/?p=251878","title":{"rendered":"Morre o empres\u00e1rio Edson Brand\u00e3o, fundador do site Integra\u00e7\u00e3o MS de Coxim, aos 59 anos"},"content":{"rendered":"<p>A cidade de Coxim e o cen\u00e1rio da comunica\u00e7\u00e3o digital de Mato Grosso do Sul est\u00e3o de luto pela perda do empres\u00e1rio Edson Brand\u00e3o, aos 59 anos, fundador e propriet\u00e1rio do site &#8220;Integra\u00e7\u00e3o MS&#8221;. Edson faleceu na tarde de s\u00e1bado (16), ap\u00f3s complica\u00e7\u00f5es de um AVC (Acidente Vascular Cerebral) hemorr\u00e1gico, que o afetou no final de agosto.<\/p>\n<p>De acordo com informa\u00e7\u00f5es\u00a0 iforma\u00e7\u00f5es, estava internado na Santa Casa de Campo Grande desde o dia 31 de agosto deste ano, quando sofreu o AVC. Ele foi socorrido com rapidez por um amigo que estava pr\u00f3ximo ao hospital, passou por uma cirurgia, mas infelizmente n\u00e3o conseguiu superar as dificuldades decorrentes desse grave quadro de sa\u00fade.<\/p>\n<p>Al\u00e9m de seu trabalho como empres\u00e1rio da comunica\u00e7\u00e3o, Edson era pai de dois filhos, deixando uma fam\u00edlia e uma legi\u00e3o de amigos e admiradores consternados com sua partida prematura.<\/p>\n<p>Informa\u00e7\u00f5es Edi\u00e7\u00e3oms<\/p>\n","protected":false},"excerpt":{"rendered":"<p>A cidade de Coxim e o cen\u00e1rio da comunica\u00e7\u00e3o digital de Mato Grosso do Sul est\u00e3o de luto pela perda do empres\u00e1rio Edson Brand\u00e3o, aos 59 anos, fundador e propriet\u00e1rio do site &#8220;Integra\u00e7\u00e3o MS&#8221;. Edson faleceu na tarde de s\u00e1bado (16), ap\u00f3s complica\u00e7\u00f5es de um AVC (Acidente Vascular Cerebral) hemorr\u00e1gico, que o afetou no final [&hellip;]<\/p>\n","protected":false},"author":4,"featured_media":251882,"comment_status":"closed","ping_status":"closed","sticky":false,"template":"","format":"standard","meta":{"footnotes":""},"categories":[31],"tags":[],"class_list":["post-251878","post","type-post","status-publish","format-standard","has-post-thumbnail","hentry","category-geral"],"_links":{"self":[{"href":"https:\/\/www.ocorreionews.com.br\/acervo-correio\/index.php?rest_route=\/wp\/v2\/posts\/251878","targetHints":{"allow":["GET"]}}],"collection":[{"href":"https:\/\/www.ocorreionews.com.br\/acervo-correio\/index.php?rest_route=\/wp\/v2\/posts"}],"about":[{"href":"https:\/\/www.ocorreionews.com.br\/acervo-correio\/index.php?rest_route=\/wp\/v2\/types\/post"}],"author":[{"embeddable":true,"href":"https:\/\/www.ocorreionews.com.br\/acervo-correio\/index.php?rest_route=\/wp\/v2\/users\/4"}],"replies":[{"embeddable":true,"href":"https:\/\/www.ocorreionews.com.br\/acervo-correio\/index.php?rest_route=%2Fwp%2Fv2%2Fcomments&post=251878"}],"version-history":[{"count":1,"href":"https:\/\/www.ocorreionews.com.br\/acervo-correio\/index.php?rest_route=\/wp\/v2\/posts\/251878\/revisions"}],"predecessor-version":[{"id":251883,"href":"https:\/\/www.ocorreionews.com.br\/acervo-correio\/index.php?rest_route=\/wp\/v2\/posts\/251878\/revisions\/251883"}],"wp:featuredmedia":[{"embeddable":true,"href":"https:\/\/www.ocorreionews.com.br\/acervo-correio\/index.php?rest_route=\/wp\/v2\/media\/251882"}],"wp:attachment":[{"href":"https:\/\/www.ocorreionews.com.br\/acervo-correio\/index.php?rest_route=%2Fwp%2Fv2%2Fmedia&parent=251878"}],"wp:term":[{"taxonomy":"category","embeddable":true,"href":"https:\/\/www.ocorreionews.com.br\/acervo-correio\/index.php?rest_route=%2Fwp%2Fv2%2Fcategories&post=251878"},{"taxonomy":"post_tag","embeddable":true,"href":"https:\/\/www.ocorreionews.com.br\/acervo-correio\/index.php?rest_route=%2Fwp%2Fv2%2Ftags&post=251878"}],"curies":[{"name":"wp","href":"https:\/\/api.w.org\/{rel}","templated":true}]}}