{"id":25188,"date":"2016-04-13T07:17:12","date_gmt":"2016-04-13T11:17:12","guid":{"rendered":"https:\/\/ocorreionews.com.br\/?p=25188"},"modified":"2016-04-13T07:17:12","modified_gmt":"2016-04-13T11:17:12","slug":"projeto-educanvisa-e-apresentado-aos-profissionais-de-educacao-de-costa-rica","status":"publish","type":"post","link":"https:\/\/www.ocorreionews.com.br\/acervo-correio\/?p=25188","title":{"rendered":"Projeto Educanvisa \u00e9 apresentado aos profissionais de educa\u00e7\u00e3o de Costa Rica"},"content":{"rendered":"<div class=\"marginBottom30px link-Internas\">\n<p style=\"text-align: justify;\">A Secretaria de Sa\u00fade de Costa Rica &#8211; MS por meio da Vigil\u00e2ncia Sanit\u00e1ria apresentou na tarde de segunda-feira, 11 de abril de 2016, o Projeto Educanvisa aos profissionais da SEMED &#8211; Secretaria Municipal de Educa\u00e7\u00e3o.<\/p>\n<p style=\"text-align: justify;\">O prefeito Waldeli dos Santos Rosa esteve presente na apresenta\u00e7\u00e3o do projeto e afirmou que \u201cparticipar desta a\u00e7\u00e3o \u00e9 contribuir para que a popula\u00e7\u00e3o possa despertar para o consumo de produtos que venham lhes garantir uma melhor qualidade de vida, uma das principais preocupa\u00e7\u00f5es de sua gest\u00e3o\u201d.<\/p>\n<p style=\"text-align: justify;\">Durante a apresenta\u00e7\u00e3o foi oferecida uma forma\u00e7\u00e3o para os profissionais da educa\u00e7\u00e3o e na oportunidade foram entregues kits aos professores.<\/p>\n<p style=\"text-align: justify;\">O Educanvisa \u00e9 um projeto da ANVISA &#8211; Ag\u00eancia Nacional de Vigil\u00e2ncia Sanit\u00e1ria -que tem o objetivo de capacitar professores e profissionais de educa\u00e7\u00e3o para atuarem junto com os profissionais das Secretarias de Sa\u00fade e da Vigil\u00e2ncia Sanit\u00e1ria nos temas de sa\u00fade e promo\u00e7\u00e3o da sa\u00fade, medicamentos, uso racional de medicamentos, alimenta\u00e7\u00e3o saud\u00e1vel, rotulagem de alimentos, propaganda de medicamentos e agrot\u00f3xicos.<\/p>\n<p style=\"text-align: justify;\">Conforme a secret\u00e1ria Municipal de Sa\u00fade, Adriana Tobal, os profissionais que participaram dessa capacita\u00e7\u00e3o v\u00e3o atuar como coordenadores do Educanvisa, multiplicando os conte\u00fados ministrados por servidores da ANVISA, das diversas \u00e1reas envolvidas na tem\u00e1tica da Vigil\u00e2ncia Sanit\u00e1ria. \u201cOs professores recebem minicursos onde s\u00e3o preparados para aplicar os temas em sala de aula\u201d, acrescenta.<\/p>\n<p style=\"text-align: justify;\">De acordo com a secret\u00e1ria interina de Educa\u00e7\u00e3o, Dulcin\u00e9ia Rosa, o foco da educa\u00e7\u00e3o \u00e9 na reflex\u00e3o sobre a influ\u00eancia da propaganda no consumo desses produtos. \u201cCom o projeto, o aluno tamb\u00e9m se torna um multiplicador do conhecimento, repassando o que aprendeu na escola aos seus familiares, amigos e vizinhos\u201d, explica a gestora.<\/p>\n<\/div>\n<div class=\"marginBottom30px link-Internas\" style=\"text-align: justify;\">ASSECOM\/PMCR<\/div>\n","protected":false},"excerpt":{"rendered":"<p>A Secretaria de Sa\u00fade de Costa Rica &#8211; MS por meio da Vigil\u00e2ncia Sanit\u00e1ria apresentou na tarde de segunda-feira, 11 de abril de 2016, o Projeto Educanvisa aos profissionais da SEMED &#8211; Secretaria Municipal de Educa\u00e7\u00e3o. O prefeito Waldeli dos Santos Rosa esteve presente na apresenta\u00e7\u00e3o do projeto e afirmou que \u201cparticipar desta a\u00e7\u00e3o \u00e9 [&hellip;]<\/p>\n","protected":false},"author":4,"featured_media":25189,"comment_status":"closed","ping_status":"closed","sticky":false,"template":"","format":"standard","meta":{"footnotes":""},"categories":[25],"tags":[],"class_list":["post-25188","post","type-post","status-publish","format-standard","has-post-thumbnail","hentry","category-costa-rica"],"_links":{"self":[{"href":"https:\/\/www.ocorreionews.com.br\/acervo-correio\/index.php?rest_route=\/wp\/v2\/posts\/25188","targetHints":{"allow":["GET"]}}],"collection":[{"href":"https:\/\/www.ocorreionews.com.br\/acervo-correio\/index.php?rest_route=\/wp\/v2\/posts"}],"about":[{"href":"https:\/\/www.ocorreionews.com.br\/acervo-correio\/index.php?rest_route=\/wp\/v2\/types\/post"}],"author":[{"embeddable":true,"href":"https:\/\/www.ocorreionews.com.br\/acervo-correio\/index.php?rest_route=\/wp\/v2\/users\/4"}],"replies":[{"embeddable":true,"href":"https:\/\/www.ocorreionews.com.br\/acervo-correio\/index.php?rest_route=%2Fwp%2Fv2%2Fcomments&post=25188"}],"version-history":[{"count":0,"href":"https:\/\/www.ocorreionews.com.br\/acervo-correio\/index.php?rest_route=\/wp\/v2\/posts\/25188\/revisions"}],"wp:featuredmedia":[{"embeddable":true,"href":"https:\/\/www.ocorreionews.com.br\/acervo-correio\/index.php?rest_route=\/wp\/v2\/media\/25189"}],"wp:attachment":[{"href":"https:\/\/www.ocorreionews.com.br\/acervo-correio\/index.php?rest_route=%2Fwp%2Fv2%2Fmedia&parent=25188"}],"wp:term":[{"taxonomy":"category","embeddable":true,"href":"https:\/\/www.ocorreionews.com.br\/acervo-correio\/index.php?rest_route=%2Fwp%2Fv2%2Fcategories&post=25188"},{"taxonomy":"post_tag","embeddable":true,"href":"https:\/\/www.ocorreionews.com.br\/acervo-correio\/index.php?rest_route=%2Fwp%2Fv2%2Ftags&post=25188"}],"curies":[{"name":"wp","href":"https:\/\/api.w.org\/{rel}","templated":true}]}}