{"id":251884,"date":"2023-09-18T10:23:45","date_gmt":"2023-09-18T14:23:45","guid":{"rendered":"https:\/\/www.ocorreionews.com.br\/acervo-correio\/?p=251884"},"modified":"2023-09-18T10:42:46","modified_gmt":"2023-09-18T14:42:46","slug":"mato-grosso-do-sul-esta-no-centro-da-onda-de-calor-que-atinge-brasil-com-maximas-de-45c","status":"publish","type":"post","link":"https:\/\/www.ocorreionews.com.br\/acervo-correio\/?p=251884","title":{"rendered":"Mato Grosso do Sul est\u00e1 no centro da onda de calor que atinge Brasil com m\u00e1ximas de 45\u00b0C"},"content":{"rendered":"<p>Mato Grosso do Sul ser\u00e1 o epicentro de onda de calor com m\u00e1ximas entre 40\u00b0C e 45\u00b0C durante esta semana, segundo previs\u00e3o meteorol\u00f3gica. Trata-se, nesta semana, de calor em grande parte do\u00a0Brasil\u00a0devido a uma massa de ar extremamente quente com baixa umidade.<\/p>\n<p>De acordo com o Cemtec-MS (Centro de Monitoramento do Tempo e do Clima), o calor extremo se deve \u00e0 atua\u00e7\u00e3o de um bloqueio atmosf\u00e9rico, aliado \u00e0 atua\u00e7\u00e3o do El Ni\u00f1o.<\/p>\n<p>Ainda conforme a previs\u00e3o, a regi\u00e3o do\u00a0Pantanal\u00a0\u00e9 onde ocorrer\u00e3o as maiores temperaturas durante a onda de calor. Segundo autoridades, em rela\u00e7\u00e3o \u00e0 sa\u00fade, \u00e9\u00a0necess\u00e1ria muita hidrata\u00e7\u00e3o e cuidados com a exposi\u00e7\u00e3o ao sol.<\/p>\n<p>Neste domingo (17), de acordo com a meteorologista do Cemtec-MS, Valesca Fernandes, cidades do Estado j\u00e1 ultrapassaram os 40\u00b0C.<\/p>\n<p>A cidade de\u00a0\u00c1gua Clara, a 192 km de Campo Grande, registrou 40,6\u00b0C. J\u00e1 Porto Murtinho, a 433 quil\u00f4metros da capital sul-mato-grossense, bateu 40,3\u00b0C nos term\u00f4metros no come\u00e7o da onda de calor.<\/p>\n<p>\u201cPor isso, recomenda-se beber bastante l\u00edquido, umidificar os ambientes e evitar\u00a0exposi\u00e7\u00e3o\u00a0ao sol nos hor\u00e1rios mais quentes e secos do dia\u201d, aconselha a meteorologista.<\/p>\n<p>Por influ\u00eancia do fen\u00f4meno El Ni\u00f1o, que eleva as temperaturas e ocasiona mais chuvas, os term\u00f4metros podem ficar pr\u00f3ximo dos 40\u00b0C em agosto. Al\u00e9m da\u00a0hipertermia, a\u00a0exposi\u00e7\u00e3o\u00a0prolongada ao calor e a baixa umidade podem levar \u00e0 desidrata\u00e7\u00e3o, insola\u00e7\u00e3o e exaust\u00e3o pelo calor.<\/p>\n<p><strong>Regi\u00e3o<\/strong><\/p>\n<p>Em Chapad\u00e3o do Sul, segundo o Clima Tempo, a temperatura variar\u00e1 entre a m\u00ednima de 19\u00b0C e 23\u00b0C e a m\u00e1xima de 35\u00b0 C e 37\u00b0C.\u00a0 Previs\u00e3o parecidas com das cidades de Para\u00edso das \u00c1guas e Costa Rica. J\u00e1 na cidade de Cassil\u00e2ndia o calor ser\u00e1 ainda maior, com as \u00a0temperaturas variararando entre a m\u00ednima de 22\u00b0C e 24\u00b0C e a m\u00e1xima de 36\u00b0 C e 39\u00b0C.<\/p>\n<figure style=\"width: 608px\" class=\"wp-caption aligncenter\"><img loading=\"lazy\" decoding=\"async\" src=\"https:\/\/midiamaxproducao.s3.amazonaws.com\/wp-content\/uploads\/2023\/09\/17210832\/ms.jpg\" alt=\"Mato Grosso do Sul est\u00e1 no centro da onda de calor que atinge Brasil com m\u00e1ximas de 45\u00b0C\" width=\"608\" height=\"394\" \/><figcaption class=\"wp-caption-text\">Mato Grosso do Sul no epicentro de forte calor nesta semana (Reprodu\u00e7\u00e3o)<\/figcaption><\/figure>\n<p>*Midiamax &#8211; Diego Alves<\/p>\n<div class=\"elementor-element elementor-element-ec9eab2 elementor-widget__width-auto elementor-widget elementor-widget-text-editor\" data-id=\"ec9eab2\" data-element_type=\"widget\" data-widget_type=\"text-editor.default\"><\/div>\n","protected":false},"excerpt":{"rendered":"<p>Mato Grosso do Sul ser\u00e1 o epicentro de onda de calor com m\u00e1ximas entre 40\u00b0C e 45\u00b0C durante esta semana, segundo previs\u00e3o meteorol\u00f3gica. Trata-se, nesta semana, de calor em grande parte do\u00a0Brasil\u00a0devido a uma massa de ar extremamente quente com baixa umidade. De acordo com o Cemtec-MS (Centro de Monitoramento do Tempo e do Clima), [&hellip;]<\/p>\n","protected":false},"author":5,"featured_media":251885,"comment_status":"closed","ping_status":"closed","sticky":false,"template":"","format":"standard","meta":{"footnotes":""},"categories":[144],"tags":[],"class_list":["post-251884","post","type-post","status-publish","format-standard","has-post-thumbnail","hentry","category-meio-ambiente"],"_links":{"self":[{"href":"https:\/\/www.ocorreionews.com.br\/acervo-correio\/index.php?rest_route=\/wp\/v2\/posts\/251884","targetHints":{"allow":["GET"]}}],"collection":[{"href":"https:\/\/www.ocorreionews.com.br\/acervo-correio\/index.php?rest_route=\/wp\/v2\/posts"}],"about":[{"href":"https:\/\/www.ocorreionews.com.br\/acervo-correio\/index.php?rest_route=\/wp\/v2\/types\/post"}],"author":[{"embeddable":true,"href":"https:\/\/www.ocorreionews.com.br\/acervo-correio\/index.php?rest_route=\/wp\/v2\/users\/5"}],"replies":[{"embeddable":true,"href":"https:\/\/www.ocorreionews.com.br\/acervo-correio\/index.php?rest_route=%2Fwp%2Fv2%2Fcomments&post=251884"}],"version-history":[{"count":3,"href":"https:\/\/www.ocorreionews.com.br\/acervo-correio\/index.php?rest_route=\/wp\/v2\/posts\/251884\/revisions"}],"predecessor-version":[{"id":251889,"href":"https:\/\/www.ocorreionews.com.br\/acervo-correio\/index.php?rest_route=\/wp\/v2\/posts\/251884\/revisions\/251889"}],"wp:featuredmedia":[{"embeddable":true,"href":"https:\/\/www.ocorreionews.com.br\/acervo-correio\/index.php?rest_route=\/wp\/v2\/media\/251885"}],"wp:attachment":[{"href":"https:\/\/www.ocorreionews.com.br\/acervo-correio\/index.php?rest_route=%2Fwp%2Fv2%2Fmedia&parent=251884"}],"wp:term":[{"taxonomy":"category","embeddable":true,"href":"https:\/\/www.ocorreionews.com.br\/acervo-correio\/index.php?rest_route=%2Fwp%2Fv2%2Fcategories&post=251884"},{"taxonomy":"post_tag","embeddable":true,"href":"https:\/\/www.ocorreionews.com.br\/acervo-correio\/index.php?rest_route=%2Fwp%2Fv2%2Ftags&post=251884"}],"curies":[{"name":"wp","href":"https:\/\/api.w.org\/{rel}","templated":true}]}}