{"id":251896,"date":"2023-09-18T13:42:43","date_gmt":"2023-09-18T17:42:43","guid":{"rendered":"https:\/\/www.ocorreionews.com.br\/acervo-correio\/?p=251896"},"modified":"2023-09-18T13:56:27","modified_gmt":"2023-09-18T17:56:27","slug":"jovem-e-preso-com-drogas-dentro-de-hilux-no-centro-de-chapadao-do-sul","status":"publish","type":"post","link":"https:\/\/www.ocorreionews.com.br\/acervo-correio\/?p=251896","title":{"rendered":"Jovem \u00e9 preso com drogas dentro de Hilux no Centro de Chapad\u00e3o do Sul"},"content":{"rendered":"<p>Na noite da \u00faltima sexta-feira (15), um jovem de 23 anos foi preso tr\u00e1fico de drogas, ao ser flagrado pela PM de Chapad\u00e3o do Sul com maconha dentro de sua caminhonete.<\/p>\n<p>Segundo informa\u00e7\u00f5es retiradas do Boletim de Ocorr\u00eancia, por volta das 20h25min, uma guarni\u00e7\u00e3o da PM de Chapad\u00e3o do Sul realizava patrulhamento pela Avenida Quatro, no Centro da cidade, quando visualizaram uma caminhonete Toyota Hilux passando em alta velocidade pela Av. Onze.<\/p>\n<p>Diante da atitude suspeita foi realizada a abordagem do ve\u00edculo na R. Treze, e na busca pessoal nada foi encontrado com o motorista, por\u00e9m no ve\u00edculo dentro do ve\u00edculo do jovem, foram encontrados 05 inv\u00f3lucros de pl\u00e1stico com substancias an\u00e1loga a maconha, pesando 27,7 gramas.<\/p>\n<p>Com flagra, foi dada voz de pris\u00e3o ao autor, sendo encaminhado \u00e0 Delegacia de Pol\u00edcia para que sejam tomadas as medidas cab\u00edveis.<\/p>\n<p>&nbsp;<\/p>\n<p>&nbsp;<\/p>\n<p><em>*O Correio News, com informa\u00e7\u00f5es da Assessoria da Pol\u00edcia Militar<\/em><\/p>\n","protected":false},"excerpt":{"rendered":"<p>Na noite da \u00faltima sexta-feira (15), um jovem de 23 anos foi preso tr\u00e1fico de drogas, ao ser flagrado pela PM de Chapad\u00e3o do Sul com maconha dentro de sua caminhonete. Segundo informa\u00e7\u00f5es retiradas do Boletim de Ocorr\u00eancia, por volta das 20h25min, uma guarni\u00e7\u00e3o da PM de Chapad\u00e3o do Sul realizava patrulhamento pela Avenida Quatro, [&hellip;]<\/p>\n","protected":false},"author":5,"featured_media":251897,"comment_status":"closed","ping_status":"closed","sticky":false,"template":"","format":"standard","meta":{"footnotes":""},"categories":[23,38],"tags":[],"class_list":["post-251896","post","type-post","status-publish","format-standard","has-post-thumbnail","hentry","category-chapadao-do-sul","category-policia"],"_links":{"self":[{"href":"https:\/\/www.ocorreionews.com.br\/acervo-correio\/index.php?rest_route=\/wp\/v2\/posts\/251896","targetHints":{"allow":["GET"]}}],"collection":[{"href":"https:\/\/www.ocorreionews.com.br\/acervo-correio\/index.php?rest_route=\/wp\/v2\/posts"}],"about":[{"href":"https:\/\/www.ocorreionews.com.br\/acervo-correio\/index.php?rest_route=\/wp\/v2\/types\/post"}],"author":[{"embeddable":true,"href":"https:\/\/www.ocorreionews.com.br\/acervo-correio\/index.php?rest_route=\/wp\/v2\/users\/5"}],"replies":[{"embeddable":true,"href":"https:\/\/www.ocorreionews.com.br\/acervo-correio\/index.php?rest_route=%2Fwp%2Fv2%2Fcomments&post=251896"}],"version-history":[{"count":3,"href":"https:\/\/www.ocorreionews.com.br\/acervo-correio\/index.php?rest_route=\/wp\/v2\/posts\/251896\/revisions"}],"predecessor-version":[{"id":251906,"href":"https:\/\/www.ocorreionews.com.br\/acervo-correio\/index.php?rest_route=\/wp\/v2\/posts\/251896\/revisions\/251906"}],"wp:featuredmedia":[{"embeddable":true,"href":"https:\/\/www.ocorreionews.com.br\/acervo-correio\/index.php?rest_route=\/wp\/v2\/media\/251897"}],"wp:attachment":[{"href":"https:\/\/www.ocorreionews.com.br\/acervo-correio\/index.php?rest_route=%2Fwp%2Fv2%2Fmedia&parent=251896"}],"wp:term":[{"taxonomy":"category","embeddable":true,"href":"https:\/\/www.ocorreionews.com.br\/acervo-correio\/index.php?rest_route=%2Fwp%2Fv2%2Fcategories&post=251896"},{"taxonomy":"post_tag","embeddable":true,"href":"https:\/\/www.ocorreionews.com.br\/acervo-correio\/index.php?rest_route=%2Fwp%2Fv2%2Ftags&post=251896"}],"curies":[{"name":"wp","href":"https:\/\/api.w.org\/{rel}","templated":true}]}}