{"id":251899,"date":"2023-09-18T13:52:48","date_gmt":"2023-09-18T17:52:48","guid":{"rendered":"https:\/\/www.ocorreionews.com.br\/acervo-correio\/?p=251899"},"modified":"2023-09-18T13:52:48","modified_gmt":"2023-09-18T17:52:48","slug":"mulher-morre-em-capotamento-proximo-a-cidade-de-itaja-go","status":"publish","type":"post","link":"https:\/\/www.ocorreionews.com.br\/acervo-correio\/?p=251899","title":{"rendered":"Mulher morre em capotamento pr\u00f3ximo a cidade de Itaj\u00e1 \u2013GO"},"content":{"rendered":"<p>Na manh\u00e3 deste domingo, uma sa\u00edda de pista com capotamento matou uma mulher de 54 anos, e deixou um homem ferido, na GO-178 na cidade de Itaj\u00e1 \u2013GO.<\/p>\n<p>Segundo a pagina Rota Policial Not\u00edcias, L\u00facia Vieira de Santana Arcanjo de 54 anos natural de Cachoeira Alta \u2013 GO estava como passageira em um ve\u00edculo VW CrossFox juntamente com um homem de 41 anos quando por motivos desconhecidos o ve\u00edculo saiu da pista e capotou.<\/p>\n<p>As v\u00edtimas foram socorridas e encaminhadas ao hospital de Itaj\u00e1 , sendo que o condutor do carro, P. S. da S.G., foi socorrido em estado est\u00e1vel, mas a passageira L\u00facia Vieira estava em estado grav\u00edssimo e veio a \u00f3bito no hospital.<\/p>\n<p>A Pol\u00edcia Cient\u00edfica por meio da 11CRPTC realizou per\u00edcia no local e o corpo foi encaminhado para o Instituto M\u00e9dico Legal de Jata\u00ed &#8211; GO.<\/p>\n<p><img loading=\"lazy\" decoding=\"async\" class=\"alignnone size-full wp-image-251900\" src=\"https:\/\/www.ocorreionews.com.br\/acervo-correio\/wp-content\/uploads\/2023\/09\/Crosfox-2.jpg\" alt=\"\" width=\"774\" height=\"580\" srcset=\"https:\/\/www.ocorreionews.com.br\/acervo-correio\/wp-content\/uploads\/2023\/09\/Crosfox-2.jpg 774w, https:\/\/www.ocorreionews.com.br\/acervo-correio\/wp-content\/uploads\/2023\/09\/Crosfox-2-300x225.jpg 300w, https:\/\/www.ocorreionews.com.br\/acervo-correio\/wp-content\/uploads\/2023\/09\/Crosfox-2-768x576.jpg 768w, https:\/\/www.ocorreionews.com.br\/acervo-correio\/wp-content\/uploads\/2023\/09\/Crosfox-2-86x64.jpg 86w\" sizes=\"auto, (max-width: 774px) 100vw, 774px\" \/><\/p>\n","protected":false},"excerpt":{"rendered":"<p>Na manh\u00e3 deste domingo, uma sa\u00edda de pista com capotamento matou uma mulher de 54 anos, e deixou um homem ferido, na GO-178 na cidade de Itaj\u00e1 \u2013GO. Segundo a pagina Rota Policial Not\u00edcias, L\u00facia Vieira de Santana Arcanjo de 54 anos natural de Cachoeira Alta \u2013 GO estava como passageira em um ve\u00edculo VW [&hellip;]<\/p>\n","protected":false},"author":5,"featured_media":251901,"comment_status":"closed","ping_status":"closed","sticky":false,"template":"","format":"standard","meta":{"footnotes":""},"categories":[38,143],"tags":[],"class_list":["post-251899","post","type-post","status-publish","format-standard","has-post-thumbnail","hentry","category-policia","category-regional"],"_links":{"self":[{"href":"https:\/\/www.ocorreionews.com.br\/acervo-correio\/index.php?rest_route=\/wp\/v2\/posts\/251899","targetHints":{"allow":["GET"]}}],"collection":[{"href":"https:\/\/www.ocorreionews.com.br\/acervo-correio\/index.php?rest_route=\/wp\/v2\/posts"}],"about":[{"href":"https:\/\/www.ocorreionews.com.br\/acervo-correio\/index.php?rest_route=\/wp\/v2\/types\/post"}],"author":[{"embeddable":true,"href":"https:\/\/www.ocorreionews.com.br\/acervo-correio\/index.php?rest_route=\/wp\/v2\/users\/5"}],"replies":[{"embeddable":true,"href":"https:\/\/www.ocorreionews.com.br\/acervo-correio\/index.php?rest_route=%2Fwp%2Fv2%2Fcomments&post=251899"}],"version-history":[{"count":1,"href":"https:\/\/www.ocorreionews.com.br\/acervo-correio\/index.php?rest_route=\/wp\/v2\/posts\/251899\/revisions"}],"predecessor-version":[{"id":251902,"href":"https:\/\/www.ocorreionews.com.br\/acervo-correio\/index.php?rest_route=\/wp\/v2\/posts\/251899\/revisions\/251902"}],"wp:featuredmedia":[{"embeddable":true,"href":"https:\/\/www.ocorreionews.com.br\/acervo-correio\/index.php?rest_route=\/wp\/v2\/media\/251901"}],"wp:attachment":[{"href":"https:\/\/www.ocorreionews.com.br\/acervo-correio\/index.php?rest_route=%2Fwp%2Fv2%2Fmedia&parent=251899"}],"wp:term":[{"taxonomy":"category","embeddable":true,"href":"https:\/\/www.ocorreionews.com.br\/acervo-correio\/index.php?rest_route=%2Fwp%2Fv2%2Fcategories&post=251899"},{"taxonomy":"post_tag","embeddable":true,"href":"https:\/\/www.ocorreionews.com.br\/acervo-correio\/index.php?rest_route=%2Fwp%2Fv2%2Ftags&post=251899"}],"curies":[{"name":"wp","href":"https:\/\/api.w.org\/{rel}","templated":true}]}}