{"id":251903,"date":"2023-09-18T13:57:06","date_gmt":"2023-09-18T17:57:06","guid":{"rendered":"https:\/\/www.ocorreionews.com.br\/acervo-correio\/?p=251903"},"modified":"2023-09-18T13:57:06","modified_gmt":"2023-09-18T17:57:06","slug":"eleicoes-para-conselheiros-tutelares-de-chapadao-do-sul-acontecem-dia-01-de-outubro","status":"publish","type":"post","link":"https:\/\/www.ocorreionews.com.br\/acervo-correio\/?p=251903","title":{"rendered":"Elei\u00e7\u00f5es para Conselheiros Tutelares de Chapad\u00e3o do Sul acontecem dia 01 de outubro"},"content":{"rendered":"<p>Est\u00e1 chegando o momento crucial em que os cidad\u00e3os de Chapad\u00e3o do Sul ter\u00e3o a oportunidade de eleger aqueles que cuidar\u00e3o dos interesses e bem-estar das crian\u00e7as e adolescentes do munic\u00edpio. No dia 1\u00ba de outubro, acontecer\u00e3o as elei\u00e7\u00f5es para a escolha dos conselheiros tutelares, um processo fundamental para a garantia dos direitos das futuras gera\u00e7\u00f5es.<\/p>\n<p><b>Local de vota\u00e7\u00e3o<\/b><\/p>\n<p>A vota\u00e7\u00e3o ser\u00e1 realizada nas escolas Carlos Drummond de Andrade e Cec\u00edlia Meireles, locais tradicionais de participa\u00e7\u00e3o cidad\u00e3 em Chapad\u00e3o do Sul. \u00c9 essencial que os moradores compare\u00e7am para exercer seu direito de voto e contribuir para a sele\u00e7\u00e3o dos futuros representantes dos jovens da cidade.<\/p>\n<p><b>Voto consciente<\/b><\/p>\n<p>Uma das particularidades dessas elei\u00e7\u00f5es \u00e9 que cada eleitor poder\u00e1 votar em at\u00e9 5 candidatos, o que oferece uma oportunidade \u00fanica de expressar suas prefer\u00eancias e escolher um grupo diversificado de conselheiros tutelares.<\/p>\n<p><b>A import\u00e2ncia do Conselho Tutelar<\/b><\/p>\n<p>O Conselho Tutelar \u00e9 uma pe\u00e7a vital na prote\u00e7\u00e3o e promo\u00e7\u00e3o dos direitos das crian\u00e7as e adolescentes em Chapad\u00e3o do Sul. Os conselheiros tutelares atuam em situa\u00e7\u00f5es que envolvem neglig\u00eancia, abuso, explora\u00e7\u00e3o ou qualquer forma de viol\u00eancia contra os menores. Eles s\u00e3o respons\u00e1veis por garantir que as pol\u00edticas e leis relacionadas \u00e0 inf\u00e2ncia e adolesc\u00eancia sejam cumpridas e que as v\u00edtimas recebam o apoio necess\u00e1rio.<\/p>\n<p><b>Exercendo sua cidadania<\/b><\/p>\n<p>Participar das elei\u00e7\u00f5es para o Conselho Tutelar \u00e9 uma maneira poderosa de exercer sua cidadania e contribuir para o futuro da comunidade. A Prefeitura de Chapad\u00e3o do Sul incentiva todos os cidad\u00e3os a comparecerem \u00e0s urnas no dia 1\u00ba de outubro e escolherem candidatos comprometidos com a prote\u00e7\u00e3o dos direitos das crian\u00e7as e adolescentes.<\/p>\n<p>No dia 1\u00ba de outubro, fa\u00e7a parte desse importante processo democr\u00e1tico e ajude a moldar um futuro mais seguro e promissor para as crian\u00e7as e adolescentes de Chapad\u00e3o do Sul. Sua participa\u00e7\u00e3o \u00e9 fundamental para o sucesso dessa miss\u00e3o.<\/p>\n<p><img decoding=\"async\" src=\"http:\/\/www.chapadaodosul.ms.gov.br\/admin\/arquivos\/imagem\/mural%20candidatos.jpg\" \/><\/p>\n<p>*Assessoria de Imprensa<\/p>\n","protected":false},"excerpt":{"rendered":"<p>Est\u00e1 chegando o momento crucial em que os cidad\u00e3os de Chapad\u00e3o do Sul ter\u00e3o a oportunidade de eleger aqueles que cuidar\u00e3o dos interesses e bem-estar das crian\u00e7as e adolescentes do munic\u00edpio. No dia 1\u00ba de outubro, acontecer\u00e3o as elei\u00e7\u00f5es para a escolha dos conselheiros tutelares, um processo fundamental para a garantia dos direitos das futuras [&hellip;]<\/p>\n","protected":false},"author":5,"featured_media":248214,"comment_status":"closed","ping_status":"closed","sticky":false,"template":"","format":"standard","meta":{"footnotes":""},"categories":[23,41],"tags":[],"class_list":["post-251903","post","type-post","status-publish","format-standard","has-post-thumbnail","hentry","category-chapadao-do-sul","category-destaque"],"_links":{"self":[{"href":"https:\/\/www.ocorreionews.com.br\/acervo-correio\/index.php?rest_route=\/wp\/v2\/posts\/251903","targetHints":{"allow":["GET"]}}],"collection":[{"href":"https:\/\/www.ocorreionews.com.br\/acervo-correio\/index.php?rest_route=\/wp\/v2\/posts"}],"about":[{"href":"https:\/\/www.ocorreionews.com.br\/acervo-correio\/index.php?rest_route=\/wp\/v2\/types\/post"}],"author":[{"embeddable":true,"href":"https:\/\/www.ocorreionews.com.br\/acervo-correio\/index.php?rest_route=\/wp\/v2\/users\/5"}],"replies":[{"embeddable":true,"href":"https:\/\/www.ocorreionews.com.br\/acervo-correio\/index.php?rest_route=%2Fwp%2Fv2%2Fcomments&post=251903"}],"version-history":[{"count":1,"href":"https:\/\/www.ocorreionews.com.br\/acervo-correio\/index.php?rest_route=\/wp\/v2\/posts\/251903\/revisions"}],"predecessor-version":[{"id":251905,"href":"https:\/\/www.ocorreionews.com.br\/acervo-correio\/index.php?rest_route=\/wp\/v2\/posts\/251903\/revisions\/251905"}],"wp:featuredmedia":[{"embeddable":true,"href":"https:\/\/www.ocorreionews.com.br\/acervo-correio\/index.php?rest_route=\/wp\/v2\/media\/248214"}],"wp:attachment":[{"href":"https:\/\/www.ocorreionews.com.br\/acervo-correio\/index.php?rest_route=%2Fwp%2Fv2%2Fmedia&parent=251903"}],"wp:term":[{"taxonomy":"category","embeddable":true,"href":"https:\/\/www.ocorreionews.com.br\/acervo-correio\/index.php?rest_route=%2Fwp%2Fv2%2Fcategories&post=251903"},{"taxonomy":"post_tag","embeddable":true,"href":"https:\/\/www.ocorreionews.com.br\/acervo-correio\/index.php?rest_route=%2Fwp%2Fv2%2Ftags&post=251903"}],"curies":[{"name":"wp","href":"https:\/\/api.w.org\/{rel}","templated":true}]}}