{"id":251911,"date":"2023-09-18T14:03:49","date_gmt":"2023-09-18T18:03:49","guid":{"rendered":"https:\/\/www.ocorreionews.com.br\/acervo-correio\/?p=251911"},"modified":"2023-09-19T07:26:36","modified_gmt":"2023-09-19T11:26:36","slug":"prefeito-anizio-andrade-prepara-uma-grande-festa-para-comemrar-os-20-anos-de-paraiso","status":"publish","type":"post","link":"https:\/\/www.ocorreionews.com.br\/acervo-correio\/?p=251911","title":{"rendered":"Prefeito An\u00edzio Andrade prepara uma grande festa para comemorar os 20 anos de Paraiso"},"content":{"rendered":"<p>O prefeito An\u00edzio Andrade (PP) e o vice-prefeito Roberto Carlos (PSDB) assim como todos os anos, desde o in\u00edcio de sua gest\u00e3o em 2020, com o apoio da C\u00e2mara Municipal de Vereadores e com o empenho de toda sua equipe do Executivo Municipal, v\u00eam realizando grandes eventos para a popula\u00e7\u00e3o &#8211; em especial, no Anivers\u00e1rio da Cidade, que \u00e9 comemorado neste m\u00eas de setembro.<\/p>\n<p>Ap\u00f3s reunir-se com sua equipe de gest\u00e3o e consultar a popula\u00e7\u00e3o no ano passado, para decidir qual seria o melhor show para este ano, foi decidido a contrata\u00e7\u00e3o de Fernando e Sorocaba para o dia 29 de setembro, com entrada franca, uma grande estrutura de palco, som, ilumina\u00e7\u00e3o, tendas, pra\u00e7a de alimenta\u00e7\u00e3o e demais componentes para receber um grande p\u00fablico nestes dias de evento.<\/p>\n<p>Al\u00e9m dos shows nacionais e regionais, haver\u00e1 tamb\u00e9m encontro de bandas e fanfarras no dia 30 de setembro, no s\u00e1bado, dia do anivers\u00e1rio do munic\u00edpio.<\/p>\n<p>Mas n\u00e3o \u00e9 somente festividades como shows e apresenta\u00e7\u00f5es. O prefeito An\u00edzio e sua equipe se preocupou em cada detalhe, como a entrega de importantes obras e investimentos no munic\u00edpio, que ultrapassam R$ 17 milh\u00f5es conforme foi anunciado recentemente, em seu pacot\u00e3o de obras que est\u00e1 em execu\u00e7\u00e3o no munic\u00edpio, al\u00e9m de recupera\u00e7\u00e3o e manuten\u00e7\u00e3o de estradas rurais e investimentos nos quatro cantos do munic\u00edpio.<\/p>\n<p>&#8220;Nos preocupamos em oferecer al\u00e9m de divers\u00e3o, lazer para toda nossa popula\u00e7\u00e3o, tamb\u00e9m \u00e9 com o desenvolvimento que n\u00e3o para. S\u00e3o mais de R$ 17 milh\u00f5es em obras e investimentos que est\u00e3o sendo aplicados em v\u00e1rias \u00e1reas de nosso munic\u00edpio, com recursos pr\u00f3prios. Fruto de um trabalho s\u00e9rio, honesto, respons\u00e1vel e com foco na gest\u00e3o que prometemos para nossa popula\u00e7\u00e3o&#8221;, destaca o prefeito An\u00edzio Andrade.<\/p>\n<p><span style=\"font-family: Verdana;\">Durante a programa\u00e7\u00e3o, se envolve todas as secretarias e equipes da gest\u00e3o municipal, na organiza\u00e7\u00e3o e em cada detalhe.<\/span><\/p>\n<p>Confira a programa\u00e7\u00e3o:<\/p>\n<p><img decoding=\"async\" src=\"https:\/\/www.bncnoticias.com.br\/arquivos\/img-uploads\/ximagem_752.jpg.pagespeed.ic.0lcrTqwIUg.webp\" data-pagespeed-url-hash=\"3116897894\" \/><\/p>\n<p><b>QUARTA-FEIRA, DIA\u00a0 27 DE SETEMBRO\u00a0\u00a0<\/b>&#8211; A PARTIR DAS 07H30 DA MANH\u00c3, VISITA \u00c0S \u00c0S OBRAS EM ANDAMENTO NO MUNIC\u00cdPIO.<\/p>\n<p>\u2022 MERCADO DO PRODUTOR<\/p>\n<p>\u2022 AMPLIA\u00c7\u00c3O DE ESCOLAS DA SEDE E DISTRITOS<\/p>\n<p>\u2022 MATA-BURROS<\/p>\n<p>\u2022 PAVIMENTA\u00c7\u00c3O ASF\u00c1LTICA DO PORTAL PARA\u00cdSO<\/p>\n<p>\u2022 CASAS LOTE URBANIZADO<\/p>\n<p>\u2022 SAL\u00c3O DE EVENTOS<\/p>\n<p><b>QUINTA-FEIRA, DIA\u00a0 28 DE SETEMBRO\u00a0<\/b>\u2013 A PARTIR DAS 07H30 DA MANH\u00c3, ENTREGA DE OBRAS NOS DISTRITOS DE BELA ALVORADA E POUSO ALTO<\/p>\n<p>\u2022 ARMAZ\u00c9NS DO SAAE<\/p>\n<p>\u2022 ESTRADAS RURAIS<\/p>\n<p>\u2022 MATA-BURROS<\/p>\n<p><b>SEXTA-FEIRA 29 DE SETEMBRO<\/b>, A PARTIR DAS 07H30 DA MANH\u00c3 \u2013 ENTREGA DE OBRAS<\/p>\n<p>\u2022 CASA LAR<\/p>\n<p>\u2022 VELADORIA<\/p>\n<p>\u2022 PO\u00c7O ARTESIANO<\/p>\n<p>\u2022 CIDADE MONITORADA<\/p>\n<p>\u2022 MBARUQE E DESEMBARQUE KENDI NAKAI E ENTREGA DE VE\u00cdCULOS E MAQUIN\u00c1RIOS.<\/p>\n<p><b>E A PARTIR DAS 20H<\/b>, NA AVENIDA SABINO RODRIGUES DE MENEZES, VAMOS COMEMORAR JUNTOS COM GRANDES SHOWS: HUGO E EDUARDO E EM SEGUIDA FERNANDO E SOROCABA.<\/p>\n<p><b>S\u00c1BADO, DIA 30 DE SETEMBRO<\/b>, DIA DO ANIVERS\u00c1RIO DA CIDADE, A\u00a0 PARTIR DAS 18 HORAS<\/p>\n<p>ENCONTRO DE BANDAS E FANFARRAS, SHOW COM FILHOS DA TERRA, SHOW PIROT\u00c9CNICO E SHOW COM TRIO VIOLADA<\/p>\n<p><b>ANIVERS\u00c1RIO DE 20 ANOS DE EMANCIPA\u00c7\u00c3O E 10 ANOS DE INSTALA\u00c7\u00c3O DE NOSSA PARA\u00cdSO DAS \u00c1GUAS\u00a0 &#8211; AVAN\u00c7O E PROSPERIDADE \u2013 DE 27 A 30 DE SETEMBRO.<\/b><\/p>\n<p><img decoding=\"async\" src=\"https:\/\/www.bncnoticias.com.br\/arquivos\/img-uploads\/ximagem_753.jpg.pagespeed.ic.S7wucxB4_C.webp\" data-pagespeed-url-hash=\"3411397815\" \/><img decoding=\"async\" src=\"https:\/\/www.bncnoticias.com.br\/arquivos\/img-uploads\/ximagem_754.jpg.pagespeed.ic.mSC6HzIJOk.webp\" data-pagespeed-url-hash=\"3705897736\" \/><\/p>\n<p>bncnoticias<\/p>\n","protected":false},"excerpt":{"rendered":"<p>O prefeito An\u00edzio Andrade (PP) e o vice-prefeito Roberto Carlos (PSDB) assim como todos os anos, desde o in\u00edcio de sua gest\u00e3o em 2020, com o apoio da C\u00e2mara Municipal de Vereadores e com o empenho de toda sua equipe do Executivo Municipal, v\u00eam realizando grandes eventos para a popula\u00e7\u00e3o &#8211; em especial, no Anivers\u00e1rio [&hellip;]<\/p>\n","protected":false},"author":4,"featured_media":251914,"comment_status":"closed","ping_status":"closed","sticky":false,"template":"","format":"standard","meta":{"footnotes":""},"categories":[36],"tags":[],"class_list":["post-251911","post","type-post","status-publish","format-standard","has-post-thumbnail","hentry","category-paraiso-das-aguas"],"_links":{"self":[{"href":"https:\/\/www.ocorreionews.com.br\/acervo-correio\/index.php?rest_route=\/wp\/v2\/posts\/251911","targetHints":{"allow":["GET"]}}],"collection":[{"href":"https:\/\/www.ocorreionews.com.br\/acervo-correio\/index.php?rest_route=\/wp\/v2\/posts"}],"about":[{"href":"https:\/\/www.ocorreionews.com.br\/acervo-correio\/index.php?rest_route=\/wp\/v2\/types\/post"}],"author":[{"embeddable":true,"href":"https:\/\/www.ocorreionews.com.br\/acervo-correio\/index.php?rest_route=\/wp\/v2\/users\/4"}],"replies":[{"embeddable":true,"href":"https:\/\/www.ocorreionews.com.br\/acervo-correio\/index.php?rest_route=%2Fwp%2Fv2%2Fcomments&post=251911"}],"version-history":[{"count":2,"href":"https:\/\/www.ocorreionews.com.br\/acervo-correio\/index.php?rest_route=\/wp\/v2\/posts\/251911\/revisions"}],"predecessor-version":[{"id":251917,"href":"https:\/\/www.ocorreionews.com.br\/acervo-correio\/index.php?rest_route=\/wp\/v2\/posts\/251911\/revisions\/251917"}],"wp:featuredmedia":[{"embeddable":true,"href":"https:\/\/www.ocorreionews.com.br\/acervo-correio\/index.php?rest_route=\/wp\/v2\/media\/251914"}],"wp:attachment":[{"href":"https:\/\/www.ocorreionews.com.br\/acervo-correio\/index.php?rest_route=%2Fwp%2Fv2%2Fmedia&parent=251911"}],"wp:term":[{"taxonomy":"category","embeddable":true,"href":"https:\/\/www.ocorreionews.com.br\/acervo-correio\/index.php?rest_route=%2Fwp%2Fv2%2Fcategories&post=251911"},{"taxonomy":"post_tag","embeddable":true,"href":"https:\/\/www.ocorreionews.com.br\/acervo-correio\/index.php?rest_route=%2Fwp%2Fv2%2Ftags&post=251911"}],"curies":[{"name":"wp","href":"https:\/\/api.w.org\/{rel}","templated":true}]}}