{"id":251912,"date":"2023-09-18T14:07:52","date_gmt":"2023-09-18T18:07:52","guid":{"rendered":"https:\/\/www.ocorreionews.com.br\/acervo-correio\/?p=251912"},"modified":"2023-09-18T14:50:25","modified_gmt":"2023-09-18T18:50:25","slug":"homem-e-esfaqueado-pelo-ex-de-sua-namorada-em-costa-rica","status":"publish","type":"post","link":"https:\/\/www.ocorreionews.com.br\/acervo-correio\/?p=251912","title":{"rendered":"Homem \u00e9 esfaqueado pelo \u201cex\u201d de sua namorada em Costa Rica"},"content":{"rendered":"<p>Na madrugada desta domingo (17), um homem de 28 anos foi esfaqueado pelas costas por outro homem que seria ex-namorado da sua companheira, na cidade Costa Rica.<\/p>\n<p>De acordo com informa\u00e7\u00f5es retiradas do Boletim de Ocorr\u00eancia, por volta das 04h30min, a Pol\u00edcia Militar de Costa Rica, foi acionada a comparecer na Funda\u00e7\u00e3o Hospitalar, por havia dada entrada no local um homem com ferimentos de arma branca.<\/p>\n<p>A v\u00edtima relatou aos militares, que est\u00e1 se relacionando com uma mulher e durante a madrugada eles estavam juntos em um bar. Ap\u00f3s terminar do evento eles estavam indo para casa momento que, o autor (ex-namorado da sua atual) descobriu a rela\u00e7\u00e3o dos dois e o esfaqueou pelas costas, a v\u00edtima saiu correndo e o autor tentou o acompanhar dizendo que iria o matar, mas logo desistiu e evadiu-se do local.<\/p>\n<p>Foi realizada dilig\u00eancias a fins de encontrar o autor, contudo ele n\u00e3o foi encontrado, sendo informado por moradores da vizinhan\u00e7a que o mesmo teria fugido em um ve\u00edculo Fiat Uno Branco.<\/p>\n<p>Diante dos fatos, foi elaborado o Boletim de ocorr\u00eancia e encaminhado para Delegacia de Pol\u00edcia, para que a devida providencia sejam tomadas.<\/p>\n","protected":false},"excerpt":{"rendered":"<p>Na madrugada desta domingo (17), um homem de 28 anos foi esfaqueado pelas costas por outro homem que seria ex-namorado da sua companheira, na cidade Costa Rica. De acordo com informa\u00e7\u00f5es retiradas do Boletim de Ocorr\u00eancia, por volta das 04h30min, a Pol\u00edcia Militar de Costa Rica, foi acionada a comparecer na Funda\u00e7\u00e3o Hospitalar, por havia [&hellip;]<\/p>\n","protected":false},"author":5,"featured_media":251527,"comment_status":"closed","ping_status":"closed","sticky":false,"template":"","format":"standard","meta":{"footnotes":""},"categories":[25,38],"tags":[],"class_list":["post-251912","post","type-post","status-publish","format-standard","has-post-thumbnail","hentry","category-costa-rica","category-policia"],"_links":{"self":[{"href":"https:\/\/www.ocorreionews.com.br\/acervo-correio\/index.php?rest_route=\/wp\/v2\/posts\/251912","targetHints":{"allow":["GET"]}}],"collection":[{"href":"https:\/\/www.ocorreionews.com.br\/acervo-correio\/index.php?rest_route=\/wp\/v2\/posts"}],"about":[{"href":"https:\/\/www.ocorreionews.com.br\/acervo-correio\/index.php?rest_route=\/wp\/v2\/types\/post"}],"author":[{"embeddable":true,"href":"https:\/\/www.ocorreionews.com.br\/acervo-correio\/index.php?rest_route=\/wp\/v2\/users\/5"}],"replies":[{"embeddable":true,"href":"https:\/\/www.ocorreionews.com.br\/acervo-correio\/index.php?rest_route=%2Fwp%2Fv2%2Fcomments&post=251912"}],"version-history":[{"count":1,"href":"https:\/\/www.ocorreionews.com.br\/acervo-correio\/index.php?rest_route=\/wp\/v2\/posts\/251912\/revisions"}],"predecessor-version":[{"id":251918,"href":"https:\/\/www.ocorreionews.com.br\/acervo-correio\/index.php?rest_route=\/wp\/v2\/posts\/251912\/revisions\/251918"}],"wp:featuredmedia":[{"embeddable":true,"href":"https:\/\/www.ocorreionews.com.br\/acervo-correio\/index.php?rest_route=\/wp\/v2\/media\/251527"}],"wp:attachment":[{"href":"https:\/\/www.ocorreionews.com.br\/acervo-correio\/index.php?rest_route=%2Fwp%2Fv2%2Fmedia&parent=251912"}],"wp:term":[{"taxonomy":"category","embeddable":true,"href":"https:\/\/www.ocorreionews.com.br\/acervo-correio\/index.php?rest_route=%2Fwp%2Fv2%2Fcategories&post=251912"},{"taxonomy":"post_tag","embeddable":true,"href":"https:\/\/www.ocorreionews.com.br\/acervo-correio\/index.php?rest_route=%2Fwp%2Fv2%2Ftags&post=251912"}],"curies":[{"name":"wp","href":"https:\/\/api.w.org\/{rel}","templated":true}]}}