{"id":251916,"date":"2023-09-18T14:18:21","date_gmt":"2023-09-18T18:18:21","guid":{"rendered":"https:\/\/www.ocorreionews.com.br\/acervo-correio\/?p=251916"},"modified":"2023-09-18T14:29:01","modified_gmt":"2023-09-18T18:29:01","slug":"mulher-procura-socorro-em-quartel-da-pm-apos-ser-agredida-pelo-seu-ex-que-acusava-ela-de-furto-de-r50000","status":"publish","type":"post","link":"https:\/\/www.ocorreionews.com.br\/acervo-correio\/?p=251916","title":{"rendered":"Mulher procura socorro em quartel da PM ap\u00f3s ser agredida pelo seu \u201cex\u201d que acusava ela de furto de R$500,00"},"content":{"rendered":"<p>Na tarde deste domingo (17), uma mulher de 37 anos procurou ajuda junta a PM de Costa Rica, ap\u00f3s ela ser agredida pelo seu ex, um idoso de 66 anos, que acusava ela de ter furtado R$500,00 dele.<\/p>\n<p>Segundo informa\u00e7\u00f5es retiradas do Boletim de Ocorr\u00eancia, por volta das 15h, a vitima compareceu no 2\u00b0 Pelot\u00e3o de Policia Militar de Costa Rica, relatando que estava com seu ex-c\u00f4njuge, quando ele a acusou de ter subtra\u00eddo o valor de R$500,00 reais dele, e em seguida o autor em posse de uma faca tentou a agredir, momento que ela conseguiu desvencilhar e deslocou ate o quartel para registar o Boletim de ocorr\u00eancia.<\/p>\n<p>A v\u00edtima estava com escoria\u00e7\u00f5es no joelho, punhos, bra\u00e7os e nariz.<\/p>\n<p>J\u00e1 o idoso deu outro relato sobre o acontecido, sendo negada essa vers\u00e3o pela mulher.<\/p>\n<p>Diante disso os envolvidos foram encaminhados para a Delegacia de Pol\u00edcia Civil para que as provid\u00eancias cab\u00edveis nesta caso sejam tomadas.<\/p>\n<p>&nbsp;<\/p>\n<p>*<em>O Correio News, com informa\u00e7\u00f5es da Assessoria da Pol\u00edcia MIilitar\u00a0<\/em><\/p>\n","protected":false},"excerpt":{"rendered":"<p>Na tarde deste domingo (17), uma mulher de 37 anos procurou ajuda junta a PM de Costa Rica, ap\u00f3s ela ser agredida pelo seu ex, um idoso de 66 anos, que acusava ela de ter furtado R$500,00 dele. Segundo informa\u00e7\u00f5es retiradas do Boletim de Ocorr\u00eancia, por volta das 15h, a vitima compareceu no 2\u00b0 Pelot\u00e3o [&hellip;]<\/p>\n","protected":false},"author":5,"featured_media":212999,"comment_status":"closed","ping_status":"closed","sticky":false,"template":"","format":"standard","meta":{"footnotes":""},"categories":[25,38],"tags":[],"class_list":["post-251916","post","type-post","status-publish","format-standard","has-post-thumbnail","hentry","category-costa-rica","category-policia"],"_links":{"self":[{"href":"https:\/\/www.ocorreionews.com.br\/acervo-correio\/index.php?rest_route=\/wp\/v2\/posts\/251916","targetHints":{"allow":["GET"]}}],"collection":[{"href":"https:\/\/www.ocorreionews.com.br\/acervo-correio\/index.php?rest_route=\/wp\/v2\/posts"}],"about":[{"href":"https:\/\/www.ocorreionews.com.br\/acervo-correio\/index.php?rest_route=\/wp\/v2\/types\/post"}],"author":[{"embeddable":true,"href":"https:\/\/www.ocorreionews.com.br\/acervo-correio\/index.php?rest_route=\/wp\/v2\/users\/5"}],"replies":[{"embeddable":true,"href":"https:\/\/www.ocorreionews.com.br\/acervo-correio\/index.php?rest_route=%2Fwp%2Fv2%2Fcomments&post=251916"}],"version-history":[{"count":2,"href":"https:\/\/www.ocorreionews.com.br\/acervo-correio\/index.php?rest_route=\/wp\/v2\/posts\/251916\/revisions"}],"predecessor-version":[{"id":251926,"href":"https:\/\/www.ocorreionews.com.br\/acervo-correio\/index.php?rest_route=\/wp\/v2\/posts\/251916\/revisions\/251926"}],"wp:featuredmedia":[{"embeddable":true,"href":"https:\/\/www.ocorreionews.com.br\/acervo-correio\/index.php?rest_route=\/wp\/v2\/media\/212999"}],"wp:attachment":[{"href":"https:\/\/www.ocorreionews.com.br\/acervo-correio\/index.php?rest_route=%2Fwp%2Fv2%2Fmedia&parent=251916"}],"wp:term":[{"taxonomy":"category","embeddable":true,"href":"https:\/\/www.ocorreionews.com.br\/acervo-correio\/index.php?rest_route=%2Fwp%2Fv2%2Fcategories&post=251916"},{"taxonomy":"post_tag","embeddable":true,"href":"https:\/\/www.ocorreionews.com.br\/acervo-correio\/index.php?rest_route=%2Fwp%2Fv2%2Ftags&post=251916"}],"curies":[{"name":"wp","href":"https:\/\/api.w.org\/{rel}","templated":true}]}}