{"id":251919,"date":"2023-09-18T14:12:40","date_gmt":"2023-09-18T18:12:40","guid":{"rendered":"https:\/\/www.ocorreionews.com.br\/acervo-correio\/?p=251919"},"modified":"2023-09-18T14:12:40","modified_gmt":"2023-09-18T18:12:40","slug":"o-prefeito-vinicius-terin-recebeu-a-equipe-da-agrodefesa","status":"publish","type":"post","link":"https:\/\/www.ocorreionews.com.br\/acervo-correio\/?p=251919","title":{"rendered":"O prefeito Vinicius Terin recebeu a equipe da AGRODEFESA"},"content":{"rendered":"<div class=\"xdj266r x11i5rnm xat24cr x1mh8g0r x1vvkbs x126k92a\">\n<div dir=\"auto\">Encontro produtivo em Chapad\u00e3o do C\u00e9u! O prefeito Vinicius Terin recebeu a equipe da AGRODEFESA para discutir melhorias para nossa cidade.<\/div>\n<div dir=\"auto\"><\/div>\n<\/div>\n<div class=\"x11i5rnm xat24cr x1mh8g0r x1vvkbs xtlvy1s x126k92a\">\n<div dir=\"auto\">O principal tema em pauta foi a constru\u00e7\u00e3o de uma sede da AGRODEFESA em nosso munic\u00edpio. O prefeito Vinicius Terin tem o firme desejo de fortalecer a presen\u00e7a desse \u00f3rg\u00e3o t\u00e3o fundamental para o desenvolvimento de nossa comunidade.<\/div>\n<div dir=\"auto\"><\/div>\n<\/div>\n<div class=\"x11i5rnm xat24cr x1mh8g0r x1vvkbs xtlvy1s x126k92a\">\n<div dir=\"auto\">O prefeito Vinicius destacou a import\u00e2ncia da parceria entre o munic\u00edpio e a AGRODEFESA para o desenvolvimento sustent\u00e1vel de Chapad\u00e3o do C\u00e9u. Ele ressaltou o compromisso da administra\u00e7\u00e3o em apoiar a agricultura local e garantir a qualidade de vida dos cidad\u00e3os.<\/div>\n<div dir=\"auto\"><\/div>\n<\/div>\n<div class=\"x11i5rnm xat24cr x1mh8g0r x1vvkbs xtlvy1s x126k92a\">\n<div dir=\"auto\">Juntos, estamos fortalecendo a agricultura e garantindo a qualidade de vida da nossa comunidade. Vamos em frente!<\/div>\n<div dir=\"auto\">Assecom PMCC<\/div>\n<\/div>\n","protected":false},"excerpt":{"rendered":"<p>Encontro produtivo em Chapad\u00e3o do C\u00e9u! O prefeito Vinicius Terin recebeu a equipe da AGRODEFESA para discutir melhorias para nossa cidade. O principal tema em pauta foi a constru\u00e7\u00e3o de uma sede da AGRODEFESA em nosso munic\u00edpio. O prefeito Vinicius Terin tem o firme desejo de fortalecer a presen\u00e7a desse \u00f3rg\u00e3o t\u00e3o fundamental para o [&hellip;]<\/p>\n","protected":false},"author":4,"featured_media":251920,"comment_status":"closed","ping_status":"closed","sticky":false,"template":"","format":"standard","meta":{"footnotes":""},"categories":[22],"tags":[],"class_list":["post-251919","post","type-post","status-publish","format-standard","has-post-thumbnail","hentry","category-chapadao-do-ceu"],"_links":{"self":[{"href":"https:\/\/www.ocorreionews.com.br\/acervo-correio\/index.php?rest_route=\/wp\/v2\/posts\/251919","targetHints":{"allow":["GET"]}}],"collection":[{"href":"https:\/\/www.ocorreionews.com.br\/acervo-correio\/index.php?rest_route=\/wp\/v2\/posts"}],"about":[{"href":"https:\/\/www.ocorreionews.com.br\/acervo-correio\/index.php?rest_route=\/wp\/v2\/types\/post"}],"author":[{"embeddable":true,"href":"https:\/\/www.ocorreionews.com.br\/acervo-correio\/index.php?rest_route=\/wp\/v2\/users\/4"}],"replies":[{"embeddable":true,"href":"https:\/\/www.ocorreionews.com.br\/acervo-correio\/index.php?rest_route=%2Fwp%2Fv2%2Fcomments&post=251919"}],"version-history":[{"count":1,"href":"https:\/\/www.ocorreionews.com.br\/acervo-correio\/index.php?rest_route=\/wp\/v2\/posts\/251919\/revisions"}],"predecessor-version":[{"id":251921,"href":"https:\/\/www.ocorreionews.com.br\/acervo-correio\/index.php?rest_route=\/wp\/v2\/posts\/251919\/revisions\/251921"}],"wp:featuredmedia":[{"embeddable":true,"href":"https:\/\/www.ocorreionews.com.br\/acervo-correio\/index.php?rest_route=\/wp\/v2\/media\/251920"}],"wp:attachment":[{"href":"https:\/\/www.ocorreionews.com.br\/acervo-correio\/index.php?rest_route=%2Fwp%2Fv2%2Fmedia&parent=251919"}],"wp:term":[{"taxonomy":"category","embeddable":true,"href":"https:\/\/www.ocorreionews.com.br\/acervo-correio\/index.php?rest_route=%2Fwp%2Fv2%2Fcategories&post=251919"},{"taxonomy":"post_tag","embeddable":true,"href":"https:\/\/www.ocorreionews.com.br\/acervo-correio\/index.php?rest_route=%2Fwp%2Fv2%2Ftags&post=251919"}],"curies":[{"name":"wp","href":"https:\/\/api.w.org\/{rel}","templated":true}]}}