{"id":251922,"date":"2023-09-18T15:24:53","date_gmt":"2023-09-18T19:24:53","guid":{"rendered":"https:\/\/www.ocorreionews.com.br\/acervo-correio\/?p=251922"},"modified":"2023-09-18T15:24:53","modified_gmt":"2023-09-18T19:24:53","slug":"com-foco-no-desenvolvimento-regional-governo-de-ms-entrega-laboratorio-e-herbario-na-uems","status":"publish","type":"post","link":"https:\/\/www.ocorreionews.com.br\/acervo-correio\/?p=251922","title":{"rendered":"Com foco no desenvolvimento regional, Governo de MS entrega laborat\u00f3rio e herb\u00e1rio na UEMS"},"content":{"rendered":"<div class=\"entry\">\n<p>Para impulsionar o ensino, pesquisa e extens\u00e3o, o Governo do Estado inaugurou hoje (18), o Laborat\u00f3rio de Fertilidade do Solo em conjunto com o Herb\u00e1rio Ernesto Vargas Baptista, na UEMS (Universidade Estadual de Mato Grosso do Sul), em Mundo Novo.<\/p>\n<p>O governador Eduardo Riedel participou da entrega das obras, que\u00a0integram um projeto denominado\u00a0&#8220;Laborat\u00f3rio de Fertilidade do Solo, Herb\u00e1rio e A\u00e7\u00f5es Socioambientais e T\u00e9cnico-Cient\u00edficas na regi\u00e3o do Cone-Sul de Mato Grosso do Sul&#8221;, e destacou a import\u00e2ncia do local para o ensino e a pesquisa no Estado.<\/p>\n<p>&#8220;N\u00f3s entendemos que o melhor local para fazer investimentos \u00e9 uma universidade, porque ela irradia pesquisa, ci\u00eancia, inova\u00e7\u00e3o tecnol\u00f3gica. A UEMS \u00e9 parte central de uma estrat\u00e9gia&#8221;, disse Riedel.<\/p>\n<p>O complexo foi\u00a0viabilizado por meio de investimentos de mais de R$8,7 milh\u00f5es, sendo R$ 5,4 milh\u00f5es provenientes da Itaipu Binacional e R$3,2 milh\u00f5es do Governo do Estado, por meio da UEMS.<\/p>\n<p>&#8220;A Itaipu \u00e9 exemplo de gest\u00e3o, governa\u00e7a, capacidade de investimento, acertividade. A soma de esfor\u00e7os beneficia a UEMS, a regi\u00e3o e tamb\u00e9m todo o Estado&#8221;, disse Riedel.<\/p>\n<p>O diretor-geral da Itaipu Binacional, Enio Verri, pontuou sobre a import\u00e2ncia do laborat\u00f3rio e do herb\u00e1rio. &#8220;\u00c9 muito bom perceber o efeito de uma universidade na sociedade. N\u00f3s todos temos compromissos com as mudan\u00e7as. Toda a regi\u00e3o do conesul contribui para controle de res\u00edduos e assim podemos aumentar o tempo de vida da usina Itaipu e tamb\u00e9m melhorar a qualidade de vida da popula\u00e7\u00e3o&#8221;.<\/p>\n<p>O lan\u00e7amento \u00e9 um marco hist\u00f3rico para o munic\u00edpio de Mundo Novo e consolida o protagonismo da UEMS no desenvolvimento regional do Estado potencializando a inova\u00e7\u00e3o e as pesquisas de ponta voltadas \u00e0 agronomia e, tamb\u00e9m, \u00e0 sustentabilidade. O complexo de laborat\u00f3rios integra o esfor\u00e7o local da unidade universit\u00e1ria junto ao Programa de P\u00f3s-Gradua\u00e7\u00e3o em Ci\u00eancias Ambientais rec\u00e9m-aprovado junto \u00e0 Coordena\u00e7\u00e3o de Aperfei\u00e7oamento de Pessoal de N\u00edvelSuperior (CAPES).<\/p>\n<div id=\"gallery-1\" class=\"gallery galleryid-450491 gallery-columns-3 gallery-size-large\">\n<figure class=\"gallery-item\">\n<div class=\"gallery-icon landscape\"><a href=\"https:\/\/agenciadenoticias.ms.gov.br\/wp-content\/uploads\/2023\/09\/UEMS-Mundo-Novo-Foto-Alvaro-Rezende-26.jpeg\"><img loading=\"lazy\" decoding=\"async\" class=\"attachment-large size-large\" src=\"https:\/\/agenciadenoticias.ms.gov.br\/wp-content\/uploads\/2023\/09\/UEMS-Mundo-Novo-Foto-Alvaro-Rezende-26-1024x683.jpeg\" sizes=\"auto, (max-width: 1024px) 100vw, 1024px\" srcset=\"https:\/\/agenciadenoticias.ms.gov.br\/wp-content\/uploads\/2023\/09\/UEMS-Mundo-Novo-Foto-Alvaro-Rezende-26-1024x683.jpeg 1024w, https:\/\/agenciadenoticias.ms.gov.br\/wp-content\/uploads\/2023\/09\/UEMS-Mundo-Novo-Foto-Alvaro-Rezende-26-300x200.jpeg 300w, https:\/\/agenciadenoticias.ms.gov.br\/wp-content\/uploads\/2023\/09\/UEMS-Mundo-Novo-Foto-Alvaro-Rezende-26-768x512.jpeg 768w, https:\/\/agenciadenoticias.ms.gov.br\/wp-content\/uploads\/2023\/09\/UEMS-Mundo-Novo-Foto-Alvaro-Rezende-26-1536x1024.jpeg 1536w, https:\/\/agenciadenoticias.ms.gov.br\/wp-content\/uploads\/2023\/09\/UEMS-Mundo-Novo-Foto-Alvaro-Rezende-26-350x232.jpeg 350w, https:\/\/agenciadenoticias.ms.gov.br\/wp-content\/uploads\/2023\/09\/UEMS-Mundo-Novo-Foto-Alvaro-Rezende-26.jpeg 1600w\" alt=\"\" width=\"1024\" height=\"683\" \/><\/a><\/div>\n<\/figure>\n<figure class=\"gallery-item\">\n<div class=\"gallery-icon landscape\"><a href=\"https:\/\/agenciadenoticias.ms.gov.br\/wp-content\/uploads\/2023\/09\/UEMS-Mundo-Novo-Foto-Alvaro-Rezende-14.jpeg\"><img loading=\"lazy\" decoding=\"async\" class=\"attachment-large size-large\" src=\"https:\/\/agenciadenoticias.ms.gov.br\/wp-content\/uploads\/2023\/09\/UEMS-Mundo-Novo-Foto-Alvaro-Rezende-14-1024x683.jpeg\" sizes=\"auto, (max-width: 1024px) 100vw, 1024px\" srcset=\"https:\/\/agenciadenoticias.ms.gov.br\/wp-content\/uploads\/2023\/09\/UEMS-Mundo-Novo-Foto-Alvaro-Rezende-14-1024x683.jpeg 1024w, https:\/\/agenciadenoticias.ms.gov.br\/wp-content\/uploads\/2023\/09\/UEMS-Mundo-Novo-Foto-Alvaro-Rezende-14-300x200.jpeg 300w, https:\/\/agenciadenoticias.ms.gov.br\/wp-content\/uploads\/2023\/09\/UEMS-Mundo-Novo-Foto-Alvaro-Rezende-14-768x512.jpeg 768w, https:\/\/agenciadenoticias.ms.gov.br\/wp-content\/uploads\/2023\/09\/UEMS-Mundo-Novo-Foto-Alvaro-Rezende-14-350x232.jpeg 350w, https:\/\/agenciadenoticias.ms.gov.br\/wp-content\/uploads\/2023\/09\/UEMS-Mundo-Novo-Foto-Alvaro-Rezende-14.jpeg 1500w\" alt=\"\" width=\"1024\" height=\"683\" \/><\/a><\/div>\n<\/figure>\n<figure class=\"gallery-item\">\n<div class=\"gallery-icon landscape\"><a href=\"https:\/\/agenciadenoticias.ms.gov.br\/wp-content\/uploads\/2023\/09\/UEMS-Mundo-Novo-Foto-Alvaro-Rezende-6.jpeg\"><img loading=\"lazy\" decoding=\"async\" class=\"attachment-large size-large\" src=\"https:\/\/agenciadenoticias.ms.gov.br\/wp-content\/uploads\/2023\/09\/UEMS-Mundo-Novo-Foto-Alvaro-Rezende-6-1024x683.jpeg\" sizes=\"auto, (max-width: 1024px) 100vw, 1024px\" srcset=\"https:\/\/agenciadenoticias.ms.gov.br\/wp-content\/uploads\/2023\/09\/UEMS-Mundo-Novo-Foto-Alvaro-Rezende-6-1024x683.jpeg 1024w, https:\/\/agenciadenoticias.ms.gov.br\/wp-content\/uploads\/2023\/09\/UEMS-Mundo-Novo-Foto-Alvaro-Rezende-6-300x200.jpeg 300w, https:\/\/agenciadenoticias.ms.gov.br\/wp-content\/uploads\/2023\/09\/UEMS-Mundo-Novo-Foto-Alvaro-Rezende-6-768x512.jpeg 768w, https:\/\/agenciadenoticias.ms.gov.br\/wp-content\/uploads\/2023\/09\/UEMS-Mundo-Novo-Foto-Alvaro-Rezende-6-350x232.jpeg 350w, https:\/\/agenciadenoticias.ms.gov.br\/wp-content\/uploads\/2023\/09\/UEMS-Mundo-Novo-Foto-Alvaro-Rezende-6.jpeg 1500w\" alt=\"\" width=\"1024\" height=\"683\" \/><\/a><\/div>\n<\/figure>\n<\/div>\n<p>&#8220;N\u00f3s estaremos formando profissionais do curso de Agronomia, Biologia e Gest\u00e3o Ambiental. Com isso, teremos profissionais mais qualificados porque eles v\u00e3o ter a oportunidade de desenvolver a pr\u00e1ticas de an\u00e1lises, de solo, \u00e1gua e material vegetal. O herb\u00e1rio \u00e9 o primeiro sendo gestionado por uma administra\u00e7\u00e3o estadual e a gente fica muito feliz&#8221;, disse o reitor da UEMS, La\u00e9rcio Alves de Carvalho.<\/p>\n<p>O laborat\u00f3rio e o herb\u00e1rio v\u00e3o beneficiar os 35 munic\u00edpios da regi\u00e3o sul e tamb\u00e9m o restante do Estado por meio das a\u00e7\u00f5es da UEMS.<\/p>\n<p>&#8220;O herb\u00e1rio tem uma fun\u00e7\u00e3o muito importante que \u00e9 registrar a flora de uma regi\u00e3o. A gente coleta a planta no campo, ela \u00e9 desidratada, registrada, fotografada, depois vai para os arm\u00e1rios onde \u00e9 arquivada. \u00c9 como um museu e serve para pesquisa, ensino, educa\u00e7\u00e3o ambiental e das escolas. \u00c9 uma estrutura muito importante&#8221;, disse o professor Marcelo Leandro Bueno, curador do herb\u00e1rio.<\/p>\n<p>&#8220;A popula\u00e7\u00e3o vai ser mais beneficiada ainda, porque esse parque anal\u00edtico vai proporcionar an\u00e1lises de solo, \u00e1gua e material vegetal, principalmente para agricultores familiares&#8221;, disse o reitor da UEMS.<\/p>\n<p>Na solenidade tamb\u00e9m foi lan\u00e7ado o mestrado em Ci\u00eancias Ambientais, e ainda formalizada a doa\u00e7\u00e3o de \u00e1rea para a constru\u00e7\u00e3o do hospital veterin\u00e1rio de Mundo Novo.<\/p>\n<p>Tamb\u00e9m participaram da solenidade os secret\u00e1rios Eduardo Rocha (Casa Civil), Jaime Verruck (Semadesc), Maria do Carmo Avesani (Agehab), al\u00e9m do senador, Nelson Trad Filho e deputado, federal Vander Loubet, e prefeitos de v\u00e1rias cidades do Cone Sul.<\/p>\n<div id=\"gallery-2\" class=\"gallery galleryid-450491 gallery-columns-2 gallery-size-large\">\n<figure class=\"gallery-item\">\n<div class=\"gallery-icon landscape\"><a href=\"https:\/\/agenciadenoticias.ms.gov.br\/wp-content\/uploads\/2023\/09\/UEMS-Mundo-Novo-Foto-Alvaro-Rezende-16.jpeg\"><img loading=\"lazy\" decoding=\"async\" class=\"attachment-large size-large\" src=\"https:\/\/agenciadenoticias.ms.gov.br\/wp-content\/uploads\/2023\/09\/UEMS-Mundo-Novo-Foto-Alvaro-Rezende-16-1024x683.jpeg\" sizes=\"auto, (max-width: 1024px) 100vw, 1024px\" srcset=\"https:\/\/agenciadenoticias.ms.gov.br\/wp-content\/uploads\/2023\/09\/UEMS-Mundo-Novo-Foto-Alvaro-Rezende-16-1024x683.jpeg 1024w, https:\/\/agenciadenoticias.ms.gov.br\/wp-content\/uploads\/2023\/09\/UEMS-Mundo-Novo-Foto-Alvaro-Rezende-16-300x200.jpeg 300w, https:\/\/agenciadenoticias.ms.gov.br\/wp-content\/uploads\/2023\/09\/UEMS-Mundo-Novo-Foto-Alvaro-Rezende-16-768x512.jpeg 768w, https:\/\/agenciadenoticias.ms.gov.br\/wp-content\/uploads\/2023\/09\/UEMS-Mundo-Novo-Foto-Alvaro-Rezende-16-350x232.jpeg 350w, https:\/\/agenciadenoticias.ms.gov.br\/wp-content\/uploads\/2023\/09\/UEMS-Mundo-Novo-Foto-Alvaro-Rezende-16.jpeg 1500w\" alt=\"\" width=\"1024\" height=\"683\" \/><\/a><\/div>\n<\/figure>\n<figure class=\"gallery-item\">\n<div class=\"gallery-icon landscape\"><a href=\"https:\/\/agenciadenoticias.ms.gov.br\/wp-content\/uploads\/2023\/09\/UEMS-Mundo-Novo-Foto-Alvaro-Rezende-7.jpeg\"><img loading=\"lazy\" decoding=\"async\" class=\"attachment-large size-large\" src=\"https:\/\/agenciadenoticias.ms.gov.br\/wp-content\/uploads\/2023\/09\/UEMS-Mundo-Novo-Foto-Alvaro-Rezende-7-1024x683.jpeg\" sizes=\"auto, (max-width: 1024px) 100vw, 1024px\" srcset=\"https:\/\/agenciadenoticias.ms.gov.br\/wp-content\/uploads\/2023\/09\/UEMS-Mundo-Novo-Foto-Alvaro-Rezende-7-1024x683.jpeg 1024w, https:\/\/agenciadenoticias.ms.gov.br\/wp-content\/uploads\/2023\/09\/UEMS-Mundo-Novo-Foto-Alvaro-Rezende-7-300x200.jpeg 300w, https:\/\/agenciadenoticias.ms.gov.br\/wp-content\/uploads\/2023\/09\/UEMS-Mundo-Novo-Foto-Alvaro-Rezende-7-768x512.jpeg 768w, https:\/\/agenciadenoticias.ms.gov.br\/wp-content\/uploads\/2023\/09\/UEMS-Mundo-Novo-Foto-Alvaro-Rezende-7-350x232.jpeg 350w, https:\/\/agenciadenoticias.ms.gov.br\/wp-content\/uploads\/2023\/09\/UEMS-Mundo-Novo-Foto-Alvaro-Rezende-7.jpeg 1500w\" alt=\"\" width=\"1024\" height=\"683\" \/><\/a><\/div>\n<\/figure>\n<\/div>\n<div id=\"gallery-3\" class=\"gallery galleryid-450491 gallery-columns-5 gallery-size-large\">\n<figure class=\"gallery-item\">\n<div class=\"gallery-icon landscape\"><a href=\"https:\/\/agenciadenoticias.ms.gov.br\/wp-content\/uploads\/2023\/09\/UEMS-Mundo-Novo-Foto-Alvaro-Rezende-4.jpeg\"><img loading=\"lazy\" decoding=\"async\" class=\"attachment-large size-large\" src=\"https:\/\/agenciadenoticias.ms.gov.br\/wp-content\/uploads\/2023\/09\/UEMS-Mundo-Novo-Foto-Alvaro-Rezende-4-1024x683.jpeg\" sizes=\"auto, (max-width: 1024px) 100vw, 1024px\" srcset=\"https:\/\/agenciadenoticias.ms.gov.br\/wp-content\/uploads\/2023\/09\/UEMS-Mundo-Novo-Foto-Alvaro-Rezende-4-1024x683.jpeg 1024w, https:\/\/agenciadenoticias.ms.gov.br\/wp-content\/uploads\/2023\/09\/UEMS-Mundo-Novo-Foto-Alvaro-Rezende-4-300x200.jpeg 300w, https:\/\/agenciadenoticias.ms.gov.br\/wp-content\/uploads\/2023\/09\/UEMS-Mundo-Novo-Foto-Alvaro-Rezende-4-768x512.jpeg 768w, https:\/\/agenciadenoticias.ms.gov.br\/wp-content\/uploads\/2023\/09\/UEMS-Mundo-Novo-Foto-Alvaro-Rezende-4-350x232.jpeg 350w, https:\/\/agenciadenoticias.ms.gov.br\/wp-content\/uploads\/2023\/09\/UEMS-Mundo-Novo-Foto-Alvaro-Rezende-4.jpeg 1500w\" alt=\"\" width=\"1024\" height=\"683\" \/><\/a><\/div>\n<\/figure>\n<figure class=\"gallery-item\">\n<div class=\"gallery-icon landscape\"><a href=\"https:\/\/agenciadenoticias.ms.gov.br\/wp-content\/uploads\/2023\/09\/UEMS-Mundo-Novo-Foto-Alvaro-Rezende-24.jpeg\"><img loading=\"lazy\" decoding=\"async\" class=\"attachment-large size-large\" src=\"https:\/\/agenciadenoticias.ms.gov.br\/wp-content\/uploads\/2023\/09\/UEMS-Mundo-Novo-Foto-Alvaro-Rezende-24-1024x683.jpeg\" sizes=\"auto, (max-width: 1024px) 100vw, 1024px\" srcset=\"https:\/\/agenciadenoticias.ms.gov.br\/wp-content\/uploads\/2023\/09\/UEMS-Mundo-Novo-Foto-Alvaro-Rezende-24-1024x683.jpeg 1024w, https:\/\/agenciadenoticias.ms.gov.br\/wp-content\/uploads\/2023\/09\/UEMS-Mundo-Novo-Foto-Alvaro-Rezende-24-300x200.jpeg 300w, https:\/\/agenciadenoticias.ms.gov.br\/wp-content\/uploads\/2023\/09\/UEMS-Mundo-Novo-Foto-Alvaro-Rezende-24-768x512.jpeg 768w, https:\/\/agenciadenoticias.ms.gov.br\/wp-content\/uploads\/2023\/09\/UEMS-Mundo-Novo-Foto-Alvaro-Rezende-24-1536x1024.jpeg 1536w, https:\/\/agenciadenoticias.ms.gov.br\/wp-content\/uploads\/2023\/09\/UEMS-Mundo-Novo-Foto-Alvaro-Rezende-24-350x232.jpeg 350w, https:\/\/agenciadenoticias.ms.gov.br\/wp-content\/uploads\/2023\/09\/UEMS-Mundo-Novo-Foto-Alvaro-Rezende-24.jpeg 1600w\" alt=\"\" width=\"1024\" height=\"683\" \/><\/a><\/div>\n<\/figure>\n<figure class=\"gallery-item\">\n<div class=\"gallery-icon landscape\"><a href=\"https:\/\/agenciadenoticias.ms.gov.br\/wp-content\/uploads\/2023\/09\/UEMS-Mundo-Novo-Foto-Alvaro-Rezende-23.jpeg\"><img loading=\"lazy\" decoding=\"async\" class=\"attachment-large size-large\" src=\"https:\/\/agenciadenoticias.ms.gov.br\/wp-content\/uploads\/2023\/09\/UEMS-Mundo-Novo-Foto-Alvaro-Rezende-23-1024x726.jpeg\" sizes=\"auto, (max-width: 1024px) 100vw, 1024px\" srcset=\"https:\/\/agenciadenoticias.ms.gov.br\/wp-content\/uploads\/2023\/09\/UEMS-Mundo-Novo-Foto-Alvaro-Rezende-23-1024x726.jpeg 1024w, https:\/\/agenciadenoticias.ms.gov.br\/wp-content\/uploads\/2023\/09\/UEMS-Mundo-Novo-Foto-Alvaro-Rezende-23-300x213.jpeg 300w, https:\/\/agenciadenoticias.ms.gov.br\/wp-content\/uploads\/2023\/09\/UEMS-Mundo-Novo-Foto-Alvaro-Rezende-23-768x545.jpeg 768w, https:\/\/agenciadenoticias.ms.gov.br\/wp-content\/uploads\/2023\/09\/UEMS-Mundo-Novo-Foto-Alvaro-Rezende-23-1536x1090.jpeg 1536w, https:\/\/agenciadenoticias.ms.gov.br\/wp-content\/uploads\/2023\/09\/UEMS-Mundo-Novo-Foto-Alvaro-Rezende-23-338x240.jpeg 338w, https:\/\/agenciadenoticias.ms.gov.br\/wp-content\/uploads\/2023\/09\/UEMS-Mundo-Novo-Foto-Alvaro-Rezende-23.jpeg 1600w\" alt=\"\" width=\"1024\" height=\"726\" \/><\/a><\/div>\n<\/figure>\n<figure class=\"gallery-item\">\n<div class=\"gallery-icon landscape\"><a href=\"https:\/\/agenciadenoticias.ms.gov.br\/wp-content\/uploads\/2023\/09\/UEMS-Mundo-Novo-Foto-Alvaro-Rezende-27.jpeg\"><img loading=\"lazy\" decoding=\"async\" class=\"attachment-large size-large\" src=\"https:\/\/agenciadenoticias.ms.gov.br\/wp-content\/uploads\/2023\/09\/UEMS-Mundo-Novo-Foto-Alvaro-Rezende-27-1024x675.jpeg\" sizes=\"auto, (max-width: 1024px) 100vw, 1024px\" srcset=\"https:\/\/agenciadenoticias.ms.gov.br\/wp-content\/uploads\/2023\/09\/UEMS-Mundo-Novo-Foto-Alvaro-Rezende-27-1024x675.jpeg 1024w, https:\/\/agenciadenoticias.ms.gov.br\/wp-content\/uploads\/2023\/09\/UEMS-Mundo-Novo-Foto-Alvaro-Rezende-27-300x198.jpeg 300w, https:\/\/agenciadenoticias.ms.gov.br\/wp-content\/uploads\/2023\/09\/UEMS-Mundo-Novo-Foto-Alvaro-Rezende-27-768x506.jpeg 768w, https:\/\/agenciadenoticias.ms.gov.br\/wp-content\/uploads\/2023\/09\/UEMS-Mundo-Novo-Foto-Alvaro-Rezende-27-1536x1013.jpeg 1536w, https:\/\/agenciadenoticias.ms.gov.br\/wp-content\/uploads\/2023\/09\/UEMS-Mundo-Novo-Foto-Alvaro-Rezende-27-730x480.jpeg 730w, https:\/\/agenciadenoticias.ms.gov.br\/wp-content\/uploads\/2023\/09\/UEMS-Mundo-Novo-Foto-Alvaro-Rezende-27-350x232.jpeg 350w, https:\/\/agenciadenoticias.ms.gov.br\/wp-content\/uploads\/2023\/09\/UEMS-Mundo-Novo-Foto-Alvaro-Rezende-27.jpeg 1600w\" alt=\"\" width=\"1024\" height=\"675\" \/><\/a><\/div>\n<\/figure>\n<figure class=\"gallery-item\">\n<div class=\"gallery-icon landscape\"><a href=\"https:\/\/agenciadenoticias.ms.gov.br\/wp-content\/uploads\/2023\/09\/UEMS-Mundo-Novo-Foto-Alvaro-Rezende-17.jpeg\"><img loading=\"lazy\" decoding=\"async\" class=\"attachment-large size-large\" src=\"https:\/\/agenciadenoticias.ms.gov.br\/wp-content\/uploads\/2023\/09\/UEMS-Mundo-Novo-Foto-Alvaro-Rezende-17-1024x683.jpeg\" sizes=\"auto, (max-width: 1024px) 100vw, 1024px\" srcset=\"https:\/\/agenciadenoticias.ms.gov.br\/wp-content\/uploads\/2023\/09\/UEMS-Mundo-Novo-Foto-Alvaro-Rezende-17-1024x683.jpeg 1024w, https:\/\/agenciadenoticias.ms.gov.br\/wp-content\/uploads\/2023\/09\/UEMS-Mundo-Novo-Foto-Alvaro-Rezende-17-300x200.jpeg 300w, https:\/\/agenciadenoticias.ms.gov.br\/wp-content\/uploads\/2023\/09\/UEMS-Mundo-Novo-Foto-Alvaro-Rezende-17-768x512.jpeg 768w, https:\/\/agenciadenoticias.ms.gov.br\/wp-content\/uploads\/2023\/09\/UEMS-Mundo-Novo-Foto-Alvaro-Rezende-17-350x232.jpeg 350w, https:\/\/agenciadenoticias.ms.gov.br\/wp-content\/uploads\/2023\/09\/UEMS-Mundo-Novo-Foto-Alvaro-Rezende-17.jpeg 1500w\" alt=\"\" width=\"1024\" height=\"683\" \/><\/a><\/div>\n<\/figure>\n<\/div>\n<p><strong>Parque Anal\u00edtico e Herb\u00e1rio Ernesto Vargas<\/strong><\/p>\n<p>O projeto viabilizar\u00e1 a realiza\u00e7\u00e3o de an\u00e1lisesde rotina f\u00edsicas e qu\u00edmicas para atendimento aos produtores das regi\u00f5es doCone-sul, sul-fronteira do Estado, e tamb\u00e9m das regi\u00f5es Oeste e Noroeste paranaense e parte do Paraguai, al\u00e9m de um herb\u00e1rio paracataloga\u00e7\u00e3o, armazenagem e exposi\u00e7\u00e3o de esp\u00e9cies da flora local, regional, nacional e internacional.<\/p>\n<p>O contexto da parceria fortalece o \u201cProjeto de Manejo e Uso Conservacionista de \u00c1gua e Solo constante do Planejamento Estrat\u00e9gico da Itaipu Binacional\u201d. \u00c9 caracterizado ainda de modo a gerar conhecimento e informa\u00e7\u00f5es cient\u00edficas relevantes, tendo em vista ascaracter\u00edsticas socioeducacionais, econ\u00f4micas e ambientais da regi\u00e3o.<\/p>\n<p>Os investimentos contribuir\u00e3o para o fortalecimento das atividades agropecu\u00e1riasregionais e, ao mesmo tempo, amplia\u00e7\u00e3o dos conhecimentos sobre a biodiversidade regional.<\/p>\n<p>O impacto de atua\u00e7\u00e3o dos espa\u00e7os favorece a melhoria t\u00e9cnica para o agroneg\u00f3cio em geral, al\u00e9m de desenvolver pesquisas nas diversas \u00e1reas e atividades de extens\u00e3o rural voltadas n\u00e3o apenas para a produ\u00e7\u00e3o agr\u00edcola, mas tamb\u00e9m para a preserva\u00e7\u00e3o ambiental, contribuir\u00e1, aolongo dos anos, para a melhoria da qualidade produtiva e conserva\u00e7\u00e3o do solo e, consequentemente das bacias hidrogr\u00e1ficas da regi\u00e3o.<\/p>\n<p>O Herb\u00e1rio Ernesto Vargas Baptista para fins decaracteriza\u00e7\u00e3o da flora regional \u00e9 imprescind\u00edvel para o conhecimento sobre a biodiversidade, compondo infraestrutura b\u00e1sica de suporte para o desenvolvimento cient\u00edfico, produtivo e de inova\u00e7\u00e3o tecnol\u00f3gica, a fim de promover desenvolvimento do agroneg\u00f3cio sustent\u00e1vel e consciente da regi\u00e3o,juntamente ao conhecimento flor\u00edstico regional e, consequentemente, apreserva\u00e7\u00e3o ambiental.<\/p>\n<div id=\"gallery-4\" class=\"gallery galleryid-450491 gallery-columns-2 gallery-size-large\">\n<figure class=\"gallery-item\">\n<div class=\"gallery-icon landscape\"><a href=\"https:\/\/agenciadenoticias.ms.gov.br\/wp-content\/uploads\/2023\/09\/UEMS-Mundo-Novo-Foto-Alvaro-Rezende-20.jpeg\"><img loading=\"lazy\" decoding=\"async\" class=\"attachment-large size-large\" src=\"https:\/\/agenciadenoticias.ms.gov.br\/wp-content\/uploads\/2023\/09\/UEMS-Mundo-Novo-Foto-Alvaro-Rezende-20-1024x683.jpeg\" sizes=\"auto, (max-width: 1024px) 100vw, 1024px\" srcset=\"https:\/\/agenciadenoticias.ms.gov.br\/wp-content\/uploads\/2023\/09\/UEMS-Mundo-Novo-Foto-Alvaro-Rezende-20-1024x683.jpeg 1024w, https:\/\/agenciadenoticias.ms.gov.br\/wp-content\/uploads\/2023\/09\/UEMS-Mundo-Novo-Foto-Alvaro-Rezende-20-300x200.jpeg 300w, https:\/\/agenciadenoticias.ms.gov.br\/wp-content\/uploads\/2023\/09\/UEMS-Mundo-Novo-Foto-Alvaro-Rezende-20-768x512.jpeg 768w, https:\/\/agenciadenoticias.ms.gov.br\/wp-content\/uploads\/2023\/09\/UEMS-Mundo-Novo-Foto-Alvaro-Rezende-20-1536x1024.jpeg 1536w, https:\/\/agenciadenoticias.ms.gov.br\/wp-content\/uploads\/2023\/09\/UEMS-Mundo-Novo-Foto-Alvaro-Rezende-20-350x232.jpeg 350w, https:\/\/agenciadenoticias.ms.gov.br\/wp-content\/uploads\/2023\/09\/UEMS-Mundo-Novo-Foto-Alvaro-Rezende-20.jpeg 1600w\" alt=\"\" width=\"1024\" height=\"683\" \/><\/a><\/div>\n<\/figure>\n<figure class=\"gallery-item\">\n<div class=\"gallery-icon landscape\"><a href=\"https:\/\/agenciadenoticias.ms.gov.br\/wp-content\/uploads\/2023\/09\/UEMS-Mundo-Novo-Foto-Alvaro-Rezende-2.jpeg\"><img loading=\"lazy\" decoding=\"async\" class=\"attachment-large size-large\" src=\"https:\/\/agenciadenoticias.ms.gov.br\/wp-content\/uploads\/2023\/09\/UEMS-Mundo-Novo-Foto-Alvaro-Rezende-2-1024x683.jpeg\" sizes=\"auto, (max-width: 1024px) 100vw, 1024px\" srcset=\"https:\/\/agenciadenoticias.ms.gov.br\/wp-content\/uploads\/2023\/09\/UEMS-Mundo-Novo-Foto-Alvaro-Rezende-2-1024x683.jpeg 1024w, https:\/\/agenciadenoticias.ms.gov.br\/wp-content\/uploads\/2023\/09\/UEMS-Mundo-Novo-Foto-Alvaro-Rezende-2-300x200.jpeg 300w, https:\/\/agenciadenoticias.ms.gov.br\/wp-content\/uploads\/2023\/09\/UEMS-Mundo-Novo-Foto-Alvaro-Rezende-2-768x512.jpeg 768w, https:\/\/agenciadenoticias.ms.gov.br\/wp-content\/uploads\/2023\/09\/UEMS-Mundo-Novo-Foto-Alvaro-Rezende-2-350x232.jpeg 350w, https:\/\/agenciadenoticias.ms.gov.br\/wp-content\/uploads\/2023\/09\/UEMS-Mundo-Novo-Foto-Alvaro-Rezende-2.jpeg 1500w\" alt=\"\" width=\"1024\" height=\"683\" \/><\/a><\/div>\n<\/figure>\n<figure class=\"gallery-item\">\n<div class=\"gallery-icon landscape\"><a href=\"https:\/\/agenciadenoticias.ms.gov.br\/wp-content\/uploads\/2023\/09\/UEMS-Mundo-Novo-Foto-Alvaro-Rezende-22.jpeg\"><img loading=\"lazy\" decoding=\"async\" class=\"attachment-large size-large\" src=\"https:\/\/agenciadenoticias.ms.gov.br\/wp-content\/uploads\/2023\/09\/UEMS-Mundo-Novo-Foto-Alvaro-Rezende-22-1024x683.jpeg\" sizes=\"auto, (max-width: 1024px) 100vw, 1024px\" srcset=\"https:\/\/agenciadenoticias.ms.gov.br\/wp-content\/uploads\/2023\/09\/UEMS-Mundo-Novo-Foto-Alvaro-Rezende-22-1024x683.jpeg 1024w, https:\/\/agenciadenoticias.ms.gov.br\/wp-content\/uploads\/2023\/09\/UEMS-Mundo-Novo-Foto-Alvaro-Rezende-22-300x200.jpeg 300w, https:\/\/agenciadenoticias.ms.gov.br\/wp-content\/uploads\/2023\/09\/UEMS-Mundo-Novo-Foto-Alvaro-Rezende-22-768x512.jpeg 768w, https:\/\/agenciadenoticias.ms.gov.br\/wp-content\/uploads\/2023\/09\/UEMS-Mundo-Novo-Foto-Alvaro-Rezende-22-1536x1024.jpeg 1536w, https:\/\/agenciadenoticias.ms.gov.br\/wp-content\/uploads\/2023\/09\/UEMS-Mundo-Novo-Foto-Alvaro-Rezende-22-350x232.jpeg 350w, https:\/\/agenciadenoticias.ms.gov.br\/wp-content\/uploads\/2023\/09\/UEMS-Mundo-Novo-Foto-Alvaro-Rezende-22.jpeg 1600w\" alt=\"\" width=\"1024\" height=\"683\" \/><\/a><\/div>\n<\/figure>\n<figure class=\"gallery-item\">\n<div class=\"gallery-icon landscape\"><a href=\"https:\/\/agenciadenoticias.ms.gov.br\/wp-content\/uploads\/2023\/09\/UEMS-Mundo-Novo-Foto-Alvaro-Rezende-21.jpeg\"><img loading=\"lazy\" decoding=\"async\" class=\"attachment-large size-large\" src=\"https:\/\/agenciadenoticias.ms.gov.br\/wp-content\/uploads\/2023\/09\/UEMS-Mundo-Novo-Foto-Alvaro-Rezende-21-1024x683.jpeg\" sizes=\"auto, (max-width: 1024px) 100vw, 1024px\" srcset=\"https:\/\/agenciadenoticias.ms.gov.br\/wp-content\/uploads\/2023\/09\/UEMS-Mundo-Novo-Foto-Alvaro-Rezende-21-1024x683.jpeg 1024w, https:\/\/agenciadenoticias.ms.gov.br\/wp-content\/uploads\/2023\/09\/UEMS-Mundo-Novo-Foto-Alvaro-Rezende-21-300x200.jpeg 300w, https:\/\/agenciadenoticias.ms.gov.br\/wp-content\/uploads\/2023\/09\/UEMS-Mundo-Novo-Foto-Alvaro-Rezende-21-768x512.jpeg 768w, https:\/\/agenciadenoticias.ms.gov.br\/wp-content\/uploads\/2023\/09\/UEMS-Mundo-Novo-Foto-Alvaro-Rezende-21-1536x1024.jpeg 1536w, https:\/\/agenciadenoticias.ms.gov.br\/wp-content\/uploads\/2023\/09\/UEMS-Mundo-Novo-Foto-Alvaro-Rezende-21-350x232.jpeg 350w, https:\/\/agenciadenoticias.ms.gov.br\/wp-content\/uploads\/2023\/09\/UEMS-Mundo-Novo-Foto-Alvaro-Rezende-21.jpeg 1600w\" alt=\"\" width=\"1024\" height=\"683\" \/><\/a><\/div>\n<\/figure>\n<\/div>\n<p><em>Natalia Yahn, Comunica\u00e7\u00e3o Governo de MS<br \/>\nFoto: \u00c1lvaro Rezende<\/em><\/p>\n<\/div>\n","protected":false},"excerpt":{"rendered":"<p>Para impulsionar o ensino, pesquisa e extens\u00e3o, o Governo do Estado inaugurou hoje (18), o Laborat\u00f3rio de Fertilidade do Solo em conjunto com o Herb\u00e1rio Ernesto Vargas Baptista, na UEMS (Universidade Estadual de Mato Grosso do Sul), em Mundo Novo. O governador Eduardo Riedel participou da entrega das obras, que\u00a0integram um projeto denominado\u00a0&#8220;Laborat\u00f3rio de Fertilidade [&hellip;]<\/p>\n","protected":false},"author":4,"featured_media":251931,"comment_status":"closed","ping_status":"closed","sticky":false,"template":"","format":"standard","meta":{"footnotes":""},"categories":[37],"tags":[],"class_list":["post-251922","post","type-post","status-publish","format-standard","has-post-thumbnail","hentry","category-politica"],"_links":{"self":[{"href":"https:\/\/www.ocorreionews.com.br\/acervo-correio\/index.php?rest_route=\/wp\/v2\/posts\/251922","targetHints":{"allow":["GET"]}}],"collection":[{"href":"https:\/\/www.ocorreionews.com.br\/acervo-correio\/index.php?rest_route=\/wp\/v2\/posts"}],"about":[{"href":"https:\/\/www.ocorreionews.com.br\/acervo-correio\/index.php?rest_route=\/wp\/v2\/types\/post"}],"author":[{"embeddable":true,"href":"https:\/\/www.ocorreionews.com.br\/acervo-correio\/index.php?rest_route=\/wp\/v2\/users\/4"}],"replies":[{"embeddable":true,"href":"https:\/\/www.ocorreionews.com.br\/acervo-correio\/index.php?rest_route=%2Fwp%2Fv2%2Fcomments&post=251922"}],"version-history":[{"count":1,"href":"https:\/\/www.ocorreionews.com.br\/acervo-correio\/index.php?rest_route=\/wp\/v2\/posts\/251922\/revisions"}],"predecessor-version":[{"id":251932,"href":"https:\/\/www.ocorreionews.com.br\/acervo-correio\/index.php?rest_route=\/wp\/v2\/posts\/251922\/revisions\/251932"}],"wp:featuredmedia":[{"embeddable":true,"href":"https:\/\/www.ocorreionews.com.br\/acervo-correio\/index.php?rest_route=\/wp\/v2\/media\/251931"}],"wp:attachment":[{"href":"https:\/\/www.ocorreionews.com.br\/acervo-correio\/index.php?rest_route=%2Fwp%2Fv2%2Fmedia&parent=251922"}],"wp:term":[{"taxonomy":"category","embeddable":true,"href":"https:\/\/www.ocorreionews.com.br\/acervo-correio\/index.php?rest_route=%2Fwp%2Fv2%2Fcategories&post=251922"},{"taxonomy":"post_tag","embeddable":true,"href":"https:\/\/www.ocorreionews.com.br\/acervo-correio\/index.php?rest_route=%2Fwp%2Fv2%2Ftags&post=251922"}],"curies":[{"name":"wp","href":"https:\/\/api.w.org\/{rel}","templated":true}]}}