{"id":251923,"date":"2023-09-18T14:28:29","date_gmt":"2023-09-18T18:28:29","guid":{"rendered":"https:\/\/www.ocorreionews.com.br\/acervo-correio\/?p=251923"},"modified":"2023-09-18T14:28:29","modified_gmt":"2023-09-18T18:28:29","slug":"homem-surta-e-agredi-esposa-e-filha-em-costa-rica","status":"publish","type":"post","link":"https:\/\/www.ocorreionews.com.br\/acervo-correio\/?p=251923","title":{"rendered":"Homem \u201csurta\u201d e agredi esposa e filha em Costa Rica"},"content":{"rendered":"<p>No final da tarde deste domingo (17), um homem de 36 anos, foi detido ap\u00f3s ficar alterado e come\u00e7ar quebra m\u00f3veis e agredir a esposa e filha em Costa Rica.<\/p>\n<p>Segundo informa\u00e7\u00f5es retiradas do Boletim de Ocorr\u00eancia, por volta das 17 horas, foi acionado para comparecer em uma resid\u00eancia na Rua Jose Augusto Coelho, Centro da cidade, para atender uma ocorr\u00eancia de Viol\u00eancia Dom\u00e9stica e seu marido estaria alterado quebrando alguns m\u00f3veis.<\/p>\n<p>Os militares se deslocaram at\u00e9 o local e chegando l\u00e1 a vitima relatou que estava ingerindo bebida alco\u00f3lica com seu marido e neste momento o autor come\u00e7ou a discutir com a vitima por ci\u00fames, ele quebrou uma televis\u00e3o e desferiu socos na cabe\u00e7a dela, ainda a arrastou ela at\u00e9 o quintal, a filha do casal uma adolescente de 14 anos tentou cessar as agress\u00f5es, por\u00e9m foi empurrada pelo autor.<\/p>\n<p>Os envolvidos foram encaminhados para a Delegacia de Policia para as providencias cab\u00edveis.<\/p>\n<p>&nbsp;<\/p>\n<p>&nbsp;<\/p>\n<p>*<em>O Correio News, com informa\u00e7\u00f5es da Assessoria da Pol\u00edcia MIilitar\u00a0<\/em><\/p>\n","protected":false},"excerpt":{"rendered":"<p>No final da tarde deste domingo (17), um homem de 36 anos, foi detido ap\u00f3s ficar alterado e come\u00e7ar quebra m\u00f3veis e agredir a esposa e filha em Costa Rica. Segundo informa\u00e7\u00f5es retiradas do Boletim de Ocorr\u00eancia, por volta das 17 horas, foi acionado para comparecer em uma resid\u00eancia na Rua Jose Augusto Coelho, Centro [&hellip;]<\/p>\n","protected":false},"author":5,"featured_media":230506,"comment_status":"closed","ping_status":"closed","sticky":false,"template":"","format":"standard","meta":{"footnotes":""},"categories":[25,38],"tags":[],"class_list":["post-251923","post","type-post","status-publish","format-standard","has-post-thumbnail","hentry","category-costa-rica","category-policia"],"_links":{"self":[{"href":"https:\/\/www.ocorreionews.com.br\/acervo-correio\/index.php?rest_route=\/wp\/v2\/posts\/251923","targetHints":{"allow":["GET"]}}],"collection":[{"href":"https:\/\/www.ocorreionews.com.br\/acervo-correio\/index.php?rest_route=\/wp\/v2\/posts"}],"about":[{"href":"https:\/\/www.ocorreionews.com.br\/acervo-correio\/index.php?rest_route=\/wp\/v2\/types\/post"}],"author":[{"embeddable":true,"href":"https:\/\/www.ocorreionews.com.br\/acervo-correio\/index.php?rest_route=\/wp\/v2\/users\/5"}],"replies":[{"embeddable":true,"href":"https:\/\/www.ocorreionews.com.br\/acervo-correio\/index.php?rest_route=%2Fwp%2Fv2%2Fcomments&post=251923"}],"version-history":[{"count":1,"href":"https:\/\/www.ocorreionews.com.br\/acervo-correio\/index.php?rest_route=\/wp\/v2\/posts\/251923\/revisions"}],"predecessor-version":[{"id":251925,"href":"https:\/\/www.ocorreionews.com.br\/acervo-correio\/index.php?rest_route=\/wp\/v2\/posts\/251923\/revisions\/251925"}],"wp:featuredmedia":[{"embeddable":true,"href":"https:\/\/www.ocorreionews.com.br\/acervo-correio\/index.php?rest_route=\/wp\/v2\/media\/230506"}],"wp:attachment":[{"href":"https:\/\/www.ocorreionews.com.br\/acervo-correio\/index.php?rest_route=%2Fwp%2Fv2%2Fmedia&parent=251923"}],"wp:term":[{"taxonomy":"category","embeddable":true,"href":"https:\/\/www.ocorreionews.com.br\/acervo-correio\/index.php?rest_route=%2Fwp%2Fv2%2Fcategories&post=251923"},{"taxonomy":"post_tag","embeddable":true,"href":"https:\/\/www.ocorreionews.com.br\/acervo-correio\/index.php?rest_route=%2Fwp%2Fv2%2Ftags&post=251923"}],"curies":[{"name":"wp","href":"https:\/\/api.w.org\/{rel}","templated":true}]}}