{"id":251930,"date":"2023-09-18T16:11:54","date_gmt":"2023-09-18T20:11:54","guid":{"rendered":"https:\/\/www.ocorreionews.com.br\/acervo-correio\/?p=251930"},"modified":"2023-09-18T16:11:54","modified_gmt":"2023-09-18T20:11:54","slug":"motorista-embriagada-e-presa-ao-colidir-na-traseira-de-onibus-em-costa-rica","status":"publish","type":"post","link":"https:\/\/www.ocorreionews.com.br\/acervo-correio\/?p=251930","title":{"rendered":"Motorista embriagada \u00e9 presa ao colidir na traseira de \u00f4nibus em Costa Rica"},"content":{"rendered":"<p>Na tarde desta domingo (17), uma jovem de 23 anos foi detida em Costa Rica, ap\u00f3s colidir com seu ve\u00edculo na traseira de um \u00f4nibus, e ser constatada que ela estava embriagada e sem permiss\u00e3o para dirigir.<\/p>\n<p>De acordo com informa\u00e7\u00f5es do Boletim de Ocorr\u00eancia, por volta das 14 horas, a Pol\u00edcia Militar de Costa Rica foi acionada para atender uma ocorr\u00eancia de acidente de transito na Avenida Jose Ferreira Da Costa, Centro da cidade.<\/p>\n<p>Chegando no local, o militares constataram que havia os dois ve\u00edculos danificados.<\/p>\n<p>Segundo relado do condutor do \u00f4nibus, ele transitava pela Av. Jose Ferreira da Costa quando reduziu a velocidade do seu ve\u00edculo para passar por um \u201cquebra-molas\u201d, quando sentiu que algo havia colidido com a traseira do \u00f4nibus, e se tratava de um ve\u00edculo VW Gol de cor vermelha.<\/p>\n<p>A jovem que conduzia o ve\u00edculo de passeio precisou ser socorrida a Funda\u00e7\u00e3o Hospitalar.<\/p>\n<p>Os policiais em checagem nos ve\u00edculos envolvidos verificaram que o licenciamento do veiculo Gol estava vencido e a jovem n\u00e3o possui CNH. No Hospital foi constatado que a autora estava exalando forte odor et\u00edlico e ainda estava com a fala alterada, olhos vermelhos entre outros fatores, foi realizado o teste de alcoolemia dando positivo para ingest\u00e3o de bebida alco\u00f3lica.<\/p>\n<p>Diante dos fatos o veiculo gol foi removido ao p\u00e1tio do Detran e foi dado voz de pris\u00e3o a autora.<\/p>\n","protected":false},"excerpt":{"rendered":"<p>Na tarde desta domingo (17), uma jovem de 23 anos foi detida em Costa Rica, ap\u00f3s colidir com seu ve\u00edculo na traseira de um \u00f4nibus, e ser constatada que ela estava embriagada e sem permiss\u00e3o para dirigir. De acordo com informa\u00e7\u00f5es do Boletim de Ocorr\u00eancia, por volta das 14 horas, a Pol\u00edcia Militar de Costa [&hellip;]<\/p>\n","protected":false},"author":5,"featured_media":228558,"comment_status":"closed","ping_status":"closed","sticky":false,"template":"","format":"standard","meta":{"footnotes":""},"categories":[25],"tags":[],"class_list":["post-251930","post","type-post","status-publish","format-standard","has-post-thumbnail","hentry","category-costa-rica"],"_links":{"self":[{"href":"https:\/\/www.ocorreionews.com.br\/acervo-correio\/index.php?rest_route=\/wp\/v2\/posts\/251930","targetHints":{"allow":["GET"]}}],"collection":[{"href":"https:\/\/www.ocorreionews.com.br\/acervo-correio\/index.php?rest_route=\/wp\/v2\/posts"}],"about":[{"href":"https:\/\/www.ocorreionews.com.br\/acervo-correio\/index.php?rest_route=\/wp\/v2\/types\/post"}],"author":[{"embeddable":true,"href":"https:\/\/www.ocorreionews.com.br\/acervo-correio\/index.php?rest_route=\/wp\/v2\/users\/5"}],"replies":[{"embeddable":true,"href":"https:\/\/www.ocorreionews.com.br\/acervo-correio\/index.php?rest_route=%2Fwp%2Fv2%2Fcomments&post=251930"}],"version-history":[{"count":2,"href":"https:\/\/www.ocorreionews.com.br\/acervo-correio\/index.php?rest_route=\/wp\/v2\/posts\/251930\/revisions"}],"predecessor-version":[{"id":251946,"href":"https:\/\/www.ocorreionews.com.br\/acervo-correio\/index.php?rest_route=\/wp\/v2\/posts\/251930\/revisions\/251946"}],"wp:featuredmedia":[{"embeddable":true,"href":"https:\/\/www.ocorreionews.com.br\/acervo-correio\/index.php?rest_route=\/wp\/v2\/media\/228558"}],"wp:attachment":[{"href":"https:\/\/www.ocorreionews.com.br\/acervo-correio\/index.php?rest_route=%2Fwp%2Fv2%2Fmedia&parent=251930"}],"wp:term":[{"taxonomy":"category","embeddable":true,"href":"https:\/\/www.ocorreionews.com.br\/acervo-correio\/index.php?rest_route=%2Fwp%2Fv2%2Fcategories&post=251930"},{"taxonomy":"post_tag","embeddable":true,"href":"https:\/\/www.ocorreionews.com.br\/acervo-correio\/index.php?rest_route=%2Fwp%2Fv2%2Ftags&post=251930"}],"curies":[{"name":"wp","href":"https:\/\/api.w.org\/{rel}","templated":true}]}}